{"id":64356,"date":"2017-02-01T19:09:37","date_gmt":"2017-02-01T18:09:37","guid":{"rendered":"https:\/\/www.freiburg-schwarzwald.de\/blog\/?p=64356"},"modified":"2017-02-01T19:10:08","modified_gmt":"2017-02-01T18:10:08","slug":"arbeitslos-jugend-und-migrant","status":"publish","type":"post","link":"https:\/\/www.freiburg-schwarzwald.de\/blog\/arbeitslos-jugend-und-migrant\/","title":{"rendered":"Arbeitslos &#8211; Jugend und Migrant"},"content":{"rendered":"<p><a title=\"Jugendarbeitslosigkeit\" href=\"https:\/\/www.freiburg-schwarzwald.de\/blog\/selbsthilfe\/soziales\/arbeit\/jugendarbeitslosigkeit\/\">Jugendarbeitslosigkeit<\/a> und <a title=\"Willkommenskultur\" href=\"https:\/\/www.freiburg-schwarzwald.de\/blog\/global\/integration\/willkommenskultur\/\">Masseneinwanderung<\/a> &#8211; solange diese beiden katastrophalen Mi\u00dfst\u00e4nde nicht beseitigt sind, erscheinen alle Aktivit\u00e4ten der <a title=\"EU\" href=\"https:\/\/www.freiburg-schwarzwald.de\/blog\/global\/eu\/\">EU<\/a> (wie Gurkenl\u00e4nge und Akkustecker) als Peanuts. Die existenziellen <a title=\"Euro\" href=\"https:\/\/www.freiburg-schwarzwald.de\/blog\/global\/eu\/euro\/\">Probleme Europas<\/a> bleiben ungel\u00f6st, w\u00e4hrend man sich in Br\u00fcssel wie Strasbourg gut dotiert mit Lappalien besch\u00e4ftigt.\u00a0Kein Industriestaatenbund der Erde au\u00dfer die EU erlaubt sich, <!--more-->\u00fcber die H\u00e4lfte der eigenen Jugend in Arbeitslosigkeit bzw. prek\u00e4rer Jugendarbeit aufwachsen zu lassen. Gegen diesen Skandal helfen auch keine gesch\u00f6nten Statistiken wie: In einer Region Siziliens sei die Jugendarbeitslosigkeit von 46,5% auf &#8222;nur&#8220; 38% gesunken.<br \/>\nIn eine durch Jugendarbeitslosigkeit gepr\u00e4gte Europ\u00e4ische Union k\u00f6nnen auch die \u00e4lteren B\u00fcrger Europas kein Vertrauen haben.<br \/>\nKein Staat der Erde au\u00dfer <a title=\"Deutschland\" href=\"https:\/\/www.freiburg-schwarzwald.de\/blog\/global\/deutschland\/\">Deutschland<\/a> l\u00e4\u00dft unbegrenzt junge M\u00e4nner ohne Ausweise ins Land, in dem Wissen, dass diese nach Ablehnung des Asylgesuchs auf unbegrenzte Zeit hier bleiben k\u00f6nnen und alimentiert werden, da eine Abschiebung nicht m\u00f6glich ist. Die anhaltende Massenmigration (85% junger Muslime, davon 75% funktionale Analphabeten) zerst\u00f6rt den Sozialstaat und die <a title=\"Frauen-Freiheit\" href=\"https:\/\/www.freiburg-schwarzwald.de\/blog\/selbsthilfe\/frauen\/frauen-freiheit\/\">Alltagsfreiheit der Frauen<\/a>.<br \/>\nDeutschland als Financier der EU und als Initiator der weder durch deutsches wie EU-Recht legitimierten Massenimmigration seit <a title=\"Budapest-Dublin2015\" href=\"https:\/\/www.freiburg-schwarzwald.de\/blog\/global\/eu\/budapest-dublin2015\/\">Budapest 9\/2015<\/a> tr\u00e4gt die Hauptschuld an der europ\u00e4ischen Misere: Trotz gigantischer Arbeitslosigkeit der eigenen europ\u00e4ischen Jugend (keine Analphabeten) holt <a title=\"Merkel-muss-weg\" href=\"https:\/\/www.freiburg-schwarzwald.de\/blog\/engagement\/zukunft\/demokratie\/merkel-muss-weg\/\">Merkel<\/a> massenweise junge M\u00e4nner aus islamischen L\u00e4ndern (zu 75% funktionale Analphabeten) \u00fcber offene Grenzen ins Land.<br \/>\n.<br \/>\nWer sich gegen grenzenlose Masseneinwanderung wendet, wird als Demokratiefeind bezeichnet bis hin zum Nazi. Die GroKo mitsamt Mainstream-Medien betreiben die Zerst\u00f6rung unserer <a title=\"Diskussionskultur\" href=\"https:\/\/www.freiburg-schwarzwald.de\/blog\/kultur\/medien\/diskussionskultur\/\">Diskussionskultur<\/a> durch eine absichtliche, falsche <a title=\"Diskussionskultur\" href=\"https:\/\/www.freiburg-schwarzwald.de\/blog\/kultur\/medien\/diskussionskultur\/\">Dichotomisierung<\/a> (Zweiteilung): bei der Diskussion tut der Gutmensch so, also g\u00e4be es nur zwei Pole bzw. Optionen, obwohl er um viele relevante Alternativen wei\u00df. Der Gegenpol wird als Pappkamerad in die Debatte eingebracht. Also entweder Unbegrenzte Migration (UM) oder Angst, UM oder Fremdenhass, UM oder Postfaktischer, UM oder Nazi, UM oder Egoist, UM oder Abschottung, UM oder Islamophobie usw.. Der bevorzugte Pappkamerad ist und bleibt der <a title=\"Nazi\" href=\"https:\/\/www.freiburg-schwarzwald.de\/blog\/religion\/juden\/nazi\/\">Nazi<\/a>.<br \/>\n1.2.2017<br \/>\n.<br \/>\n<strong>Merkel\u2019s destruktive Fluchtanreize<\/strong><br \/>\nWir besch\u00e4ftigen in unserer Familie ein Au pair aus Madagaskar, ganz legal \u00fcber eine gro\u00dfe (nicht-Internet) Agentur eingeladen und mit Pass, Visum und Arbeitserlaubnis eingereist. Diese junge Frau erz\u00e4hlte mir letzte Woche von den Fernsehbildern und Nachrichten, die im deutschen Herbst 2015 \u00fcber die afrikanischen Bildschirme flimmerten: dass Deutschland seine Grenze f\u00fcr ALLE aufgemacht hatte, die kommen wollten, von den Massen an Afrikaner und Arabern, die t\u00e4glich einfach so nach Deutschland kamen und hysterisch jubelnd empfangen und mit allem versorgt wurden, einschlie\u00dflich Bargeld, von der \u201cWillkommenskultur\u201d.<br \/>\nNat\u00fcrlich kein Wort dar\u00fcber, dass all das rechtswidrig war und schon damals massiven Widerstand bei Pack, besorgten B\u00fcrgern, Dunkeldeutschen und Nazis hervorrief. Nein, Deutschland freute sich auf weltweite Armutseinwanderung, DAS war die nicht hinterfragte Botschaft.<br \/>\nUnd die Familie unseres madagassischen Au pairs \u00fcberlegte, Haus, Jobs, Studium und Heimat dort aufzugeben und sich auch auf die \u201cFlucht\u201d zu begeben. Hat sie dann doch nicht. So viel zum Thema \u201cFl\u00fcchtlinge\u201d und \u201cFlucht\u201danreize aus allererster Hand.<br \/>\nDen Schaden, den Merkel mit ihren d\u00fcmmlichen Selfies und den <a title=\"Kontrollierte-Grenzen\" href=\"https:\/\/www.freiburg-schwarzwald.de\/blog\/global\/migration\/kontrollierte-grenzen\/\">weit ge\u00f6ffneten Grenzen<\/a> anrichtete, kostete dem deutschen Steuerzahler im letzten Jahr runde 22 Mrd. Euro. Deutsche Interesse sind dieser Merkel egal, es geht nur um ihr Ego.<br \/>\n26.1.2017, Fanno Br\u00f6mmer, AO<\/p>\n","protected":false},"excerpt":{"rendered":"<p>Jugendarbeitslosigkeit und Masseneinwanderung &#8211; solange diese beiden katastrophalen Mi\u00dfst\u00e4nde nicht beseitigt sind, erscheinen alle Aktivit\u00e4ten der EU (wie Gurkenl\u00e4nge und Akkustecker) als Peanuts. Die existenziellen Probleme Europas bleiben ungel\u00f6st, w\u00e4hrend man sich in Br\u00fcssel wie Strasbourg gut dotiert mit Lappalien &hellip; <a href=\"https:\/\/www.freiburg-schwarzwald.de\/blog\/arbeitslos-jugend-und-migrant\/\">Weiterlesen <span class=\"meta-nav\">&rarr;<\/span><\/a><\/p>\n","protected":false},"author":2,"featured_media":0,"comment_status":"open","ping_status":"closed","sticky":false,"template":"","format":"standard","meta":{"footnotes":""},"categories":[1],"tags":[],"class_list":["post-64356","post","type-post","status-publish","format-standard","hentry","category-allgemein"],"_links":{"self":[{"href":"https:\/\/www.freiburg-schwarzwald.de\/blog\/wp-json\/wp\/v2\/posts\/64356","targetHints":{"allow":["GET"]}}],"collection":[{"href":"https:\/\/www.freiburg-schwarzwald.de\/blog\/wp-json\/wp\/v2\/posts"}],"about":[{"href":"https:\/\/www.freiburg-schwarzwald.de\/blog\/wp-json\/wp\/v2\/types\/post"}],"author":[{"embeddable":true,"href":"https:\/\/www.freiburg-schwarzwald.de\/blog\/wp-json\/wp\/v2\/users\/2"}],"replies":[{"embeddable":true,"href":"https:\/\/www.freiburg-schwarzwald.de\/blog\/wp-json\/wp\/v2\/comments?post=64356"}],"version-history":[{"count":0,"href":"https:\/\/www.freiburg-schwarzwald.de\/blog\/wp-json\/wp\/v2\/posts\/64356\/revisions"}],"wp:attachment":[{"href":"https:\/\/www.freiburg-schwarzwald.de\/blog\/wp-json\/wp\/v2\/media?parent=64356"}],"wp:term":[{"taxonomy":"category","embeddable":true,"href":"https:\/\/www.freiburg-schwarzwald.de\/blog\/wp-json\/wp\/v2\/categories?post=64356"},{"taxonomy":"post_tag","embeddable":true,"href":"https:\/\/www.freiburg-schwarzwald.de\/blog\/wp-json\/wp\/v2\/tags?post=64356"}],"curies":[{"name":"wp","href":"https:\/\/api.w.org\/{rel}","templated":true}]}}