{"id":64267,"date":"2017-01-22T16:46:10","date_gmt":"2017-01-22T15:46:10","guid":{"rendered":"https:\/\/www.freiburg-schwarzwald.de\/blog\/?p=64267"},"modified":"2017-01-22T16:49:09","modified_gmt":"2017-01-22T15:49:09","slug":"arbeitslosigkeit-der-eu-jugend","status":"publish","type":"post","link":"https:\/\/www.freiburg-schwarzwald.de\/blog\/arbeitslosigkeit-der-eu-jugend\/","title":{"rendered":"Arbeitslosigkeit der EU-Jugend"},"content":{"rendered":"<p>Die <a title=\"Jugendarbeitslosigkeit\" href=\"https:\/\/www.freiburg-schwarzwald.de\/blog\/selbsthilfe\/soziales\/arbeit\/jugendarbeitslosigkeit\/\">Jugendarbeitslosigkeit<\/a> in der <a title=\"EU\" href=\"https:\/\/www.freiburg-schwarzwald.de\/blog\/global\/eu\/\">EU<\/a> (S\u00fcdfrankreich, S\u00fcditalien, <a title=\"Spanien\" href=\"https:\/\/www.freiburg-schwarzwald.de\/blog\/global\/spanien\/\">Spanien<\/a>, Portugal) ist mit z.T. fast 50% auf einem historischem H\u00f6chststand &#8211; der deutsche Haushalts\u00fcberschu\u00df in 2016 mit 6,2 Mrd Euro ebenfalls. Warum diese 6,2 Mrd nicht in einen &#8222;Mashallplan&#8220; einbringen, um die &#8222;<a title=\"5 Mio junge Arbeitslose in EU\" href=\"https:\/\/www.freiburg-schwarzwald.de\/blog\/5-mio-junge-arbeitslose-in-eu\/\">Schande der EU<\/a>&#8222;, fast jeden <a title=\"Jugendarbeitslosigkeit Schande\" href=\"https:\/\/www.freiburg-schwarzwald.de\/blog\/jugendarbeitslosigkeit-schande\/\">zweiten Jugendlichen<\/a> in den S\u00fcdl\u00e4ndern Europas ohne <a title=\"Arbeit\" href=\"https:\/\/www.freiburg-schwarzwald.de\/blog\/selbsthilfe\/soziales\/arbeit\/\">Arbeit<\/a> und <a title=\"Jugend\" href=\"https:\/\/www.freiburg-schwarzwald.de\/blog\/selbsthilfe\/jugend\/\">Perspektive<\/a> heranwachsen zu lassen, endlich <a title=\"EU der Jugendarbeitslosigkeit\" href=\"https:\/\/www.freiburg-schwarzwald.de\/blog\/eu-der-jugendarbeitslosigkeit\/\">auszumerzen<\/a>.<\/p>\n<p><!--more-->Wozu k\u00f6nnten die deutschen Rekordeinnahmen von 2016 verwendet werden:<br \/>\n(1) Schuldentilgung (ein Vorschlag von Finanzminister Sch\u00e4uble)<br \/>\n(2) Milit\u00e4rausgaben auf 2% des Sozialprodukts erh\u00f6hen (Forderung von USA und Nato))<br \/>\n(3) <a title=\"Forschung\" href=\"https:\/\/www.freiburg-schwarzwald.de\/blog\/bildung\/forschung\/\">Forschung<\/a> massiv f\u00f6rdern (Deutschland als Exportland hat nur einen einzigen Rohstoff: Bildung)<br \/>\n(4) Notprogramm zur Bek\u00e4mpfung der Arbeitslosigkeit von jungen Menschen in den europ\u00e4ischen S\u00fcdstaaten.<br \/>\n(5) Finanzierung von <a title=\"Migration-Maenner\" href=\"https:\/\/www.freiburg-schwarzwald.de\/blog\/global\/migration\/migration-maenner\/\">Fl\u00fcchtlingen<\/a> von bislang 13 Mrd Euro erh\u00f6hen (<a title=\"Grenzen\" href=\"https:\/\/www.freiburg-schwarzwald.de\/blog\/global\/eu\/grenzen\/\">offene Grenzen<\/a> ziehen an)<\/p>\n<p>Meine Prognose: Die M\u00f6glichkeit (5) wird realisiert. Die Fl\u00fcchtlingskosten werden die 6,2 Mrd Euro verschlingen &#8211; der <a title=\"Gesinnungsethik\" href=\"https:\/\/www.freiburg-schwarzwald.de\/blog\/engagement\/zukunft\/demokratie\/gesinnungsethik\/\">Gesinnungsethik<\/a> von Kanzlerin Merkel, dem <a title=\"Familiennachzug\" href=\"https:\/\/www.freiburg-schwarzwald.de\/blog\/global\/migration\/familiennachzug\/\">Familiennachzug<\/a> und der zum Scheitern verurteilten <a title=\"Integration\" href=\"https:\/\/www.freiburg-schwarzwald.de\/blog\/global\/integration\/\">Integration<\/a> sei Dank.<br \/>\nFahren Sie doch mal nach Sizilien, nach Neapel oder in die Algarve. Und erleben Sie, dass dort heute jeder zweite Jugendliche ohne Job, Ausbildungsplatz\u00a0bzw. geregelte Arbeit herumh\u00e4ngt. In einer doch so reichen EU. In einer EU, die <a title=\"Merkel-muss-weg\" href=\"https:\/\/www.freiburg-schwarzwald.de\/blog\/engagement\/zukunft\/demokratie\/merkel-muss-weg\/\">Angela Merkel<\/a> seit <a title=\"Budapest-Dublin2015\" href=\"https:\/\/www.freiburg-schwarzwald.de\/blog\/global\/eu\/budapest-dublin2015\/\">Budapest 9\/2015<\/a> mit 1,7 Mio Migranten (plus ca 500.000 Untergetauchte) geflutet hat, die sich gro\u00dfenteils nicht integrieren wollen bzw. k\u00f6nnen (funktionale Analphabeten, Sozialisation, Kultur, Religion, &#8230;).<\/p>\n<p>Eine EU, die ihre eigene Jugend vergi\u00dft, ist nicht glaubhaft und hat keine Zukunft.<br \/>\n22.1.2017<\/p>\n","protected":false},"excerpt":{"rendered":"<p>Die Jugendarbeitslosigkeit in der EU (S\u00fcdfrankreich, S\u00fcditalien, Spanien, Portugal) ist mit z.T. fast 50% auf einem historischem H\u00f6chststand &#8211; der deutsche Haushalts\u00fcberschu\u00df in 2016 mit 6,2 Mrd Euro ebenfalls. Warum diese 6,2 Mrd nicht in einen &#8222;Mashallplan&#8220; einbringen, um die &hellip; <a href=\"https:\/\/www.freiburg-schwarzwald.de\/blog\/arbeitslosigkeit-der-eu-jugend\/\">Weiterlesen <span class=\"meta-nav\">&rarr;<\/span><\/a><\/p>\n","protected":false},"author":2,"featured_media":0,"comment_status":"open","ping_status":"closed","sticky":false,"template":"","format":"standard","meta":{"footnotes":""},"categories":[425,36,195,22,60],"tags":[382,489,372,577,426,568,388],"class_list":["post-64267","post","type-post","status-publish","format-standard","hentry","category-duale-bildung","category-engagement","category-eu","category-handwerk","category-jugend","tag-arbeit-working","tag-european-union","tag-euro","tag-hilfe-2","tag-job","tag-jugend-2","tag-social"],"_links":{"self":[{"href":"https:\/\/www.freiburg-schwarzwald.de\/blog\/wp-json\/wp\/v2\/posts\/64267","targetHints":{"allow":["GET"]}}],"collection":[{"href":"https:\/\/www.freiburg-schwarzwald.de\/blog\/wp-json\/wp\/v2\/posts"}],"about":[{"href":"https:\/\/www.freiburg-schwarzwald.de\/blog\/wp-json\/wp\/v2\/types\/post"}],"author":[{"embeddable":true,"href":"https:\/\/www.freiburg-schwarzwald.de\/blog\/wp-json\/wp\/v2\/users\/2"}],"replies":[{"embeddable":true,"href":"https:\/\/www.freiburg-schwarzwald.de\/blog\/wp-json\/wp\/v2\/comments?post=64267"}],"version-history":[{"count":0,"href":"https:\/\/www.freiburg-schwarzwald.de\/blog\/wp-json\/wp\/v2\/posts\/64267\/revisions"}],"wp:attachment":[{"href":"https:\/\/www.freiburg-schwarzwald.de\/blog\/wp-json\/wp\/v2\/media?parent=64267"}],"wp:term":[{"taxonomy":"category","embeddable":true,"href":"https:\/\/www.freiburg-schwarzwald.de\/blog\/wp-json\/wp\/v2\/categories?post=64267"},{"taxonomy":"post_tag","embeddable":true,"href":"https:\/\/www.freiburg-schwarzwald.de\/blog\/wp-json\/wp\/v2\/tags?post=64267"}],"curies":[{"name":"wp","href":"https:\/\/api.w.org\/{rel}","templated":true}]}}