{"id":64234,"date":"2017-01-20T18:46:34","date_gmt":"2017-01-20T17:46:34","guid":{"rendered":"https:\/\/www.freiburg-schwarzwald.de\/blog\/?p=64234"},"modified":"2017-01-20T18:51:02","modified_gmt":"2017-01-20T17:51:02","slug":"lichtmessfeuer-lehener-bergle","status":"publish","type":"post","link":"https:\/\/www.freiburg-schwarzwald.de\/blog\/lichtmessfeuer-lehener-bergle\/","title":{"rendered":"Lichtmessfeuer Lehener Bergle"},"content":{"rendered":"<p>Das Neuentfachen des jungen Lichtes und die Lichtweihe am Lichtme\u00dftag 2,Februar sind in ganz Europa noch im <a title=\"Brauchtum\" href=\"https:\/\/www.freiburg-schwarzwald.de\/blog\/regio\/heimat\/brauchtum\/\">Brauchtum<\/a>. Auch die Kelten begr\u00fc\u00dften ihre junge wei\u00dfe <a title=\"Gott\" href=\"https:\/\/www.freiburg-schwarzwald.de\/blog\/religion\/gott\/\">G\u00f6ttin<\/a> Brigid einst mit einem Feuerfest. In der Umdeutung wurde aus Imbolc dann Mari\u00e4 Lichtmess und mit der heiligen Brigida von Kildare verbunden. Bis ins 20. Jahrhundert war Lichtmess auch ein offizieller Feiertag: mit diesem Tag begann das <a title=\"Landwirt\" href=\"https:\/\/www.freiburg-schwarzwald.de\/blog\/natur\/landwirt\/\">Bauernjahr<\/a>, <!--more-->ab sofort konnte den Umst\u00e4nden entsprechend die Feldarbeit nach der Winterpause wieder aufgenommen werden.<\/p>\n<p>Lichtmessfeier auf dem Lehener Bergle<br \/>\nAm Donnerstag, 2. Februar, um 18 Uhr, referiert Rudolf Markus in der <a title=\"Katholisch\" href=\"https:\/\/www.freiburg-schwarzwald.de\/blog\/religion\/katholisch\/\">Kirche<\/a> St. Cyriak in <a title=\"Lehen\" href=\"https:\/\/www.freiburg-schwarzwald.de\/blog\/regio\/freiburg\/lehen\/\">Lehen<\/a> \u00fcber den Ursprung des Festes Mari\u00e4 Lichme\u00df von seiner vorgeschichtlichen und christlichen Bedeutung her. Das keltische Imbolc\u2013Fest, auch als Fest der Brigid bezeichnet, wurde ebenfalls zu diesem Zeitpunkt gefeiert. Hierzu lassen sich Bezugspunkte zum heutigen <a title=\"Christen\" href=\"https:\/\/www.freiburg-schwarzwald.de\/blog\/religion\/christen\/\">christlichen Wallfahrtsort<\/a> auf dem <a title=\"Giersberg\" href=\"https:\/\/www.freiburg-schwarzwald.de\/blog\/regio\/berge\/giersberg\/\">Giersberg<\/a> im Dreisamtal, in fr\u00fcheren Zeiten auch \u201eBrigittenwald\u201c genannt, herstellen.<br \/>\nAnschlie\u00dfend erfolgt eine Lichterprozession zur ehemaligen keltischen H\u00f6hensiedlung am Herdert\u00fcrmle, dem ehemaligen Kapellenplatz. Unter dem Motto:<br \/>\n\u201eMache Dich auf, werde Licht, erkenne den Christus in Dir\u201c,<br \/>\nwird ein gro\u00dfes Lichtmessfeuer entz\u00fcndet (Kinder bitte Laternen mitbringen).<br \/>\n.<\/p>\n<div>Das Lichtmessfeuer am 2. Februar auf dem Lehener Bergle, wird wieder vom bekannten Heimatforscher Rudolf Markus (Exkursionen Lehener Bergle, Sch\u00f6nberg, Tarodunum, etc., Kr\u00e4uterwanderungen, vielleicht kennen Sie ihn auch) organisiert\u00a0. Das Besondere daran ist ja, dass immer ein Bogen vom christlichen Fest zum &#8218;Vorl\u00e4ufer&#8216;-keltischen-Fest geschlagen wird und dass Rudolf Markus in diesem Jahr insbesondere auf die Verbindung des Lehener Bergles zum Giersberg als sog. &#8218;Brigittenwald&#8216; eingehen wird.<br \/>\nIm letzten Jahr hatte sogar der Vorsitzende des Lehener Ortschaftsrats, Stadtrat und vor allem Weingutsbesitzer Herr Sch\u00e4tzle, in den von ihm gemieteten Herderturm eingeladen und gro\u00dfz\u00fcgige Runden mit seinem hervorragenden Sp\u00e4tburgunder und Bauernbrot ausgegeben (wir hoffen, er tut es in diesem Jahr wieder). Nat\u00fcrlich ist auch alles mit der Feuerwehr etc. abgekl\u00e4rt, denn das Lichtmessfeuer dort ist schon weithin sichtbar.<\/p>\n<div>20.1.2017, Hans E. Homlicher<\/div>\n<\/div>\n<p>&nbsp;<\/p>\n","protected":false},"excerpt":{"rendered":"<p>Das Neuentfachen des jungen Lichtes und die Lichtweihe am Lichtme\u00dftag 2,Februar sind in ganz Europa noch im Brauchtum. Auch die Kelten begr\u00fc\u00dften ihre junge wei\u00dfe G\u00f6ttin Brigid einst mit einem Feuerfest. In der Umdeutung wurde aus Imbolc dann Mari\u00e4 Lichtmess &hellip; <a href=\"https:\/\/www.freiburg-schwarzwald.de\/blog\/lichtmessfeuer-lehener-bergle\/\">Weiterlesen <span class=\"meta-nav\">&rarr;<\/span><\/a><\/p>\n","protected":false},"author":2,"featured_media":0,"comment_status":"open","ping_status":"closed","sticky":false,"template":"","format":"standard","meta":{"footnotes":""},"categories":[212,261,89,157,7],"tags":[277,511,325,503,175],"class_list":["post-64234","post","type-post","status-publish","format-standard","hentry","category-alemannisch","category-katholisch","category-kirchen","category-oeffentlicher-raum","category-tourismus","tag-bauer","tag-brauchtum","tag-demo","tag-church","tag-ortsgeschichte"],"_links":{"self":[{"href":"https:\/\/www.freiburg-schwarzwald.de\/blog\/wp-json\/wp\/v2\/posts\/64234","targetHints":{"allow":["GET"]}}],"collection":[{"href":"https:\/\/www.freiburg-schwarzwald.de\/blog\/wp-json\/wp\/v2\/posts"}],"about":[{"href":"https:\/\/www.freiburg-schwarzwald.de\/blog\/wp-json\/wp\/v2\/types\/post"}],"author":[{"embeddable":true,"href":"https:\/\/www.freiburg-schwarzwald.de\/blog\/wp-json\/wp\/v2\/users\/2"}],"replies":[{"embeddable":true,"href":"https:\/\/www.freiburg-schwarzwald.de\/blog\/wp-json\/wp\/v2\/comments?post=64234"}],"version-history":[{"count":0,"href":"https:\/\/www.freiburg-schwarzwald.de\/blog\/wp-json\/wp\/v2\/posts\/64234\/revisions"}],"wp:attachment":[{"href":"https:\/\/www.freiburg-schwarzwald.de\/blog\/wp-json\/wp\/v2\/media?parent=64234"}],"wp:term":[{"taxonomy":"category","embeddable":true,"href":"https:\/\/www.freiburg-schwarzwald.de\/blog\/wp-json\/wp\/v2\/categories?post=64234"},{"taxonomy":"post_tag","embeddable":true,"href":"https:\/\/www.freiburg-schwarzwald.de\/blog\/wp-json\/wp\/v2\/tags?post=64234"}],"curies":[{"name":"wp","href":"https:\/\/api.w.org\/{rel}","templated":true}]}}