{"id":64232,"date":"2017-01-19T20:27:19","date_gmt":"2017-01-19T19:27:19","guid":{"rendered":"https:\/\/www.freiburg-schwarzwald.de\/blog\/?p=64232"},"modified":"2017-01-19T20:27:19","modified_gmt":"2017-01-19T19:27:19","slug":"sternsinger-11728-e-trotz-kaelte","status":"publish","type":"post","link":"https:\/\/www.freiburg-schwarzwald.de\/blog\/sternsinger-11728-e-trotz-kaelte\/","title":{"rendered":"Sternsinger 11728 \u20ac trotz Kaelte"},"content":{"rendered":"<p>Durch das Winterwetter war es in diesem Jahr ein sehr beschwerliches Tun. \u00a0Aber, es hat sich gelohnt. Nicht nur die T\u00fcten mit den S\u00fc\u00dfigkeiten waren reich gef\u00fcllt, auch das <a title=\"Spende\" href=\"https:\/\/www.freiburg-schwarzwald.de\/blog\/engagement\/spende\/\">Spendenergebnis<\/a> war herausragend: Mit 11.728,21 \u20ac sind so viel Spenden wie nie zuvor in <a title=\"Littenweiler\" href=\"https:\/\/www.freiburg-schwarzwald.de\/blog\/regio\/freiburg\/littenweiler\/\">Littenweiler<\/a> gesammelt worden. Daf\u00fcr sei allen, die die <a title=\"Sternsinger\" href=\"https:\/\/www.freiburg-schwarzwald.de\/blog\/selbsthilfe\/jugend\/sternsinger\/\">Sternsinger<\/a>\u00a0von <a title=\"StBarbara\" href=\"https:\/\/www.freiburg-schwarzwald.de\/blog\/religion\/kirchen\/stbarbara\/\">St. Barbara<\/a> freundlich empfangen und so gro\u00dfherzig <a title=\"Kirchen\" href=\"https:\/\/www.freiburg-schwarzwald.de\/blog\/religion\/kirchen\/\">gespendet<\/a> haben im Namen aller Kinder dieser Welt herzlich gedankt. <!--more-->Ein gro\u00dfes Dankesch\u00f6n nat\u00fcrlich auch den <a title=\"Jugend\" href=\"https:\/\/www.freiburg-schwarzwald.de\/blog\/selbsthilfe\/jugend\/\">Kindern und Jugendlichen<\/a>, die sich auf den Weg gemacht haben um den Segen in die H\u00e4user von Littenweiler zu tragen. Durch Ihre Spenden erm\u00f6glichen Sie vielen Kindern auf dieser Welt Essen und Bildung. So werden Voraussetzungen f\u00fcr ein friedliches Miteinander in der Welt geschaffen und ich denke, das k\u00f6nnen wir in unserer Zeit sehr gut gebrauchen.<\/p>\n<p>Gut zu wissen: <a title=\"Katholisch\" href=\"https:\/\/www.freiburg-schwarzwald.de\/blog\/religion\/katholisch\/\">Dreik\u00f6nig<\/a> &#8211; Unter diesem Thema stand ein Beitrag in der Landesschau des SWR am 05.01.2017. Ihr \u201eWissen\u201c holte sich ein Team des SWR in diesem Jahr zum Teil bei unseren Sternsingern in Littenweiler. Es begleitete uns ein St\u00fcck auf dem Weg durch Littenweiler, filmte uns beim Herrichten f\u00fcr den Tag und am Ende des Tages beim Kassensturz. Es war ein besonderes Erlebnis f\u00fcr die 35 M\u00e4dchen und Jungen, die sich in diesem Jahr wieder auf den Weg machten um Spenden f\u00fcr notleidende Kinder in der Welt zu sammeln. Den Fernsehbeitrag k\u00f6nnen Sie in der Mediathek des SWR anschauen.<br \/>\n19.1.2017, Richard Funk, Pfarrblatt St.Barbara Freiburg-Littenweiler<br \/>\n<a href=\"https:\/\/www.kath-freiburg-ost.de\">www.kath-freiburg-ost.de<\/a><\/p>\n","protected":false},"excerpt":{"rendered":"<p>Durch das Winterwetter war es in diesem Jahr ein sehr beschwerliches Tun. \u00a0Aber, es hat sich gelohnt. Nicht nur die T\u00fcten mit den S\u00fc\u00dfigkeiten waren reich gef\u00fcllt, auch das Spendenergebnis war herausragend: Mit 11.728,21 \u20ac sind so viel Spenden wie &hellip; <a href=\"https:\/\/www.freiburg-schwarzwald.de\/blog\/sternsinger-11728-e-trotz-kaelte\/\">Weiterlesen <span class=\"meta-nav\">&rarr;<\/span><\/a><\/p>\n","protected":false},"author":2,"featured_media":0,"comment_status":"open","ping_status":"closed","sticky":false,"template":"","format":"standard","meta":{"footnotes":""},"categories":[52,36,400,60,261,61,11,19,161],"tags":[717,577,568,503,270],"class_list":["post-64232","post","type-post","status-publish","format-standard","hentry","category-einewelt","category-engagement","category-freiwillig","category-jugend","category-katholisch","category-kinder","category-regio","category-religion","category-spende","tag-ehrenamt","tag-hilfe-2","tag-jugend-2","tag-church","tag-gift"],"_links":{"self":[{"href":"https:\/\/www.freiburg-schwarzwald.de\/blog\/wp-json\/wp\/v2\/posts\/64232","targetHints":{"allow":["GET"]}}],"collection":[{"href":"https:\/\/www.freiburg-schwarzwald.de\/blog\/wp-json\/wp\/v2\/posts"}],"about":[{"href":"https:\/\/www.freiburg-schwarzwald.de\/blog\/wp-json\/wp\/v2\/types\/post"}],"author":[{"embeddable":true,"href":"https:\/\/www.freiburg-schwarzwald.de\/blog\/wp-json\/wp\/v2\/users\/2"}],"replies":[{"embeddable":true,"href":"https:\/\/www.freiburg-schwarzwald.de\/blog\/wp-json\/wp\/v2\/comments?post=64232"}],"version-history":[{"count":0,"href":"https:\/\/www.freiburg-schwarzwald.de\/blog\/wp-json\/wp\/v2\/posts\/64232\/revisions"}],"wp:attachment":[{"href":"https:\/\/www.freiburg-schwarzwald.de\/blog\/wp-json\/wp\/v2\/media?parent=64232"}],"wp:term":[{"taxonomy":"category","embeddable":true,"href":"https:\/\/www.freiburg-schwarzwald.de\/blog\/wp-json\/wp\/v2\/categories?post=64232"},{"taxonomy":"post_tag","embeddable":true,"href":"https:\/\/www.freiburg-schwarzwald.de\/blog\/wp-json\/wp\/v2\/tags?post=64232"}],"curies":[{"name":"wp","href":"https:\/\/api.w.org\/{rel}","templated":true}]}}