{"id":64228,"date":"2017-01-19T15:40:46","date_gmt":"2017-01-19T14:40:46","guid":{"rendered":"https:\/\/www.freiburg-schwarzwald.de\/blog\/?p=64228"},"modified":"2017-01-19T15:44:01","modified_gmt":"2017-01-19T14:44:01","slug":"berufliche-schulen-in-freiburg","status":"publish","type":"post","link":"https:\/\/www.freiburg-schwarzwald.de\/blog\/berufliche-schulen-in-freiburg\/","title":{"rendered":"Berufliche Schulen in Freiburg"},"content":{"rendered":"<p>Das <a title=\"Duale Bildung\" href=\"https:\/\/www.freiburg-schwarzwald.de\/blog\/bildung\/duale-bildung\/\">duale Bildungssystem<\/a> (Praxis im Privatunternehmen und Theorie in Staatlichen <a title=\"Berufsausbildung statt Studium\" href=\"https:\/\/www.freiburg-schwarzwald.de\/blog\/berufsausbildung-statt-studium\/\">Berufsschulen<\/a>) hat Deutschlands Wirtschaft gro\u00df gemacht. \u00dcber die duale System beneidet uns die Welt, es wurde zum Exportschlager nach Spanien und Portugal. Aber die Klagen \u00fcber &#8222;<a title=\"Azubi Lehre no \u2013 Studium yes\" href=\"https:\/\/www.freiburg-schwarzwald.de\/blog\/azubi-lehre-no-studium-yes\/\">Lehre no &#8211; Studium yes<\/a>&#8220; und\u00a0<a title=\"Arbeitsmarkt\" href=\"https:\/\/www.freiburg-schwarzwald.de\/blog\/selbsthilfe\/soziales\/arbeit\/arbeitsmarkt\/\">Facharbeitermangel<\/a> nehmen zu. In <a title=\"Afrika\" href=\"https:\/\/www.freiburg-schwarzwald.de\/blog\/global\/afrika\/\">Afrika<\/a>\u00a0\u00a0machen neben Korruption, schlechtem Regieren, <!--more-->unzuverl\u00e4ssigen rechtsstaatlichen Strukturen auch das Fehlen eines\u00a0dualen Ausbildungssystems die Entwicklung des riesigen Kontinents zunichte. Der kenianische \u00d6konom James Shiwaki als einer der sch\u00e4rfsten Kritiker von Deutschlands <a title=\"Kontrollierte-Grenzen\" href=\"https:\/\/www.freiburg-schwarzwald.de\/blog\/global\/migration\/kontrollierte-grenzen\/\">offenen Grenzen<\/a> prangert in einem Interview mit Thilo Thielke in der Weltwoche an: \u201eIhr finanziert die Schleppermafia und treibt Menschen in den Tod&#8220;. Die <a title=\"Entwicklungshilfe\" href=\"https:\/\/www.freiburg-schwarzwald.de\/blog\/global\/entwicklungshilfe\/\">Entwicklungshilfe<\/a> ist gescheitert und hat nur Geld in die Korruption gesp\u00fclt. Warum in Afrika nicht endlich Handwerksbetriebe unterst\u00fctzen mitsamt der Einrichtung von Ausbildungsst\u00e4tten nach dem dualen System?<br \/>\nViel zu lange galt auch in Deutschland die berufliche Bildung als &#8222;zweitrangig&#8220; gegen\u00fcber der allgemeinen Bildung &#8211; das &#8222;kaufm\u00e4nnische Gmnasium&#8220; oder &#8222;technische Gymnasium&#8220; war weniger angesehen als das &#8222;allgemeinbildende Gymnasium&#8220;. Auch in Freiburg. Vielleicht bringen ja die Fl\u00fcchtlinge Bewegung in die Bildungslandschaft.<br \/>\n19.1.2017<br \/>\n.<\/p>\n<p><strong>15000 junge Menschen besuchen eine von acht beruflichen Schulen in Freiburg<\/strong><br \/>\nSie sind der heimliche Riese der regionalen Bildungslandschaft: die beruflichen Schulen. In keinem anderen Schulzweig b\u00fcffeln so viele Jugendliche. Am 25. und 26. Januar 2017 stellen sich die acht Einrichtungen vor.<br \/>\nEberhard Fritz ist gesch\u00e4ftsf\u00fchrender Schulleiter der acht \u00f6ffentlichen beruflichen Schulen Freiburgs und zugleich Chef der Walther-Rathenau-Gewerbeschule. Nadine Mossbrugger, eine der 1400 Sch\u00fclerinnen und Sch\u00fcler dort, absolviert ein zweij\u00e4hriges Berufskolleg, in dessen Verlauf sie zur pharmazeutisch-technischen Assistentin ausgebildet wird. Dazu geh\u00f6rt auch das Fach Apothekenpraxis in der schuleigenen Lehrapotheke. Foto: M. Bamberger<br \/>\nRund 15 000 junge Menschen besuchen derzeit die acht \u00f6ffentlichen beruflichen Schulen in Freiburg \u2013 mehr als bei jedem anderen Zweig des Schulsystems in der Stadt. Wer eine duale Ausbildung w\u00e4hlt, absolviert dort den klassischen Berufsschulunterricht. Doch das Bildungsangebot der acht Schulen geht weit dar\u00fcber hinaus. Mehr als 100 Berufe werden abgedeckt. Ob noch ganz ohne Schulabschluss oder sogar mit Berufserfahrung \u2013 f\u00fcr jeden gibt es passende Klassen und Kurse.<br \/>\nNadine Mossbrugger steht jeden Morgen kurz nach 5 Uhr auf. Nur so kommt sie rechtzeitig von ihrem Wohnort Rheinfelden zum Unterrichtsbeginn der Walter-Rathenau-Gewerbeschule in Freiburg. Die 18-J\u00e4hrige ist dort in ihrem zweiten Jahr des Berufskollegs zur Ausbildung als pharmazeutisch-technische Assistentin (PTA). &#8222;Wir lernen direkt f\u00fcr die Praxis&#8220;, sagt die junge Frau. Viele Stunden verbringt sie im Labor und der Lehrapotheke, wo sie den Umgang mit Arzneien und der Kundschaft \u00fcbt. Die angehende Fachkraft sei ziemlich typisch f\u00fcr die Sch\u00fclerschaft der beruflichen Schulen, sagt Eberhard Fritz, Leiter der Walter-Rathenau-Schule. Sie und auch ihre Mitsch\u00fclerinnen k\u00f6nnten sich nach dem Abschluss voraussichtlich eine Stelle in einer Apotheke aussuchen, so gesucht seien PTA derzeit.<br \/>\nDie Bildungsangebote<br \/>\nZum einen kommen viele Sch\u00fcler von au\u00dferhalb. Zum anderen stellen Sch\u00fcler mit mittlerem Bildungsabschluss wie Nadine Mossbrugger einen gro\u00dfen Teil derjenigen, sie sich dort anmelden. Sie entscheiden sich oft entweder f\u00fcr den Besuch eines beruflichen Gymnasiums, wo sie in drei Jahren die allgemeine Hochschulreife erlangen k\u00f6nnen, oder f\u00fcr ein Berufskolleg, wo sie in einem oder zwei Jahren berufliche Grundbildung in einem bestimmten Bereich erhalten, etwa Ern\u00e4hrung und Erziehung oder Wirtschaft, teils die Fachhochschulreife erwerben und teils, wie als PTA, auch eine qualifizierende Berufsausbildung absolvieren. Wer einen Hauptschulabschluss hat, kann eine Berufsfachschule (ein oder zwei Jahre durchlaufen) absolvieren \u2013 und unter Umst\u00e4nden die mittlere Reife erlangen. F\u00fcr junge Leute ohne Schulabschluss bietet sich das sogenannte Berufseinstiegsjahr an, das als Sprungbrett in eine Ausbildung dienen kann. Wer \u00fcber eine abgeschlossene Lehre und Berufserfahrung verf\u00fcgt, kann sich in Meister- und Technikerkursen weiterbilden. Auszubildende nutzen als Teilzeitsch\u00fcler den Berufsschulunterricht.<\/p>\n<p>Der Informationsprozess<br \/>\nEs empfiehlt sich, bei Interesse an einem Bildungsgang der beruflichen Schulen vorab qualifizierten Rat einzuholen, entweder direkt bei der Schule oder bei der Berufsberatung der Arbeitsagentur. Eine weitere M\u00f6glichkeit ist der &#8222;Tag der beruflichen Bildung&#8220; kommende Woche, wo die Vollzeitschulangebote und Ausbildungsberufe vorgestellt werden. Zudem beantworten Lehrkr\u00e4fte und Sch\u00fcler Fragen der Besucher. Es ist die zehnte Ausgabe der Veranstaltung. Diesmal l\u00e4uft die Job-Start-B\u00f6rse nicht mehr parallel \u2013 sie findet erst Ende Mai statt. Das hei\u00dft: Es sind keine Ausbildungsbetriebe vor Ort.<br \/>\nTag der beruflichen Bildung: Die beruflichen Schulen pr\u00e4sentieren ihre Bildungsg\u00e4nge, abgesehen von den Meister- und Technikerkursen, im Freiburger Konzerthaus \u2013 und zwar am Mittwoch, 25. Januar, 16.30 bis 20 Uhr, sowie am Donnerstag, 26. Januar, 8.30 bis 14 Uhr. Der Eintritt ist frei.<br \/>\n.<br \/>\n<strong>Berufliche Schulen in FR<\/strong><br \/>\nDie Friedrich-Weinbrenner-Gewerbeschule, Bissierstra\u00dfe 17, hat die Schwerpunkte Bau-, Farb-, Holz- und Steintechnik.<br \/>\nDie Gertrud-Luckner-Gewerbeschule, Bissierstra\u00dfe 17 und Kirchstra\u00dfe 4) k\u00fcmmert sich vor allem um Ern\u00e4hrung, Gesundheit, Medien und Mode.<br \/>\nDie Richard-Fehrenbach-Gewerbeschule, Friedrichstra\u00dfe 51, ist zust\u00e4ndig f\u00fcr Metall-, Holz- und Kfz-Technik sowie das technische Zeichnen.<br \/>\nDie Walther-Rathenau-Gewerbeschule, Friedrichstra\u00dfe 51, ist spezialisiert auf die Bereiche Elektrotechnik, IT, Chemie und Pharmazie.<br \/>\nDie Edith-Stein-Schule, Bissierstra\u00dfe 17, konzentriert sich auf Sozialp\u00e4dagogik, Gesundheit, Pflege sowie Haus- und Agrarwirtschaft.<br \/>\nDie Merian-Schule, Rheinstra\u00dfe 3, befasst sich vor allem mit Biotechnik, Sozialwesen sowie Ern\u00e4hrung und Hauswirtschaft.<br \/>\nDie Max-Weber-Schule, Fehrenbachallee 14, und das Walter-Eucken-Gymnasium, Gl\u00fcmerstra\u00dfe\u20054, haben ihren Schwerpunkt im Bereich Wirtschaft und Verwaltung.<br \/>\n19.1.2017, Holger Schinddler. Mehr bitte lesen auf<br \/>\n<a href=\"https:\/\/www.badische-zeitung.de\/freiburg\/15000-junge-menschen-besuchen-eine-von-acht-beruflichen-schulen-in-freiburg\">https:\/\/www.badische-zeitung.de\/freiburg\/15000-junge-menschen-besuchen-eine-von-acht-beruflichen-schulen-in-freiburg<br \/>\n<\/a>\u00a0 .<br \/>\nUmfassende Infos gibt\u2019s im Internet unter <a href=\"https:\/\/www.bs-freiburg.de\">https:\/\/www.bs-freiburg.de<\/a>.<\/p>\n","protected":false},"excerpt":{"rendered":"<p>Das duale Bildungssystem (Praxis im Privatunternehmen und Theorie in Staatlichen Berufsschulen) hat Deutschlands Wirtschaft gro\u00df gemacht. \u00dcber die duale System beneidet uns die Welt, es wurde zum Exportschlager nach Spanien und Portugal. Aber die Klagen \u00fcber &#8222;Lehre no &#8211; Studium &hellip; <a href=\"https:\/\/www.freiburg-schwarzwald.de\/blog\/berufliche-schulen-in-freiburg\/\">Weiterlesen <span class=\"meta-nav\">&rarr;<\/span><\/a><\/p>\n","protected":false},"author":2,"featured_media":0,"comment_status":"open","ping_status":"closed","sticky":false,"template":"","format":"standard","meta":{"footnotes":""},"categories":[425,52,22,60,95,172],"tags":[424,713,585,29,504],"class_list":["post-64228","post","type-post","status-publish","format-standard","hentry","category-duale-bildung","category-einewelt","category-handwerk","category-jugend","category-schulen","category-zukunft","tag-azubi","tag-industrie","tag-schule","tag-student","tag-weiterbildung"],"_links":{"self":[{"href":"https:\/\/www.freiburg-schwarzwald.de\/blog\/wp-json\/wp\/v2\/posts\/64228","targetHints":{"allow":["GET"]}}],"collection":[{"href":"https:\/\/www.freiburg-schwarzwald.de\/blog\/wp-json\/wp\/v2\/posts"}],"about":[{"href":"https:\/\/www.freiburg-schwarzwald.de\/blog\/wp-json\/wp\/v2\/types\/post"}],"author":[{"embeddable":true,"href":"https:\/\/www.freiburg-schwarzwald.de\/blog\/wp-json\/wp\/v2\/users\/2"}],"replies":[{"embeddable":true,"href":"https:\/\/www.freiburg-schwarzwald.de\/blog\/wp-json\/wp\/v2\/comments?post=64228"}],"version-history":[{"count":0,"href":"https:\/\/www.freiburg-schwarzwald.de\/blog\/wp-json\/wp\/v2\/posts\/64228\/revisions"}],"wp:attachment":[{"href":"https:\/\/www.freiburg-schwarzwald.de\/blog\/wp-json\/wp\/v2\/media?parent=64228"}],"wp:term":[{"taxonomy":"category","embeddable":true,"href":"https:\/\/www.freiburg-schwarzwald.de\/blog\/wp-json\/wp\/v2\/categories?post=64228"},{"taxonomy":"post_tag","embeddable":true,"href":"https:\/\/www.freiburg-schwarzwald.de\/blog\/wp-json\/wp\/v2\/tags?post=64228"}],"curies":[{"name":"wp","href":"https:\/\/api.w.org\/{rel}","templated":true}]}}