{"id":64194,"date":"2017-01-14T19:02:59","date_gmt":"2017-01-14T18:02:59","guid":{"rendered":"https:\/\/www.freiburg-schwarzwald.de\/blog\/?p=64194"},"modified":"2017-01-15T11:21:04","modified_gmt":"2017-01-15T10:21:04","slug":"priester-und-imame-wahl-2017","status":"publish","type":"post","link":"https:\/\/www.freiburg-schwarzwald.de\/blog\/priester-und-imame-wahl-2017\/","title":{"rendered":"Priester und Imame &#8211; Wahl 2017"},"content":{"rendered":"<p>Beim zentralen Gottesdienst der <a title=\"Evangelisch\" href=\"https:\/\/www.freiburg-schwarzwald.de\/blog\/religion\/evangelisch\/\">protestantischen<\/a> <a title=\"Auferstehung\" href=\"https:\/\/www.freiburg-schwarzwald.de\/blog\/religion\/kirchen\/auferstehung\/\">Pfarrgemeinde Freiburg-Ost<\/a> zum Jahresbeginn 2016\/17 in der <a title=\"Kirchen\" href=\"https:\/\/www.freiburg-schwarzwald.de\/blog\/religion\/kirchen\/\">Friedenskirche<\/a> h\u00e4lt Dekan Markus Engelhardt die Silvesterpredigt. Ein Schwerpunkt ist die Bundestagswahl &#8211; Beispiel: <em>&#8222;Angela Merkel m\u00f6chte man einfach w\u00fcnschen, dass Gott ihr die Gesundheit bewahrt und das Stehverm\u00f6gen, den Hasswellen stand zu halten und ihre kluge und unaufgeregte Politik zu behalten.&#8220;<\/em> <!--more--><\/p>\n<p>Warum spricht Dekan Engelhardt diese guten W\u00fcnsche nicht auch f\u00fcr Heiko Maas, <a title=\"Links\" href=\"https:\/\/www.freiburg-schwarzwald.de\/blog\/engagement\/zukunft\/demokratie\/links\/\">Sahra Wagenknecht<\/a>, Katrin G\u00f6hring-Eckardt, Frauke Petry bzw. <a title=\"Gruene\" href=\"https:\/\/www.freiburg-schwarzwald.de\/blog\/vereine\/partei\/gruene\/\">Cem \u00d6zdemir<\/a> aus, die allesamt ebenfalls mit <a title=\"Diskussionskultur\" href=\"https:\/\/www.freiburg-schwarzwald.de\/blog\/kultur\/medien\/diskussionskultur\/\">Hate-Speech<\/a> zu k\u00e4mpfen haben? Weil seine Wahlempfehlung <a title=\"Alternativlosigkeit vor Wahlen\" href=\"https:\/\/www.freiburg-schwarzwald.de\/blog\/alternativlosigkeit-vor-wahlen\/\">einseitig<\/a> erfolgt: Engelhardt verk\u00fcndet am 1.1.2017 indirekt, es sei im Sinne der <a title=\"Christen\" href=\"https:\/\/www.freiburg-schwarzwald.de\/blog\/religion\/christen\/\">Christen<\/a>, dass die <a title=\"Merkelismus\" href=\"https:\/\/www.freiburg-schwarzwald.de\/blog\/engagement\/zukunft\/demokratie\/merkelismus\/\">Merkel-Regierung<\/a> bei der Bundestagswahl 2017 best\u00e4tigt werde. <a title=\"Kirche-Politik\" href=\"https:\/\/www.freiburg-schwarzwald.de\/blog\/religion\/kirche-politik\/\">Wahlpropaganda<\/a> f\u00fcr die <a title=\"GroKo\" href=\"https:\/\/www.freiburg-schwarzwald.de\/blog\/engagement\/zukunft\/demokratie\/groko\/\">GroKo<\/a> aus CDU und SPD von der Kanzel herab. Der protestantische Dekan mischt sich somit wie zu Adenauers Zeiten in den Wahlkampf ein &#8211; eine Regierung mit den Gr\u00fcnen \u00fcber Rot-Rot-Gr\u00fcn ist also nicht im Sinne des gl\u00e4ubigen Protestanten. Engelhardt \u00fcbt sich damit in dem von Angela Merkel gewohnten <a title=\"Nudging\" href=\"https:\/\/www.freiburg-schwarzwald.de\/blog\/engagement\/zukunft\/demokratie\/nudging\/\">Nudging<\/a>, was zur Folge hat, dass noch mehr <a title=\"Christen\" href=\"https:\/\/www.freiburg-schwarzwald.de\/blog\/religion\/christen\/\">Christen<\/a>, die des p\u00e4dagogischen Zeigefingers \u00fcberdr\u00fcssig sind, dem sonnt\u00e4glichen Kirchgang aufk\u00fcndigen werden.<br \/>\nWie schon zu <a title=\"Weihnachten\" href=\"https:\/\/www.freiburg-schwarzwald.de\/blog\/religion\/kirchen\/weihnachten\/\">Weihnachten<\/a>: Man w\u00e4re gerne in den Gottesdienst gegangen, um die sch\u00f6nen alten Weihnachtslieder gemeinsam singen zu k\u00f6nnen. Tat es aber dann doch nicht aus Angst, bei der Predigt zu Christis Geburt den priesterlichen Rat vernehmen zu m\u00fcssen, Merkels offenen <a title=\"Kontrollierte-Grenzen\" href=\"https:\/\/www.freiburg-schwarzwald.de\/blog\/global\/migration\/kontrollierte-grenzen\/\">unkontrollierte Grenzen<\/a> seien von Jesus gewollt.<br \/>\n.<br \/>\nUnter der Kanzlerschaft von <a title=\"Rechtsstaat\" href=\"https:\/\/www.freiburg-schwarzwald.de\/blog\/selbsthilfe\/soziales\/justiz\/rechtsstaat\/\">Konrad Adenauer<\/a> und lange Zeit danach war es \u00fcblich, dass Priester von der Kanzel herab ihren katholischen und protestantischen Sch\u00e4fchen rieten, bei der anstehenden Bundestagswahl doch die CDU zu w\u00e4hlen &#8211; wegen dem &#8222;C&#8220;. Erst nach mehrj\u00e4hrigen Protesten der SPD (genauer: ihres Fl\u00fcgels der &#8222;christlichen Arbeitnehmerschaft&#8220;) verzichteten die beiden gro\u00dfen Konfessionen auf ihre einseitige Einmischung in den Wahlkampf unserer jungen Demokratie.<br \/>\nIm Jahr 2017 sind wir wieder in Andenauers Zeiten zur\u00fcckgefallen: Dekan Engelhardt, EKD-Chef Bedford-Strohm wie Kardinal Marx schw\u00e4rmen von den Merkel&#8217;schen Fl\u00fcchtlingspolitik seit <a title=\"Budapest-Dublin2015\" href=\"https:\/\/www.freiburg-schwarzwald.de\/blog\/global\/eu\/budapest-dublin2015\/\">Budapest 9\/2015<\/a> &#8211; nicht etwa privat (das ist ihr Recht), sondern in der Kirche beim Gottesdienst. Die klare &#8222;<a title=\"Kirche-Staat\" href=\"https:\/\/www.freiburg-schwarzwald.de\/blog\/religion\/kirche-staat\/\">Trennung von Kirche und Staat<\/a>&#8220; als <a title=\"Demokratie\" href=\"https:\/\/www.freiburg-schwarzwald.de\/blog\/engagement\/zukunft\/demokratie\/\">Grundpr\u00e4misse der Demokratie<\/a> gilt nicht mehr.<br \/>\n.<br \/>\nMan darf gespannt sein, wie sich die \u00fcber 1000 von der t\u00fcrkischen <a title=\"Ditib\" href=\"https:\/\/www.freiburg-schwarzwald.de\/blog\/global\/tuerkei\/ditib\/\">DITIB<\/a> in unser Land geschickten <a title=\"Kinder- Imam- Zwangsehen in D\" href=\"https:\/\/www.freiburg-schwarzwald.de\/blog\/kinder-imam-zwangsehen-in-d\/\">Imame<\/a> in ihren deutschen Moscheen demn\u00e4chst zur Wahl des <a title=\"Parlament\" href=\"https:\/\/www.freiburg-schwarzwald.de\/blog\/engagement\/zukunft\/demokratie\/parlament\/\">Bundestags<\/a> im Herbst 2017 \u00e4u\u00dfern werden. Gleiches Recht f\u00fcr alle: Wenn die Priester und Pastoren im Namen von Jesus bestimmte Parteien zur Wahl des Bundestags empfehlen, dann d\u00fcrfen dies die Imame im Namen von Allah doch auch? Ja, auch sie werden den <a title=\"Muslime\" href=\"https:\/\/www.freiburg-schwarzwald.de\/blog\/global\/integration\/muslime\/\">Muslimen<\/a> nahelegen, <a title=\"Merkel-muss-weg\" href=\"https:\/\/www.freiburg-schwarzwald.de\/blog\/engagement\/zukunft\/demokratie\/merkel-muss-weg\/\">Angela Merkel <\/a>zu w\u00e4hlen. Schlie\u00dflich soll das zwischen Merkel und Erdogan ausgehandelte <a title=\"Fluechtlinge\" href=\"https:\/\/www.freiburg-schwarzwald.de\/blog\/global\/integration\/fluechtlinge\/\">Fl\u00fcchtlingsabkommen<\/a> bestehen bleiben.<br \/>\nWas zu w\u00fcnschen ist? Dass Priester wie Imame so viel Gottvertrauen und Zuversicht haben, dass sie ihre Gl\u00e4ubigen zutrauen, sich bei der Bundestagswahl des eigenen Verstandes zu bedienen. Also <a title=\"Aufklaerung\" href=\"https:\/\/www.freiburg-schwarzwald.de\/blog\/kultur\/aufklaerung\/\">Immanuel Kant<\/a> statt <a title=\"Big Nudging \u2013 Buerger schubsen\" href=\"https:\/\/www.freiburg-schwarzwald.de\/blog\/big-nudging-buerger-schubsen\/\">Nudging<\/a>\u00a0\u00e0 la &#8222;Folget denen nicht &#8230;.&#8220;<br \/>\n14.1.2016<\/p>\n<p><strong>Die Kirchen f\u00f6rdern die Polarisierung der Gesellschaft<\/strong><br \/>\nAufgrund unserer zerst\u00f6rten <a title=\"Diskussionskultur\" href=\"https:\/\/www.freiburg-schwarzwald.de\/blog\/kultur\/medien\/diskussionskultur\/\">Diskussionskultur<\/a> ist Deutschland zweifacher Hinsicht:zweigeteilt, zugespitzt formuliert in &#8222;Merkelbef\u00fcrworter oder Nazi&#8220;, in &#8222;Hell- oder Dunkeldeutchland (Gauck)&#8220; bzw. in&#8220; Gutmensch oder Pack (Gabriel)&#8220;. Leider unterst\u00fctzen die christlichen Kirchen diese Spaltung in zweifacher Hinsicht:<br \/>\n1) Durch die F\u00f6rderung der muslimischen Masseneinwanderung erhoffen sich die beiden gro\u00dfen Konfessionen, dass Kirchenaustritte gestoppt und Gottesdienste besser besucht werden. \u00a0Der katholische Theologieprofssor Uhde gibt dies ganz offen zu:<br \/>\n<em>Frage: In der Debatte um die Aufnahme zahlreicher muslimischer Fl\u00fcchtlinge in Deutschland z\u00e4hlen die Kirchen, vor allem die katholische, zu den energischsten Bef\u00fcrwortern einer Willkommenskultur. K\u00f6nnte diese Haltung sich dadurch erkl\u00e4ren, dass sich die Christen durch die Integration frommer Muslime in unserer Gesellschaft eine Renaissance der eigenen Religion erhoffen?<\/em><br \/>\n<em>Antwort Prof Uhde: Es gibt in den Kirchen diese Hoffnungen und Erwartungen und sie sind nicht unberechtigt, weil di religi\u00f6se Herausforderung durch den Islam eine intensive Besch\u00e4ftigung mit dem christlichen Glauben und den damit verbundenen Werten notwendig macht.\u201d \u2026Interview mit Prof Uhde in DER SONNTAG, 25.12.2016, S. 3, <a href=\"https:\/\/www.der-sonntag.de\">www.der-sonntag.de<\/a><\/em><br \/>\n2) Durch die einseitige Unterst\u00fctzung der CDU im anstehenden Bundestagswahlkampf mit der Bef\u00fcrwortung der von Merkel gesinnungsethisch begr\u00fcndeten Politik der Weltrettung (die B\u00fcrger sollen zahlen\/haften f\u00fcr Migration, Energie und Euro)\u00a0erschweren die Kirchen die in der Demokratie unabdingbare M\u00f6glichkeit zu Kritik und Opposition.<br \/>\n15.1.2017<\/p>\n<p>&nbsp;<\/p>\n","protected":false},"excerpt":{"rendered":"<p>Beim zentralen Gottesdienst der protestantischen Pfarrgemeinde Freiburg-Ost zum Jahresbeginn 2016\/17 in der Friedenskirche h\u00e4lt Dekan Markus Engelhardt die Silvesterpredigt. Ein Schwerpunkt ist die Bundestagswahl &#8211; Beispiel: &#8222;Angela Merkel m\u00f6chte man einfach w\u00fcnschen, dass Gott ihr die Gesundheit bewahrt und das &hellip; <a href=\"https:\/\/www.freiburg-schwarzwald.de\/blog\/priester-und-imame-wahl-2017\/\">Weiterlesen <span class=\"meta-nav\">&rarr;<\/span><\/a><\/p>\n","protected":false},"author":2,"featured_media":0,"comment_status":"open","ping_status":"closed","sticky":false,"template":"","format":"standard","meta":{"footnotes":""},"categories":[18,181,89,80,19],"tags":[633,421,503,525,500],"class_list":["post-64194","post","type-post","status-publish","format-standard","hentry","category-bildung","category-buergerbeteiligung","category-kirchen","category-medien","category-religion","tag-demokratie","tag-islam","tag-church","tag-politik","tag-wahl"],"_links":{"self":[{"href":"https:\/\/www.freiburg-schwarzwald.de\/blog\/wp-json\/wp\/v2\/posts\/64194","targetHints":{"allow":["GET"]}}],"collection":[{"href":"https:\/\/www.freiburg-schwarzwald.de\/blog\/wp-json\/wp\/v2\/posts"}],"about":[{"href":"https:\/\/www.freiburg-schwarzwald.de\/blog\/wp-json\/wp\/v2\/types\/post"}],"author":[{"embeddable":true,"href":"https:\/\/www.freiburg-schwarzwald.de\/blog\/wp-json\/wp\/v2\/users\/2"}],"replies":[{"embeddable":true,"href":"https:\/\/www.freiburg-schwarzwald.de\/blog\/wp-json\/wp\/v2\/comments?post=64194"}],"version-history":[{"count":0,"href":"https:\/\/www.freiburg-schwarzwald.de\/blog\/wp-json\/wp\/v2\/posts\/64194\/revisions"}],"wp:attachment":[{"href":"https:\/\/www.freiburg-schwarzwald.de\/blog\/wp-json\/wp\/v2\/media?parent=64194"}],"wp:term":[{"taxonomy":"category","embeddable":true,"href":"https:\/\/www.freiburg-schwarzwald.de\/blog\/wp-json\/wp\/v2\/categories?post=64194"},{"taxonomy":"post_tag","embeddable":true,"href":"https:\/\/www.freiburg-schwarzwald.de\/blog\/wp-json\/wp\/v2\/tags?post=64194"}],"curies":[{"name":"wp","href":"https:\/\/api.w.org\/{rel}","templated":true}]}}