{"id":64085,"date":"2017-01-06T14:03:26","date_gmt":"2017-01-06T13:03:26","guid":{"rendered":"https:\/\/www.freiburg-schwarzwald.de\/blog\/?p=64085"},"modified":"2017-01-14T21:17:07","modified_gmt":"2017-01-14T20:17:07","slug":"berlin-das-trauern-ist-verlernt","status":"publish","type":"post","link":"https:\/\/www.freiburg-schwarzwald.de\/blog\/berlin-das-trauern-ist-verlernt\/","title":{"rendered":"Berlin &#8211; das Trauern ist verlernt"},"content":{"rendered":"<p>Ein Tag nach dem 4. Advent wurden zw\u00f6lf Menschen auf einem <a title=\"Berlin19dez2016\" href=\"https:\/\/www.freiburg-schwarzwald.de\/blog\/engagement\/zukunft\/demokratie\/berlin19dez2016\/\">Berliner<\/a> <a title=\"Weihnachten\" href=\"https:\/\/www.freiburg-schwarzwald.de\/blog\/religion\/kirchen\/weihnachten\/\">Weihnachtsmarkt<\/a> <a title=\"Berlin19dez2016\" href=\"https:\/\/www.freiburg-schwarzwald.de\/blog\/engagement\/zukunft\/demokratie\/berlin19dez2016\/\">ermordet<\/a>. Den Opfern sagen <a title=\"Demokratie\" href=\"https:\/\/www.freiburg-schwarzwald.de\/blog\/engagement\/zukunft\/demokratie\/\">Staat<\/a> und <a title=\"Merkel-muss-weg\" href=\"https:\/\/www.freiburg-schwarzwald.de\/blog\/engagement\/zukunft\/demokratie\/merkel-muss-weg\/\">Regierung<\/a>: Pers\u00f6nlich schlimm, aber damit m\u00fcsst ihr alleine fertig werden. Nur so l\u00e4\u00dft sich deuten, dass die <a title=\"GroKo\" href=\"https:\/\/www.freiburg-schwarzwald.de\/blog\/engagement\/zukunft\/demokratie\/groko\/\">Regierung<\/a> zu keinem \u00f6ffentlichen, <a title=\"Kirche-Staat\" href=\"https:\/\/www.freiburg-schwarzwald.de\/blog\/religion\/kirche-staat\/\">s\u00e4kularen<\/a> Gedenken bereit ist. Sie tabuisiert die <a title=\"Deutschland\" href=\"https:\/\/www.freiburg-schwarzwald.de\/blog\/global\/deutschland\/\">gemeinsame<\/a> Trauer gem\u00e4\u00df diesem emp\u00f6rend traurigen Verdr\u00e4ngungsrefrain: <!--more--><br \/>\n.<br \/>\nEs sollen niemandes Toten gewesen sein, da es unser aller Toten waren.<br \/>\nIhrer soll nicht gedacht werden, denn wir Deutsche waren alle gemeint.<br \/>\nUnd eine <a title=\"Diskussionskultur\" href=\"https:\/\/www.freiburg-schwarzwald.de\/blog\/kultur\/medien\/diskussionskultur\/\">Diskussion<\/a> dar\u00fcber ist in Deutschland unerw\u00fcnscht.<br \/>\nOder genieren sich die Beh\u00f6rden f\u00fcr die Gewalttat eines vorbestraften tunesischen Muslims, der in Deutschland mit 14 Identit\u00e4ten als Sozialbetr\u00fcger geduldet oder gar willkommen war. Ist ihnen die Ungeheuerlichkeit des Lkw-Massakers gar peinlich?<br \/>\nWie auch immer &#8211; ob Angst vor dem diskussionsbegierigen Wir-Gef\u00fchl der Deutschen oder <a title=\"Angst\" href=\"https:\/\/www.freiburg-schwarzwald.de\/blog\/engagement\/zukunft\/angst\/\">Angst<\/a> vor dem Eingest\u00e4ndnis des eigenen <a title=\"Staatsversagen\" href=\"https:\/\/www.freiburg-schwarzwald.de\/blog\/engagement\/zukunft\/demokratie\/staatsversagen\/\">Politikversagens<\/a>: Lieber keinen Wind drum machen!<br \/>\n.<br \/>\nVon den Opfern &#8222;kennt man fast keinen Namen, fast kein Gesicht. Das Schweigen ist l\u00e4rmend, Empathie gef\u00e4hrlich. Ein b\u00f6ser Verdacht dr\u00e4ngt sich auf: <strong>Waren es am Ende die falschen Opfer, die falschen T\u00e4ter?<\/strong> Ein offizielles Gedenken, das seinen Namen verdiente, k\u00f6nnte es nicht bei den wolkigen Floskeln Zusammenhalt, Gemeinschaft, Vers\u00f6hnung bewenden lassen. Es m\u00fcsste auch die schale Rede in Medien und Politik \u00fcberwinden, die ein islamistisches Attentat zur \u201eTrag\u00f6die\u201c umbiegt. Ein gemeinschaftliches Gedenken m\u00fcsste zu einer Sprache finden, die den Verstrickungszusammenhang benennt, ohne ins Polemische abzugleiten: Menschen wurden ermordet, weil fanatisierte Muslime darin einen Gottesdienst erblicken.&#8220; &#8211; so Alexander Kissler in &#8222;Die falschen Toten&#8220;\u00a0(s.u.)<br \/>\n.<br \/>\nFr\u00fcher war Deutschland zu gemeinsamem Gedenken bereit: Nach dem Attentat bei der M\u00fcnchner Olmpiade 1972 war im Stadion kein Platz mehr frei, als Bundespr\u00e4sident Gustav Heinemann im Beisein von Regierung und Parlament seine bewegende Trauerrede hielt. Auch damals waren zw\u00f6lf ermordete Terroropfer zu beklagen.<br \/>\nHeute in Zeiten von <a title=\"Vorverurteilung\" href=\"https:\/\/www.freiburg-schwarzwald.de\/blog\/kultur\/medien\/vorverurteilung\/\">Generalverdacht<\/a>, Einzelfall und &#8222;<a title=\"Nix-mit-nix-zu-tun\" href=\"https:\/\/www.freiburg-schwarzwald.de\/blog\/engagement\/zukunft\/demokratie\/nix-mit-nix-zu-tun\/\">Nix mit nix zu tun<\/a>&#8220; w\u00e4re das Stadion bei einer solchen Trauerfeier vielleicht voll, aber Staat und <a title=\"GroKo\" href=\"https:\/\/www.freiburg-schwarzwald.de\/blog\/engagement\/zukunft\/demokratie\/groko\/\">Staatsregierung<\/a> w\u00fcrden fehlen.<br \/>\nWie zuletzt nach dem Istanbuler Attentat regiert Berlin mit verordneter Sprachlosigkeit und Schweigen: Elf der zw\u00f6lf von Islamisten in Istanbul Ermordeten waren Deutsche. Gezielt wurde eine deutsche Reisegruppe ausgesucht &#8211; Rassismus in Tateinheit mit Islam-Terrorismus. Dies wurde von de <a title=\"Mainstream\" href=\"https:\/\/www.freiburg-schwarzwald.de\/blog\/kultur\/medien\/mainstream\/\">Mainstream<\/a>-Presse heruntergespielt und auf Seite 3 verwiesen.<br \/>\nEin \u00f6ffentliches, gemeinschaftliches Gedenken w\u00fcrde eine <a title=\"Diskussionskultur\" href=\"https:\/\/www.freiburg-schwarzwald.de\/blog\/kultur\/medien\/diskussionskultur\/\">Diskussion<\/a>\u00a0initiieren, die unliebsame Fragen stellt:<br \/>\nWen wollte Amri treffen\u00a0&#8211; den Weihnachtsmarkt als Brauchtumssymbol? Unsere <a title=\"Freiheit\" href=\"https:\/\/www.freiburg-schwarzwald.de\/blog\/engagement\/zukunft\/demokratie\/freiheit\/\">Freiheit<\/a>, dort zu konsumieren?<br \/>\nWer ist diese Gemeinschaft &#8211; eine der <a title=\"Deutsche\" href=\"https:\/\/www.freiburg-schwarzwald.de\/blog\/global\/deutschland\/deutsche\/\">Deutschen<\/a> oder der <a title=\"Deutschland-verrecke\" href=\"https:\/\/www.freiburg-schwarzwald.de\/blog\/global\/deutschland\/deutschland-verrecke\/\">&#8222;Schon l\u00e4nger hier Lebenden&#8220;<\/a> (Merkel)? Wir haben kein Gedenken, weil es diese Gemeinschaft der Deutschen nicht geben soll.<br \/>\nZeig mir, wie Du mit deinen Toten umgehst, und ich sage dir, wie es um Deine Gesellschaft steht. Wenn es keine eigenen Toten mehr gibt, derer zu gedenken ist, dann w\u00fcrde der Franzose sagen &#8222;J&#8217;ai perdu ma patrie&#8220;. Ein Deutscher darf &#8222;Ich habe mein <a title=\"Patriotismus\" href=\"https:\/\/www.freiburg-schwarzwald.de\/blog\/engagement\/zukunft\/demokratie\/patriotismus\/\">Vaterland<\/a> verloren&#8220; nicht sagen, da &#8230;&#8230; ja, warum wohl?<br \/>\nDer Umgang mit den verstorbenen\u00a0B\u00fcrgern verr\u00e4t viel \u00fcber den Stand einer Nation. Wir haben zu trauern verlernt &#8211; um unsere Gesellschaft ist es schlecht bestellt. Wenn die eigenen Toten ignoriert und es, wenn \u00fcberhaupt, nur der Toten der Anderen zu gedenken gilt (<a title=\"Merkelismus\" href=\"https:\/\/www.freiburg-schwarzwald.de\/blog\/engagement\/zukunft\/demokratie\/merkelismus\/\">Merkel<\/a>\u00a0war in <a title=\"Paris13nov2015\" href=\"https:\/\/www.freiburg-schwarzwald.de\/blog\/engagement\/zukunft\/demokratie\/paris13nov2015\/\">Paris<\/a>), dann zeigt sich darin, was langer \u00a0<a title=\"Selbsthass\" href=\"https:\/\/www.freiburg-schwarzwald.de\/blog\/engagement\/zukunft\/selbsthass\/\">Selbsthass<\/a> auf <a title=\"Identitaet\" href=\"https:\/\/www.freiburg-schwarzwald.de\/blog\/engagement\/zukunft\/demokratie\/identitaet\/\">alles Deutsche<\/a>, <a title=\"Schuldkomplex\" href=\"https:\/\/www.freiburg-schwarzwald.de\/blog\/global\/deutschland\/schuldkomplex\/\">Schuldkomplex<\/a> und <a title=\"Gesinnungsethik\" href=\"https:\/\/www.freiburg-schwarzwald.de\/blog\/engagement\/zukunft\/demokratie\/gesinnungsethik\/\">gesinnungsethisch<\/a> begr\u00fcndeter <a title=\"Groessenwahn\" href=\"https:\/\/www.freiburg-schwarzwald.de\/blog\/engagement\/zukunft\/groessenwahn\/\">Gr\u00f6\u00dfenwahn<\/a>\u00a0in diesem Deutschland bereits angerichtet haben.<br \/>\n5.1.2016<\/p>\n<p><strong>Die falschen Toten<\/strong><br \/>\nIm Herzen der Hauptstadt wurden zw\u00f6lf Menschen ermordet. Ein \u00f6ffentliches Gedenken findet fast nicht statt. Eine Gesellschaft aber, die ihre Toten nicht betrauert, verliert ihre Menschlichkeit<br \/>\n&#8230; Alles von Alexander Kissler vom 5.1.2017 bitte lesen auf<br \/>\n<a href=\"https:\/\/cicero.de\/berliner-republik\/berliner-attentat-die-falschen-toten\">https:\/\/cicero.de\/berliner-republik\/berliner-attentat-die-falschen-toten<br \/>\n<\/a>\u00a0 .<br \/>\n<strong>Aus Angst keine s\u00e4kulare Trauerfeier<\/strong><br \/>\nNach dem Olympia-Attentat von 1972 gab es im M\u00fcnchener Olympiastadion eine Trauerfeier, bei der ich dabei war. Das Stadion war voll, und die gesamte Staatsspitze war anwesend. Es ist tats\u00e4chlich h\u00f6chst befremdlich, dass sich die Bundesregierung nicht imstande sah, nach einem solchen Anschlag wie in Berlin, eine \u00e4hnliche s\u00e4kulare Trauerfeier zu organisieren. Die einzige Erkl\u00e4rung, die mir einfiele: Angst &#8211; vor Kritik, vor Emotionalisierung, vor einem neuen Anschlag. Eine Politik von Angst geleitet, das w\u00e4re allerdings ein Sieg des Terrorismus. Dass die Trauer in einen religi\u00f6sen Raum abgeschoben wurde ist im \u00dcbrigen bezeichnend f\u00fcr den Merkelschen Regierungsstil. Sie glaubt, falsche, terroristische Religiosit\u00e4t k\u00f6nnte man mit einem Mehr von &#8222;wahrer&#8220; Religion bek\u00e4mpfen.<br \/>\n5.1.2017, Roland Czajda, CO<br \/>\n.<br \/>\n<strong>Die Opfer verschweigen, den M\u00f6rder nonstop in den Medien<\/strong><br \/>\nAuch ich habe die Stille um die Opfer bemerkt. Keine Namen, keine Nationalit\u00e4ten, keine Bilder. Vor allem, keine Menschen mit denen man sich identifizieren kann. Daf\u00fcr nonstop Bilder von dem M\u00f6rder, seine Kindheit und wie er sich den Weg durch Europa gebahnt hat. Mir tun die Menschen leid, die ermordet wurden und deren Angeh\u00f6rigen, und auch diejenigen die noch in den Krankenh\u00e4usern liegen, f\u00fcr manche wird sich das Leben komplett ge\u00e4ndert habe. Aber Frau Merkel speist sie und uns mit Floskeln ab, es \u00e4rgert und macht w\u00fctend. Vor allem weil all dies h\u00e4tte vermieden werden k\u00f6nnen, durch kluge Staatspolitik f\u00fcr das Volk und nicht Politik f\u00fcr die eigene Karriere.<br \/>\n5.1.2016, Hans Page, , CO<br \/>\n.<br \/>\n<strong>M\u00fcrrische Indifferenz bei deutschen Opfern &#8211; \u00f6ffentl. Emp\u00f6rung bei Migranten-Opfern<\/strong><br \/>\nDer Politologe Herfried M\u00fcnkler verlangt ja bei Terroranschl\u00e4gen, die von Islamisten begangen wurden, eine Haltung der &#8222;m\u00fcrrischen Indifferenz&#8220;. Aber nat\u00fcrlich gelten ganz andere Ma\u00dfst\u00e4be, wenn Rechtsradikale gemordet haben. Da ist dann keine Rede von &#8222;m\u00fcrrischer Indifferenz&#8220;, sondern vielmehr \u00f6ffentliche Emp\u00f6rung und \u00f6ffentliches, gesellschaftliches Betrauern der Opfer wird gefordert. Was f\u00fcr eine Doppelmoral!<br \/>\n5.1.2017, Karl Mallinger<br \/>\n.<br \/>\n<strong>Medien \u00fcbernehmen Beschwichtigungstaktik der \u00e4ngstlichen Regierung<\/strong><br \/>\nBin Schweizer und schaue (logischerweise) h\u00e4ufig D-TV. Bei Nachrichten der beiden Staatssendern \u00fcberkommt mich ebenso h\u00e4ufig das Gef\u00fchl, dass Berichte \u00fcber Fl\u00fcchtlinge, Terrorismus etc. irgendwie PR-m\u00e4ssig gesch\u00f6nt sind. Der unsichtbare Draht von den Redaktionen zum K-Amt scheint vorhanden zu sein. Was ganz sicher stimmt und augen-\/ und ohrenf\u00e4llig ist: Viele Medien, die Rede ist nicht von Cicero, viele Medien \u00fcbernehmen die Beschwichtigungstaktik der Regierenden. Ja, Sie haben Recht: in Berlin scheint man Angst zu haben. Wen wundert&#8217;s!<br \/>\n5.1.2017, Roland Huber, WO<\/p>\n<p><strong>F\u00fcrchtet sich die Eliten-Politik vor dem Zorn der Opfer?<\/strong><br \/>\nVielen Dank f\u00fcr diesen einf\u00fchlsamen&#8220;Konter&#8220; &#8211; besser h\u00e4tte man es nicht sagen k\u00f6nnen: &#8222;Auch 56 Verletzte, darunter zw\u00f6lf Schwer- und Schwerstverletzte, z\u00e4hlen zu den Opfern. Ihr Leben wird nie wieder sein, wie es war. Sie tragen schlimme Sch\u00e4den an Leib und Seele davon. Selbst die \u00e4u\u00dferlich unverletzten Zeugen der Bluttat erh\u00f6hen die Opferbilanz &#8230;&#8220;<br \/>\nIch glaube, dass Sie bislang der einzige Kommentator sind, der die &#8222;nur&#8220; traumatisierten Opfer \u00fcberhaupt erw\u00e4hnt. Zwei Dinge besch\u00e4ftigen mich allerdings noch:<br \/>\n1. Hat die Bundesregierung, die sonst immer so eilfertig &#8222;Soforthilfe&#8220; in Millionenh\u00f6he verspricht, den Opfern und ihren Angeh\u00f6rigen unb\u00fcrokratische Hilfe angeboten?<br \/>\n2. Warum wurde Gauck im TV nicht zusammen mit den Opfern (selbstverst\u00e4ndlich mit deren Einverst\u00e4ndnis) gezeigt und warum kam er erst 2 Tage nach dem Anschlag? &#8211; Und Merkel kam bislang gar nicht. F\u00fcrchtet sich die &#8222;Elite&#8220; vor dem Zorn der Opfer?<br \/>\n5.1.2017, Edgar Timm, CO<\/p>\n<p><strong>M\u00f6rder Amri als Weihnachts-Titelschlagzeile &#8211; 12 Opfer nix<\/strong><br \/>\nEs war dies der erste islamistische Terroranschlag auf deutschem Boden, der zahlreiche Todesopfer zur Folge hatte &#8211; also mithin hat sich eine drastische Versch\u00e4rfung der Gesamtlage ergeben. Etwas Neuartiges ist hierzulande vorgefallen, doch es wird so getan, als sei alles wie immer. Dass die Regierungsparteien jeden Aufruhr rund um diesen Anschlag vermeiden wollen, ist klar: es ist Wahljahr und die Regierungsparteien stehen nach diesem Weihnachtsmarkt-Massaker in jeder Beziehung schlecht da. Also besser Gras \u00fcber die Sache wachsen lassen. Und die Gesellschaft h\u00e4lt sich an diese Vorgabe! Das gesellschaftliche Schweigen zu den Opfern ist dr\u00f6hnend laut. Alle wollen sich daran klammern, dass alles doch bitte so friedlich bleiben m\u00f6ge, wie es immer war. Mit seinem Hinweis auf die falschen Opfer hat Kissler auch recht; w\u00e4ren bei einem neonazistischen Brandanschlag auf ein Fl\u00fcchtlingsheim 12 Menschen gestorben, dann h\u00e4tten wir eine ganz andere Auseinandersetzung mit der Tat.<br \/>\nIst denn der Berliner Anschlag mit seinen Folgewirkungen auf die Opfer und deren Angeh\u00f6rige in irgendeiner Firm Thema? Nein. Zu Weihnachten r\u00fcckte die WELT AM SONNTAG wortw\u00f6rtlich in gro\u00dfer Schlagzeile &#8222;Das Leben und Sterben des Anis Amri&#8220; auf die Titelseite. Nicht zu fassen! Ein Schwerstverbrecher wird zu Weihnachten (ein Fest, das der T\u00e4ter offensichtlich hasste) mit einer Titelschlagzeile bedacht, mit der man eher eine Geschichte \u00fcber eines oder mehrere der Opfer h\u00e4tte betiteln k\u00f6nnen. So wird ein M\u00f6rder irgendwie auch zum Opfer stilisiert. Und die eigentlichen Opfer? Die bleiben so gesichts- wie namenlos. Absurd!<br \/>\nDieser Trauerakt in der Ged\u00e4chtniskirche hatte eher etwas Kontemplativ-Unaufgeregtes, quasi wie im Vorbeigehen zelebriert. Es bedarf hier schon eines deutlicheren Aktes, der nicht nur irgendwie privat-religi\u00f6s anmutet, sondern der auch eine politische Dimension hat. Es geht mir nicht um Dramatisierung und Emotionalisierung, aber um ein deutliches Zeichen des Staates f\u00fcr die ganze Gesellschaft &#8211; ruhig mit Flagge und Musik in Szene gesetzt, aber das ist nur Beiwerk -, durch das deutlich gemacht wird, dass dieses Massaker nicht nur eine naturkatastrophenhafte Trag\u00f6die ist, wie sie nun mal unverhinderbar immer wieder passieren, sondern, dass dies ein unter politisch-ideologischen Vorzeichen ver\u00fcbtes Massaker ist, das von Menschen ver\u00fcbt wurde, die uns hassen, weil wir so leben wie wir leben. Dieser Anschlag ist f\u00fcr Deutschland etwas Neues. Es fehlt mir eine k\u00e4mpferische Stellungnahme, so wie Helmut Schmidt sie angesichts des RAF-Terrors den damaligen Gesellschaftsfeinden entgegenhielt.<br \/>\n5.1.2016, Michael Bahr, CO<br \/>\n.<br \/>\n<strong>Der Titel der &#8222;falschen Opfer&#8220; tut mir weh,<\/strong><br \/>\nweil er besch\u00e4mender Weise zutreffend ist. Keine landesweite Schweigeminute, immer wird von 12 Opfern berichtet, der polnische Fahrer &#8222;unterschlagen&#8220;&#8230;&#8230; Ich sch\u00e4me mich f\u00fcr die gewollte K\u00e4lte und den rasanten \u00dcbergang zur Normalit\u00e4t. Ich hoffe mich nicht zu irren, dass viele Menschen in diesem Land, auch die mit Migrationshintergrund um die Ermordeten trauern und den Verletzten Genesung w\u00fcnschen, w\u00e4rmer und empathischer als die politische und mediale \u00d6ffentlichkeit.<br \/>\n6.1.2016, Christine Weiske,CO<br \/>\n.<br \/>\n<strong>Eine Verh\u00f6hnung der Opfer<\/strong><br \/>\nVerh\u00f6hnung ihres Leides und Ihrer Angeh\u00f6rigen! Da haben die Regierenden in Frankreich, bei all ihrem sonstigen Versagen, die Opfer viel angemessener gew\u00fcrdigt. Mit dem Mangel an Empathie (auch auffallend im Falle Maria L.) hat man die Opfer symbolisch ein zweites Mal verunglimpft, ob tot oder verletzt. Vielen Dank Herr Dr. Kissler, dieser Beitrag hat im deutschen Journalismus bislang gefehlt!<br \/>\n5.1.2016, Isabel d&#8217;Aguerre<br \/>\n.<br \/>\n<strong>Keine Gedenkfeier aus Angst vor Emotionalisierung<\/strong><br \/>\nEine Ver\u00f6ffentlichung von Fotos und Namen der Opfer w\u00fcrde zu einer Emotionalisierung der Bev\u00f6lkerung f\u00fchren und die muss nach Meinung unserer Regierung samt Opposition auf Teufel komm raus vermieden werden. Das &#8222;Volk&#8220;, in dem es nach der Masseneinwanderung von Muslimen und der daraus resultierenden Verschlechterung der inneren Sicherheit in einer MIschung aus Angst und hilflosem Zorn ohnedies brodelt, k\u00f6nnte ja durch eine entsprechende Berichterstattung weiter emotionalisiert (siehe die ermordete Tudge) und zu unvorhersehbaren Reaktionen verleitet werden. Ich wundere mich nur manchmal \u00fcber die Naivit\u00e4t unserer Politiker und Mainstram-Medien zu glauben, dass die &#8222;dumme&#8220; Bev\u00f6lkerung diese Man\u00f6ver und ihre Motivation nicht durchschaut. Es steht eher zu bef\u00fcrchten, dass die Wirkung auf die Dauer ins Gegenteil umschl\u00e4gt. Der Vorwurf der L\u00fcgenpresse und einer Zensur schlimmer als in der DDR verfolgt sie ja schon eine ganze Zeit und durch dauernde Unterlassungen werden diese Vorw\u00fcrfe sicher nicht weniger werden.<br \/>\n5.1.2016, Annelie Hopfenm\u00fcller, CO<br \/>\n.<br \/>\n<strong>F\u00fcrchtet sich die &#8222;Elite&#8220; vor dem Zorn der Opfer?<\/strong><br \/>\nvielen Dank f\u00fcr diesen einf\u00fchlsamen &#8222;Konter&#8220; &#8211; besser h\u00e4tte man es nicht sagen k\u00f6nnen: &#8222;Auch 56 Verletzte, darunter zw\u00f6lf Schwer- und Schwerstverletzte, z\u00e4hlen zu den Opfern. Ihr Leben wird nie wieder sein, wie es war. Sie tragen schlimme Sch\u00e4den an Leib und Seele davon. Selbst die \u00e4u\u00dferlich unverletzten Zeugen der Bluttat erh\u00f6hen die Opferbilanz &#8230;&#8220; Ich glaube, dass Sie bislang der einzige Kommentator sind, der die &#8222;nur&#8220; traumatisierten Opfer \u00fcberhaupt erw\u00e4hnt. Zwei Dinge besch\u00e4ftigen mich allerdings noch:<br \/>\n1. Hat die Bundesregierung, die sonst immer so eilfertig &#8222;Soforthilfe&#8220; in Millionenh\u00f6he verspricht, den Opfern und ihren Angeh\u00f6rigen unb\u00fcrokratische Hilfe angeboten?<br \/>\n2. Warum wurde Gauck im TV nicht zusammen mit den Opfern (selbstverst\u00e4ndlich mit deren Einverst\u00e4ndnis) gezeigt und warum kam er erst 2 Tage nach dem Anschlag? &#8211; Und Merkel kam bislang gar nicht. F\u00fcrchtet sich die &#8222;Elite&#8220; vor dem Zorn der Opfer?<br \/>\n5.1.2017. Edgar Timm. CO<\/p>\n<p><strong>Rechtsradikaler statt Islamist &#8211; Was w\u00e4re wenn?<\/strong><br \/>\nEine zu offene Trauer w\u00fcrde das Mantra st\u00f6ren, dass man sich in der offenen Gesellschaft nicht zu sehr am Terror st\u00f6ren sollte. Die schulterzuckende Ignoranz vieler Mitb\u00fcrger &#8211; vielleicht tats\u00e4chlich aus Gesinnungsgr\u00fcnden &#8211; ist unertr\u00e4glich. Ich erlaube mir, die Frage zu stellen, was w\u00e4re, wenn es einen Anschlag von Rechtsradikalen mit 12 Toten gegeben h\u00e4tte: Wie viele Trauergottesdienste, Glockenl\u00e4uten, Sonntagsreden usw. es gegeben h\u00e4tte &#8211; also: Kisslers Konter hat Recht!<br \/>\n5.1.2017, Peter Bigalk, CO<br \/>\n.<br \/>\n<strong>Deutscher Masochismus gegen einen deutschen Patriotismus<\/strong><br \/>\nEs ist eine Schande f\u00fcr Deutschland und es ist das Resultat der 68er Bewegung. Auch von Frau Merkel kann man nicht mehr erwarten, denn Sie ist in einem System erzogen worden und hat einem Staat gedient, in dem der &#8222;Klassenfeind&#8220; BRD bek\u00e4mpft wurde. Man darf sich deshalb nicht wundern, da\u00df alles, was irgendwie nach Patriotismus &#8222;riechen&#8220; k\u00f6nnte, rigoros und mit allen Mitteln bek\u00e4mpft wird. Mir ist kein anderes Land in der Welt bekannt (und ich bin viel gereist), in dem der Masochismus gegen einen Patriotismus und eine nationale Identifikation so intensiv betrieben wird wie in Deutschland. Fahren Sie in irgendein Land der Welt und Sie erleben, wie andere Laender Patriotismus &#8222;zelebrieren&#8220;!<br \/>\n5.1.2016, Reinhard Benditte, CO<\/p>\n<p>.<br \/>\n<strong>Fake der Presse &#8222;Alles unter Kontrolle&#8220; &#8211; ein Trauma f\u00fcr die Angeh\u00f6rigenl<\/strong><br \/>\nDanke f\u00fcr den guten Artikel &#8222;Die falschen Toten&#8220; und das Lenken der Aufmerksamkeit auf diesen denkw\u00fcrdigen Umstand. Ich bin nicht selbst betroffen, war aber kurze Zeit vor dem Anschlag an eben dieser Stelle und versp\u00fcre sogar aus dieser relativen Ferne ein kleines Trauma. Wie muss es erst den \u00dcberlebenden und den Angeh\u00f6rigen der Toten gehen! Schon in der Nacht selbst habe ich mich ma\u00dflos \u00fcber die valiumartige Berichterstattung etwa auf N24, erst Recht bei den anderen Sendern erregt. Es wurde die Fake-Nachricht von h\u00f6chster Stelle verbreitet, alles sei unter Kontrolle. Heute wissen wir, nichts war unter Kontrolle. Amri hat sich noch darin gefallen, auf dem naheliegenden Bahnhof Zoo den Finger in die \u00dcberwachungskamera zu recken, bevor er unerkannt quer durch Europa reiste. In der Nacht gab es keine Hilfestellungen f\u00fcr alle, die Angeh\u00f6rige vor Ort vermutet haben, nichts, gar nichts, keine Einblendung einer Telefonnummer o.\u00e4. Auf <a href=\"https:\/\/www.berlin.de\">www.berlin.de<\/a> wurde f\u00fcr Silvester geworben. aktuelle Hilfe? Fehlanzeige.<br \/>\n6.1.2017, Gunnar Seifulin, CO<\/p>\n","protected":false},"excerpt":{"rendered":"<p>Ein Tag nach dem 4. Advent wurden zw\u00f6lf Menschen auf einem Berliner Weihnachtsmarkt ermordet. Den Opfern sagen Staat und Regierung: Pers\u00f6nlich schlimm, aber damit m\u00fcsst ihr alleine fertig werden. Nur so l\u00e4\u00dft sich deuten, dass die Regierung zu keinem \u00f6ffentlichen, &hellip; <a href=\"https:\/\/www.freiburg-schwarzwald.de\/blog\/berlin-das-trauern-ist-verlernt\/\">Weiterlesen <span class=\"meta-nav\">&rarr;<\/span><\/a><\/p>\n","protected":false},"author":2,"featured_media":0,"comment_status":"open","ping_status":"closed","sticky":false,"template":"","format":"standard","meta":{"footnotes":""},"categories":[36,238,210,155,157,19,172],"tags":[633,498,549,732,421,726,463],"class_list":["post-64085","post","type-post","status-publish","format-standard","hentry","category-engagement","category-friedhoefe","category-gewalt","category-integration","category-oeffentlicher-raum","category-religion","category-zukunft","tag-demokratie","tag-friedhof","tag-gesetz","tag-gewalt","tag-islam","tag-oeffentlicher-raum","tag-tod"],"_links":{"self":[{"href":"https:\/\/www.freiburg-schwarzwald.de\/blog\/wp-json\/wp\/v2\/posts\/64085","targetHints":{"allow":["GET"]}}],"collection":[{"href":"https:\/\/www.freiburg-schwarzwald.de\/blog\/wp-json\/wp\/v2\/posts"}],"about":[{"href":"https:\/\/www.freiburg-schwarzwald.de\/blog\/wp-json\/wp\/v2\/types\/post"}],"author":[{"embeddable":true,"href":"https:\/\/www.freiburg-schwarzwald.de\/blog\/wp-json\/wp\/v2\/users\/2"}],"replies":[{"embeddable":true,"href":"https:\/\/www.freiburg-schwarzwald.de\/blog\/wp-json\/wp\/v2\/comments?post=64085"}],"version-history":[{"count":0,"href":"https:\/\/www.freiburg-schwarzwald.de\/blog\/wp-json\/wp\/v2\/posts\/64085\/revisions"}],"wp:attachment":[{"href":"https:\/\/www.freiburg-schwarzwald.de\/blog\/wp-json\/wp\/v2\/media?parent=64085"}],"wp:term":[{"taxonomy":"category","embeddable":true,"href":"https:\/\/www.freiburg-schwarzwald.de\/blog\/wp-json\/wp\/v2\/categories?post=64085"},{"taxonomy":"post_tag","embeddable":true,"href":"https:\/\/www.freiburg-schwarzwald.de\/blog\/wp-json\/wp\/v2\/tags?post=64085"}],"curies":[{"name":"wp","href":"https:\/\/api.w.org\/{rel}","templated":true}]}}