{"id":63583,"date":"2016-12-06T10:08:31","date_gmt":"2016-12-06T09:08:31","guid":{"rendered":"https:\/\/www.freiburg-schwarzwald.de\/blog\/?p=63583"},"modified":"2016-12-07T16:28:28","modified_gmt":"2016-12-07T15:28:28","slug":"lichterketten-und-kniefall","status":"publish","type":"post","link":"https:\/\/www.freiburg-schwarzwald.de\/blog\/lichterketten-und-kniefall\/","title":{"rendered":"Lichterketten und Kniefall"},"content":{"rendered":"<p>Zahlreiche <a title=\"Freiburg\" href=\"https:\/\/www.freiburg-schwarzwald.de\/blog\/regio\/freiburg\/\">Freiburger<\/a> finden sich zu <a title=\"Oeffentlicher-Raum\" href=\"https:\/\/www.freiburg-schwarzwald.de\/blog\/kultur\/oeffentlicher-raum\/\">Lichterketten<\/a>, eine in der Innenstadt ums <a title=\"Rathaus\" href=\"https:\/\/www.freiburg-schwarzwald.de\/blog\/regio\/freiburg\/rathaus\/\">Rathaus<\/a> und eine weitere entlang des <a title=\"Dreisamuferweg\" href=\"https:\/\/www.freiburg-schwarzwald.de\/blog\/regio\/verkehr\/fahrradwege\/dreisamuferweg\/\">Nachhausewegs von Maria L<\/a>. von der Uni bis zum Tatort an der <a title=\"Dreisam\" href=\"https:\/\/www.freiburg-schwarzwald.de\/blog\/regio\/fluss\/dreisam\/\">Dreisam<\/a> bei der Juhe-Br\u00fccke. Damit <a title=\"Demokratie\" href=\"https:\/\/www.freiburg-schwarzwald.de\/blog\/engagement\/zukunft\/demokratie\/\">entbieten sie<\/a> Verwandten, Freunden wie Bekannten der <a title=\"Dreisam-Mord\" href=\"https:\/\/www.freiburg-schwarzwald.de\/blog\/global\/integration\/dreisam-mord\/\">ermordeten 19-j\u00e4hrigen Studentin<\/a> ihr Mitgef\u00fchl und setzen ein Zeichen f\u00fcr <a title=\"Frauenrechte\" href=\"https:\/\/www.freiburg-schwarzwald.de\/blog\/global\/integration\/frauenrechte\/\">Frauenrechte<\/a> bzw. Gleichberechtigung, f\u00fcr die <a title=\"Frauen-Freiheit\" href=\"https:\/\/www.freiburg-schwarzwald.de\/blog\/selbsthilfe\/frauen\/frauen-freiheit\/\">Freiheit der Frau<\/a>\u00a0<!--more-->sowie gegen <a title=\"Gewalt\" href=\"https:\/\/www.freiburg-schwarzwald.de\/blog\/selbsthilfe\/krise\/gewalt\/\">Gewalt gegen Frauen<\/a> &#8211; auch wenn die Gewalt von <a title=\"Migration\" href=\"https:\/\/www.freiburg-schwarzwald.de\/blog\/global\/migration\/\">Migranten<\/a> ver\u00fcbt wird, in deren Heimat Frauen kulturell-<a title=\"Islam-Sexualitaet\" href=\"https:\/\/www.freiburg-schwarzwald.de\/blog\/religion\/islam\/islam-sexualitaet\/\">religi\u00f6s<\/a> bedingt fast rechtlos sind. An den Lichterketten nehmen alle teil &#8211; gro\u00df und klein, schwarz und wei\u00df, links und rechts, oben und unten.<\/p>\n<p>Oberb\u00fcrgermeister Salomon f\u00e4hrt nach Pforzheim, um den Eltern von Maria L. seine Betroffenheit auszudr\u00fccken und die tiefe Anteilnahme der Freiburger B\u00fcrger zu \u00fcbermitteln. Ob es dabei zu einem Kniefall (Willy Brandt) kommt, mag der Augenblick entscheiden.<br \/>\n.<br \/>\nLeider ist beides &#8211; Lichterketten wie Kniefall &#8211; reines Wunschdenken, Fiktion. Leider ist unsere <a title=\"Diskussionskultur\" href=\"https:\/\/www.freiburg-schwarzwald.de\/blog\/kultur\/medien\/diskussionskultur\/\">Diskussionskultur<\/a> zerst\u00f6rt. Leider gibt es nur die Polarisierung in Fl\u00fcchtlingsfreunde und Fl\u00fcchtlingsfeinde, wobei all die Besorgten, Mi\u00dftrauischen, Ver\u00e4ngstigten, Fragenden, Hilflosen und auch Abweisenden automatisch den Fl\u00fcchtlingsfeinden zugeordnet werden. Und da die <a title=\"Wir-schaffen-das\" href=\"https:\/\/www.freiburg-schwarzwald.de\/blog\/global\/migration\/wir-schaffen-das\/\">Alternativlosigkeit<\/a> regiert, gib es f\u00fcr sie keinen dritten Weg.<br \/>\n6.12.2016<\/p>\n<p><strong>Gibt es schlimme Gewalt und weniger schlimme Gewalt?<\/strong><br \/>\nNachdem der 20-j\u00e4hrige Eritr\u00e4er Khaled Bahray am 13.1.2015 in Dresden nahe eines Fl\u00fcchtlingswohnheims erstochen wurde, gab es deutschlandweit zahlreiche Lichterketten. Gut so. Lag es aber auch daran, dass FAZ, Spiegel, taz und Zeit Unwahrheiten verbreiteten (Hakenkreuze am Tatort, T\u00e4ter aus rechtem Milieu)? PS: Sp\u00e4ter gestand ein Landsmann die Tat und die Lichterketten erloschen.<br \/>\nNachdem die 19-j\u00e4hrige Studentin Maria L. am 15.10.2016 in Freiburg an der Dreisam vergewaltigt und ertr\u00e4nkt wurde, verzichten gute Menschen wie Gutmenschen auf Lichterketten. Lag es daran, dass der T\u00e4ter ein unbegleiteter minderj\u00e4hriger Fl\u00fcchtling (<a title=\"UMF\" href=\"https:\/\/www.freiburg-schwarzwald.de\/blog\/global\/integration\/umf\/\">UMF<\/a>, neuerdings <a title=\"UMA\" href=\"https:\/\/www.freiburg-schwarzwald.de\/blog\/global\/integration\/uma\/\">UMA<\/a>) aus Afghanistan ist?<br \/>\nSind hiesige M\u00f6rder als schlimm zu verurteilen und immigrierte M\u00f6rder zu ignorieren?<br \/>\nWarum gab es keine M\u00f6glichkeit in Deutschland, an einer Lichterkette teilzunehmen, nur um seine Betroffenheit zu dieser abscheulichen Tat zu bekunden und den leidenden Eltern des Opfers das Mitgef\u00fchl auszudr\u00fccken. Weil man gar bef\u00fcrchten mu\u00df, als rechter Fl\u00fcchtlingshasser abgetan zu werden?<br \/>\n.<br \/>\nVon der T\u00f6tung von Tugce berichtete auch die Tagesschau am gleichen Tag (obgleich regional), von der T\u00f6tung von Maria L. hingegen nicht (da regional) bzw. erst zwei Tage sp\u00e4ter am 5.12.2016..<br \/>\nDer Anschlag auf das Asylbewerberheim in Villingen-Schwenningen war f\u00fcr die ARD tagt\u00e4gliche Meldungen wert &#8211; bis sich herausstellte, dass die Tat keinen fremdenfeindlichen Hintergrund hatte.<br \/>\nAls am 10.4.2015 ein Fl\u00fcchtlingswohnheim in Hamburg brannte, berichtete auch der DLF st\u00fcndlich im Radio und an erster Stelle. Als die Polizei UMFs als Brandstifter \u00fcberf\u00fchrte anstatt irgendwelche vorverd\u00e4chtigten rechten Dumpfbacken, da brach das Medieninteresse abrupt ein.<br \/>\n.<br \/>\nAlles Einzelf\u00e4lle, gewi\u00df. Aber warum schweigen auch die sog. seri\u00f6sen Medien, die Mainstream-Medien, gerne dann, wenn Migranten als T\u00e4ter \u00fcberf\u00fchrt werden? Und warum headlinern sie immer dann, wenn der T\u00e4ter ein rechtsextremer Fremdenhasser ist?<br \/>\nSeri\u00f6ser Journalismus trennt zwischen Info und Meinung und meidet Vorverurteilung auch beim Kommentar. Zu oft fehlt beides \u2013 leider.<br \/>\n6.12.2016<br \/>\n.<br \/>\n<strong>Gesellschaft spalten<\/strong><br \/>\n&#8222;Dieses und viele andere Opfern w\u00fcrde es nicht geben, w\u00e4re dieses Land auf die Gefahren vorbereitet gewesen, die mit massiver Zuwanderung immer verbunden sind&#8220; &#8211; so Rainer Wendt, Chef der Deutschen Polizeigewerkschaft am 5.12.2016, zum Sexualmord an der Dreisam. Damit dr\u00fcckt Wendt\u00a0aus, dass kein Staat \u00fcberleben kann, wenn er seine Grenzen \u00f6ffnet und dann unkontrolliert offen l\u00e4\u00dft (was auch am heutigen Nikolaustag 6.12.2016 der Fall ist). Wenn im Leitartikel der BZ am 6.12. der Rat erteilt wird &#8222;Gehen wir auch der Polizeigewerkschaft nicht auf den Leim, &#8230;&#8220;, dann ist dies ein Zeichen von unertr\u00e4glichem <a title=\"Nudging\" href=\"https:\/\/www.freiburg-schwarzwald.de\/blog\/engagement\/zukunft\/demokratie\/nudging\/\">Nudging<\/a>, das die Spaltung der Gesellschaft in Bef\u00fcrworter und Gegner der Masseneinwanderung weiter vertieft.<br \/>\n6.12.2016<br \/>\n.<\/p>\n<p><strong>Migranten gegen Frauen: Wieviele Einzelf\u00e4lle noch?<\/strong><br \/>\nFest steht nun einmal, dass der Tatverd\u00e4chtige ein Afghane ist, der hier Schutz und soziale Absicherung genoss. Fest steht weiter, dass er illegal nach Deutschland eingereist ist. Und damit steht fest, dass die Get\u00f6tete, deren Existenz einfach ausgel\u00f6scht wurde, heute noch lebte, w\u00e4ren unsere Grenzen 2015 nicht offen gewesen. Somit h\u00e4tte der Verd\u00e4chtige nicht einreisen k\u00f6nnen. Und was den &#8222;Einzelfall&#8220; anbelangt: Wie viele Einzelf\u00e4lle von sexuellen \u00dcbergriffen \u2013 vom Antanzen, \u00fcber das Begrabschen, bis hin zur Vergewaltigung und zum feigen Mord \u2013 von Migranten m\u00fcssen wir Frauen noch \u00fcber uns ergehen lassen, bis die Politik endlich die Rei\u00dfleine zieht? Ich frage mich, ob dieser Fall nicht Anlass genug ist f\u00fcr eine generalpr\u00e4ventive Berichterstattung nach dem Motto &#8222;Migranten, herh\u00f6ren! Ihr k\u00f6nnt noch so hinterh\u00e4ltige brutale Verbrechen in unserem Land begehen. Wir haben die Polizei, um diese aufzukl\u00e4ren. Wir schaffen das&#8220;. Freilich mache ich mir da keine Illusionen. Was wird aus dem Verfahren werden? Schon jetzt d\u00fcrfte feststehen, dass der Tatverd\u00e4chtige psychiatrisch untersucht wird. Das &#8222;Fl\u00fcchtlingstrauma&#8220; wird eine zentrale Rolle im Prozess spielen. Und herauskommen wird, wenn \u00fcberhaupt, eine geringf\u00fcgige Jugendstrafe (unterstellt, der Tatverd\u00e4chtige ist tats\u00e4chlich 17 Jahre alt).<br \/>\n7.12.2016, Nina M\u00e4rker, Freiburg, BO<br \/>\n.<br \/>\n<strong>Welche Stimmung h\u00e4tten\u2019s denn gern?<\/strong><br \/>\nAuf Ihren Kommentar wurde ich von meinem j\u00fcngsten Sohn aufmerksam gemacht. Sie machen sich Sorgen, dass die Stimmung vergiftet wird. \u00dcber Freiburg lag seit Oktober ein dunkler Schatten. Endlich konnte die Polizei nun einen Tatverd\u00e4chtigen festnehmen, und Sie machen sich Sorgen, dass die Stimmung vergiftet wird. Welche Stimmung denn? Unsere 19 Jahre alte Tochter lebt seit Oktober in Freiburg. Wir sind jedes Mal froh, wenn sie am Sonntagabend wohlbehalten in ihrer Wohnung angekommen ist. Da kann von Stimmung nicht die Rede sein. Wenigstens ist die BZ ihrem journalistischem Auftrag nachgekommen. Der ARD, die wir alle zwangsfinanzieren m\u00fcssen, war dieser Fahndungserfolg keine Meldung in der Tagesschau wert. Mein Sohn, der mich \u00fcber Ihren Kommentar informierte, wurde mit 19 Jahren kurz vorm Abitur von einem deutsch-ausl\u00e4ndischen Quartett fast totgeschlagen. Dass er \u00fcberlebte, hat er einem Wachmann zu verdanken, der die Schl\u00e4ger von weiteren Kopftritten abhalten konnte. Durch das schnelle Eingreifen der Polizei wurden zwei Schl\u00e4ger erwischt und mit je einer Woche Arrest bestraft. Aber nur, weil sie vorher schon \u00e4hnlich aggressiv aufgefallen waren. Die beiden anderen Schl\u00e4ger wurden von der Staatsanwaltschaft nie ermittelt. Sehr geehrter Herr Fricker, welche Stimmung h\u00e4tten\u2019s denn gern?<br \/>\n7.12.2016, Joachim Stieler, L\u00f6rrach, BO<\/p>\n<p><strong>Den Verd\u00e4chtigen Hussein K. sollte man nicht abschieben<\/strong><br \/>\nUnsere Polizei hat hervorragende Arbeit geleistet. Zumindest f\u00fcr den Bereich Freiburg ist der Sorgendruck gemindert worden. Der Tatverd\u00e4chtige ist ein Afghane unbestimmten Alters, was nicht rechtfertigt, s\u00e4mtliche Afghanen als potenzielle M\u00f6rder zu verd\u00e4chtigen. Dass zur AfD-Kundgebung ganze 15 Teilnehmer erschienen waren, zeigt, dass die Mehrheit der Bev\u00f6lkerung sich nicht aufhetzen lassen will. Sollte der Tatverd\u00e4chtige verurteilt werden, sollte er nicht zur Strafverb\u00fc\u00dfung in sein Herkunftsland abgeschoben werden. Dort wird die Ermordung einer &#8222;ungl\u00e4ubigen Frau&#8220; anders gesehen, als dies mit unserem Rechts- und Gerechtigkeitsverst\u00e4ndnis vereinbar w\u00e4re, was zu ungerechtfertigten Straferleichterungen f\u00fchren und die Abschreckungswirkung mildern k\u00f6nnte.<br \/>\n7.12.2016, Hermann Knodel, Herbolzheim-Tutschfelden<\/p>\n<p>&nbsp;<\/p>\n","protected":false},"excerpt":{"rendered":"<p>Zahlreiche Freiburger finden sich zu Lichterketten, eine in der Innenstadt ums Rathaus und eine weitere entlang des Nachhausewegs von Maria L. von der Uni bis zum Tatort an der Dreisam bei der Juhe-Br\u00fccke. Damit entbieten sie Verwandten, Freunden wie Bekannten &hellip; <a href=\"https:\/\/www.freiburg-schwarzwald.de\/blog\/lichterketten-und-kniefall\/\">Weiterlesen <span class=\"meta-nav\">&rarr;<\/span><\/a><\/p>\n","protected":false},"author":2,"featured_media":0,"comment_status":"open","ping_status":"closed","sticky":false,"template":"","format":"standard","meta":{"footnotes":""},"categories":[355,379,50,49,155,60,80,157],"tags":[325,633,208,485,732,525],"class_list":["post-63583","post","type-post","status-publish","format-standard","hentry","category-buergerinitiativen","category-dreisam","category-dreisamtal","category-freiburg","category-integration","category-jugend","category-medien","category-oeffentlicher-raum","tag-demo","tag-demokratie","tag-ehrlichkeit","tag-refugee","tag-gewalt","tag-politik"],"_links":{"self":[{"href":"https:\/\/www.freiburg-schwarzwald.de\/blog\/wp-json\/wp\/v2\/posts\/63583","targetHints":{"allow":["GET"]}}],"collection":[{"href":"https:\/\/www.freiburg-schwarzwald.de\/blog\/wp-json\/wp\/v2\/posts"}],"about":[{"href":"https:\/\/www.freiburg-schwarzwald.de\/blog\/wp-json\/wp\/v2\/types\/post"}],"author":[{"embeddable":true,"href":"https:\/\/www.freiburg-schwarzwald.de\/blog\/wp-json\/wp\/v2\/users\/2"}],"replies":[{"embeddable":true,"href":"https:\/\/www.freiburg-schwarzwald.de\/blog\/wp-json\/wp\/v2\/comments?post=63583"}],"version-history":[{"count":0,"href":"https:\/\/www.freiburg-schwarzwald.de\/blog\/wp-json\/wp\/v2\/posts\/63583\/revisions"}],"wp:attachment":[{"href":"https:\/\/www.freiburg-schwarzwald.de\/blog\/wp-json\/wp\/v2\/media?parent=63583"}],"wp:term":[{"taxonomy":"category","embeddable":true,"href":"https:\/\/www.freiburg-schwarzwald.de\/blog\/wp-json\/wp\/v2\/categories?post=63583"},{"taxonomy":"post_tag","embeddable":true,"href":"https:\/\/www.freiburg-schwarzwald.de\/blog\/wp-json\/wp\/v2\/tags?post=63583"}],"curies":[{"name":"wp","href":"https:\/\/api.w.org\/{rel}","templated":true}]}}