{"id":63510,"date":"2016-12-03T18:05:32","date_gmt":"2016-12-03T17:05:32","guid":{"rendered":"https:\/\/www.freiburg-schwarzwald.de\/blog\/?p=63510"},"modified":"2016-12-05T18:20:03","modified_gmt":"2016-12-05T17:20:03","slug":"dreisam-mord-migrant-in-haft","status":"publish","type":"post","link":"https:\/\/www.freiburg-schwarzwald.de\/blog\/dreisam-mord-migrant-in-haft\/","title":{"rendered":"Dreisam-Mord &#8211; Migrant in Haft"},"content":{"rendered":"<p><a title=\"Dreisam-Mord\" href=\"https:\/\/www.freiburg-schwarzwald.de\/blog\/global\/integration\/dreisam-mord\/\">Dreisam-Sexualmord<\/a>: Am 2.12.2016 wurde ein 17-J\u00e4hriger in <a title=\"Littenweiler\" href=\"https:\/\/www.freiburg-schwarzwald.de\/blog\/regio\/freiburg\/littenweiler\/\">Littenweiler<\/a> als <a title=\"Hoffentlich kein Fluechtling\" href=\"https:\/\/www.freiburg-schwarzwald.de\/blog\/hoffentlich-kein-fluechtling\/\">Tatverd\u00e4chtiger<\/a> des <a title=\"Sexuellermissbrauch\" href=\"https:\/\/www.freiburg-schwarzwald.de\/blog\/selbsthilfe\/krise\/sexuellermissbrauch\/\">Mordes<\/a> nach <a title=\"Generalverdacht und DNA-Tests\" href=\"https:\/\/www.freiburg-schwarzwald.de\/blog\/generalverdacht-und-dna-tests\/\">Vergewaltigung<\/a> an der 19-j\u00e4hrigen Studentin <a title=\"Mord Endingen Dreisam Gewalt\" href=\"https:\/\/www.freiburg-schwarzwald.de\/blog\/mord-endingen-dreisam-gewalt\/\">Maria L<\/a> festgenommen. Der Afghane kam nach <a title=\"Budapest-Dublin2015\" href=\"https:\/\/www.freiburg-schwarzwald.de\/blog\/global\/eu\/budapest-dublin2015\/\">Budapest 9\/2015<\/a> als Unbegleiteter Minderj\u00e4hriger Ausl\u00e4nder (<a title=\"UMA\" href=\"https:\/\/www.freiburg-schwarzwald.de\/blog\/global\/integration\/uma\/\">UMA<\/a>) bzw. Fl\u00fcchtling (<a title=\"UMF\" href=\"https:\/\/www.freiburg-schwarzwald.de\/blog\/global\/integration\/umf\/\">UMF<\/a>) nach <a title=\"Freiburg\" href=\"https:\/\/www.freiburg-schwarzwald.de\/blog\/regio\/freiburg\/\">Freiburg<\/a>, wo er die <a title=\"Die deutsche UMF-Unehrlichkeit\" href=\"https:\/\/www.freiburg-schwarzwald.de\/blog\/die-deutsche-umf-unehrlichkeit\/\">Inobhutnahme<\/a> bei einer Familie in Anspruch nahm.<br \/>\n<!--more--><br \/>\n.<br \/>\n&#8222;Hoffentlich war es kein Fl\u00fcchtling&#8220; &#8211;\u00a0 nie geschrieben, zuweilen gesagt und oft gedacht. \u00a0Ein Wunschdenken, das aufgrund unserer <a title=\"Generalverdacht und DNA-Tests\" href=\"https:\/\/www.freiburg-schwarzwald.de\/blog\/generalverdacht-und-dna-tests\/\">DNA-Gesetzeslage<\/a> die Freiburger B\u00fcrger so lange Zeit verunsichern konnte und das sich nun leider nicht bewahrheiten konnte.<br \/>\n.<\/p>\n<p><strong>Freiburger Polizei nimmt im Fall Maria L. einen unbegleiteten 17-j\u00e4hrigen Fl\u00fcchtling fest<\/strong><br \/>\nDie <a title=\"Generalverdacht und DNA-Tests\" href=\"https:\/\/www.freiburg-schwarzwald.de\/blog\/generalverdacht-und-dna-tests\/\">DNA<\/a> des Mannes stimmt mit der <a title=\"Generalverdacht und DNA-Tests\" href=\"https:\/\/www.freiburg-schwarzwald.de\/blog\/generalverdacht-und-dna-tests\/\">DNA<\/a> an der Leiche \u00fcberein. Wegen des dringenden Tatverdachts der Vergewaltigung und des Mordes wurde der Mann festgenommen. Es handelt sich um einen 17 Jahre alten Afghanen, der 2015 ohne Familie eingereist ist. Er wohnte bei einer Familie bis zur Tat. &#8230; am gestrigen 2.12. sei der junge Mann im Stadtteil Littenweiler gesichtet und kontrolliert werden und von der Polizei Littenweiler an die Kripo \u00fcbergeben. &#8230;. Der Soko-Chef David M\u00fcller gew\u00e4hrt einen Einblick in die Ermittlungen.<br \/>\n&#8222;Wichtig war, die Tatvorphase zu rekonstruieren. Anhand von Vernehmungen und Online-Umfragen auf dem Lernportal der Uni konnte die Tatvorphase nahezu l\u00fcckenlos rekonstruiert werden. Die Studentin war auf einer Party in der Mensa Institutsviertel. Dort war sie bis 2.37 Uhr, anschlie\u00dfend verlie\u00df sie die Party. Bilder und Vernehmungen haben dies best\u00e4tigt. Um 2.40 Uhr begab sich die Studentin mit dem Rad nach Hause in Littenweiler, sie nahm ihren normalen Heimweg. Zur Tat kam es am Stadion am <a title=\"Dreisamuferweg\" href=\"https:\/\/www.freiburg-schwarzwald.de\/blog\/regio\/verkehr\/fahrradwege\/dreisamuferweg\/\">Dreisamuferweg<\/a>. Die Frau wurde Opfer eines Sexualdelikts und Gewaltverbrechen. Die Todesursache lautete auf Ertrinken.&#8220; &#8230;.<br \/>\nAlles vom 3.12.2016 bitte lesen auf<br \/>\n<a href=\"https:\/\/www.badische-zeitung.de\/freiburger-polizei-nimmt-im-fall-maria-l-einen-unbegleiteten-17-jaehrigen-fluechtling-fest\">https:\/\/www.badische-zeitung.de\/freiburger-polizei-nimmt-im-fall-maria-l-einen-unbegleiteten-17-jaehrigen-fluechtling-fest<br \/>\n<\/a>.<\/p>\n<p><strong>Die <a title=\"Bassam Tibi: Kritik gleich Phobie\" href=\"https:\/\/www.freiburg-schwarzwald.de\/blog\/bassam-tibi-kritik-gleich-phobie\/\">Keulen<\/a> von Pauschalisierung und Generalverdacht werden schon geschwungen<\/strong><br \/>\nSeine Gedanken seien bei der Familie der Studentin sowie ihren Freunden. Salomon mahnte zugleich, die \u201eHerkunft des T\u00e4ters nicht f\u00fcr Pauschalurteile heranzuziehen, sondern den Einzelfall zu betrachten\u201c.<br \/>\n&#8230;. Alles vom 3.12.2016 bitte lesen auf<br \/>\n<a href=\"https:\/\/www.welt.de\/vermischtes\/article159947230\/Tote-Studentin-Verdaechtiger-ist-17-jaehriger-Fluechtling.html\">https:\/\/www.welt.de\/vermischtes\/article159947230\/Tote-Studentin-Verdaechtiger-ist-17-jaehriger-Fluechtling.html<\/a><\/p>\n<p><strong>&#8222;Auf dem Heimweg sei es zu dem tragischen Ereignis gekommen.&#8220;<\/strong><br \/>\nEin tragisches Ereignis w\u00e4re es f\u00fcr mich gewesen, wenn das Opfer meinetwegen gest\u00fcrzt w\u00e4re und sich dabei t\u00f6dlich verletzt h\u00e4tte. So ist es Mord aus niedrigen Beweggr\u00fcnden. Was gibt es da schon wieder zu relativieren? Und au\u00dferdem ist es in diesem Fall alternativlos das tats\u00e4chliche Alter des &#8222;Minderj\u00e4hrigen&#8220; zweifelsfrei festzustellen.<br \/>\n3.12.2016, Klaus K., WO<br \/>\n.<br \/>\n<strong>Wo ist Claudia Roth, Licherkette und Emp\u00f6rung?<\/strong><br \/>\nUnd wo bleiben sie, die \u00fcblichen sofort aufbr\u00fcllenden Berufsemp\u00f6rten? Mal eben ne Lichterkette organisieren sollte schon drin sein. Ach ja, ich verga\u00df, wird leider nicht viel von deren Seite kommen, es handelt sich ja nicht um jemand, der erst neu hier zugezogen ist. Besch\u00e4mend! Ich schicke mein ehrliches und aufrichtiges Beileid an die Familie. Ich m\u00f6chte noch so viel sagen, ich kann einfach nicht mehr.<br \/>\n3.12.2016, Wolfgang K., WO<br \/>\n.<br \/>\n<strong>T\u00e4ter in 3-5 Jahren wieder frei und in Obhut<\/strong><br \/>\nDer T\u00e4ter (ich darf ihn hier nicht anders nennen) wird in 3-5 Jahren wieder unter uns verweilen und da weiter machen wo er aufgeh\u00f6rt hat. Mein Beileid an die Familie. Frau Merkel hat keine Kinder und kann sich nicht vorstellen, was die Familie durchmacht. Ich bin so sauer auf unsere Politiker das kann sich keiner vorstellen.<br \/>\n3.12.2016, Bru H. SO<br \/>\n.<br \/>\n<strong>Afghanischer Fl\u00fcchtling &#8211; trotz Political Correctness<\/strong><br \/>\nIch finde es bemerkenswert, dass ohne Umschweife zugegeben wird, dass der T\u00e4ter ein afghanischer Fl\u00fcchtling ist. Nicht dass mich diese Tatsache erheblich verwundert h\u00e4tte &#8211; mich erstaunt vielmehr, dass solche Aspekte nun frei ausgesprochen werden k\u00f6nnen. Das l\u00e4sst hoffen! &#8222;Das ist nicht mein Land&#8220; &#8211; eine der wenigen (wenn nicht die einzige) Aussagen von Angela Merkel, die ich von Tag zu Tag mehr teile.<br \/>\n3.12.2016, Magnolia<br \/>\n.<br \/>\n<strong>Von Angela Merkel ist nichts zu erwarten &#8211; kein Kniefall<\/strong><br \/>\nWas w\u00fcrde Ihnen das Statement n\u00fctzen? Eine ernst gemeinte r\u00fchrende Geste von der Sorte eines &#8222;Kniefalls von Warschau&#8220; werden Sie nicht erwarten d\u00fcrfen, stattdessen eine professionell angefertigte und gut einge\u00fcbte Rede, Worth\u00fclsen eben. Nein danke.<br \/>\nMax J., WO<\/p>\n<p><strong>CDU zur\u00fcck zur Fl\u00fcchtlingspolitik von 2002<\/strong><br \/>\nWenn man dann sieht, was auf diese Bestie von Mensch zukommt, &#8211; unser lasches Jugendstrafrecht mit seinen Resozialisierungsma\u00dfnahmen, und dann wieder rauf auf die Piste, &#8211; dann m\u00f6chte man das Recht in seine eigene Hand nehmen! Der Hass in unserer Bev\u00f6lkerung wird wachsen. Denn das ist der Stoff, aus dem Radikalisierung erw\u00e4chst. Und wenn unsere Regierung in der Fl\u00fcchtlingspolitik keine komplette Kehrtwendung vornimmt, dann kann es, schneller als man denkt, zu einem entsprechenden Gef\u00fchlsausbruch kommen. Deshalb sollte Merkel zu dem zur\u00fcckkehren, was sie 2002 zur Fl\u00fcchtlingspolitik gesagt hat!<br \/>\n3.12.2016, Ekkehard H, , WO<br \/>\n.<br \/>\n<strong>Nicht in meine Heimat eingeladen<\/strong><br \/>\nEines vorweg: Ich bin ein alter wei\u00dfer Mann. Vermutlich geh\u00f6re ich auch zu den Abgeh\u00e4ngten, wei\u00df es nur nicht. Von daher verstehe ich wohl auch keine Erkl\u00e4rungen aus dem Bundeskanlzeramt. Aber eines ist mir klar: DAS ist inzwischen ein Deutschland, das nicht mehr mein Deutschland ist! ICH habe diese Personen nicht in meine Heimat eingeladen und ich bin NICHT bereit, denen meine Heimat zu \u00fcberlassen, geschweige denn, sie bis an das Ende ihres Leben rundum zu versorgen! Daran werden ganz sicher auch keine &#8222;Fl\u00fcchtlings&#8220;initiativen \u00e4ndern, die nun kr\u00e4hen werden, dass der tatverd\u00e4chtige Afghane ja minderj\u00e4hrig und ach so traumatisiert sei und es bei Familiennachzug wahrscheinlich nicht zur Tat gekommen w\u00e4re!<br \/>\n3.12.2016, Frank S. , WO<br \/>\n.<br \/>\n<strong>Nach dem humanit\u00e4ren Jubelorgien<\/strong><br \/>\nMir ist ganz schlecht bei diesen Nachrichten &#8230; mein tiefstes Beileid an alle Angeh\u00f6rigen. Warum erst jetzt ein Fall dieser Art auf welt.de publiziert wird verstehe ich nicht &#8211; es werden nahezu t\u00e4glich in den regionalen Zeitungen erschreckende Geschehnisse ver\u00f6ffentlicht. Es war einfach ein Tabuthema, man wollte es nicht wahrhaben. Ich hoffe inst\u00e4ndig, es werden langsam alle n\u00fcchtern nach den humanit\u00e4ren Jubelorgien.<br \/>\n3.12.2016, Alex M., WO<br \/>\n.<br \/>\n<strong>Und immer wieder die gleiche T\u00e4tergruppe<\/strong>,<br \/>\nwenn es um Verbrechen an jungen Frauen geht. Und auch immer wieder die gleichen Gedanken:<br \/>\n1. Wirklich minderj\u00e4hrig ?<br \/>\n2. Wann eingereist, vor oder nach September 2015 ?<br \/>\n3. H\u00e4tte die Arml\u00e4nge Abstand (K\u00f6ln) das Verbrechen verhindert?<br \/>\n4. Darf man den Ratschlag der Bundesregierung ernst nehmen, einfach mal auf Fl\u00fcchtlinge zuzugehen? Insbesondere, wenn man weiblichen Geschlechts ist?<br \/>\n3.12.2016, Thomas R.<br \/>\n.<br \/>\n<strong>SPON schweigt den Mord &#8211; der falsche T\u00e4ter?<\/strong><br \/>\nEs ist jetzt 17:15 Uhr &amp; Spiegel online hat immer noch nicht zu den aktuellen Vorkommnissen berichtet..Bezeichnend!<br \/>\n3.12.2016, Den<br \/>\n.<br \/>\n<strong>Alle sind 17<\/strong><br \/>\nKomisch das 99% aller Minderj\u00e4hrigen alleinreisenden Fl\u00fcchtlinge (UMF) immer genau 17 sind. Habe schon in paar F\u00e4llen Bilder gesehen, w\u00fcrde eher sagen eher Mitte\/Ende 20.<br \/>\n&#8230; Um allen Spekulationen vorzubeugen: Es gilt das Jugendstrafrecht und eine Abschiebung ist v\u00f6llig ausgeschlossen.<br \/>\n3.12.2016 , Stefan D.,<\/p>\n<p><strong>Tolleranz oder Toleranz?<\/strong><br \/>\nNanu, in Freiburg sind doch alle so offen und nett zu den Fl\u00fcchtlingen. Und trotzdem wurde der arme Afghane so an den Rand gedr\u00e4ngt, dass er sich nicht anders zu helfen wu\u00dfte! Deutschland, Du hast noch viel zu lernen, was Tolleranz betrifft!<br \/>\n3.12.2016, Nikki<\/p>\n<p><strong>Politik kennt kein Risiko &#8211; anders als die Wirtschaft<\/strong><br \/>\nDiese signifikante H\u00e4ufung einer bestimmten T\u00e4tergruppe (UMA) ist sehr erschreckend. In jedem Unternehmen w\u00fcrde bei solchen statistischen Auff\u00e4lligkeiten Ma\u00dfnahmen ergriffen das Risiko auszuschlie\u00dfen und solche scheinbar immanenten Risiken nicht eingegangen, zumal wirklich keinerlei Vorteile f\u00fcr uns dabei vorhanden sind. Leider haben die meisten Politiker nicht in Unternehmen gearbeitet, daher fehlt ihnen hier einiges an Grundlagen, was auch in ihrer Arbeit klar erkennbar ist. In der Wirtschaft w\u00e4ren sie f\u00fcr solche Fehler l\u00e4ngst ihren Job los&#8230;.. Kausalit\u00e4tsprinzip: Falls auf ein Ereignis A (Ursache) immer ein Ereignis B (Wirkung) folgt und wenn au\u00dferdem das Ereignis B nur eintrifft, wenn das Ereignis A zeitlich vorausgegangen ist, so spricht man von einer kausalen Verkn\u00fcpfung zwischen dem Ereignis A und dem Ereignis B.<br \/>\n3.12.2016, Albrecht, WO<br \/>\n.<br \/>\n<strong>Der T\u00e4ter kam als Fl\u00fcchtling erst in letzten Jahr zu uns.<\/strong><br \/>\nEr lebte bereits in einer Familie und hatte somit eine &#8222;g\u00fcnstige Sozialprogrnose&#8220;. Er hatte alle Chancen zur Integration sicherlich sehr fr\u00fch gehabt und dennoch begeht dieser &#8222;Angekommende&#8220; so eine entsetzliche Tat in einem Land, das ihn warmherzig und offen aufgenommen hat. Das muss man sich mal \u00fcberlegen. Ich bin sehr neugierig, ob die Identit\u00e4t stimmt und was gemacht wird, wenn diese falsch ist und diese Person, die wahre Identit\u00e4t und sein Alter dann nicht preisgeben wird. Was dann Fr Merkel? Was sagen Sie dann den Eltern dieses M\u00e4dchens, das sein ganzes Leben noch vor sich hatte?<br \/>\n3.12.2016, Veronika G.<br \/>\n.<br \/>\n<strong>Ich bin w\u00fctend, ich bin traurig, ich bin entsetzt!<\/strong><br \/>\nF\u00fcr den mutma\u00dflichen M\u00f6rder gehen wir arbeiten, geben ihm Schutz, Kleider, Nahrung und ein Dach \u00fcber dem Kopf. Das werden wird auch weiterhin tun, da auch sein Proze\u00df auf unsere Kosten geht. Ich habe diesen Mann 2015 nicht eingeladen und ich erwarte ein Statement von unserer Frau Bundeskanzlerin zu den sich mehrenden Vorf\u00e4llen in diesem Land, mit denen wir als B\u00fcrger leben m\u00fcssen. Mein tiefstes Beileid den Angeh\u00f6rigen der jungen Frau.<br \/>\n3.12.2016, Barbara S.<\/p>\n<p>&nbsp;<\/p>\n<p>.<\/p>\n<p><strong>Freiburgs OB Salomon warnt vor Pauschalurteilen<\/strong><br \/>\nFreiburgs Oberb\u00fcrgermeister Dieter Salomon zeigt sich nach der Festnahme im Mordfall Maria L. erleichtert. Er warnt davor, die Herkunft des T\u00e4ters f\u00fcr Pauschalurteile zu missbrauchen. ,,,<br \/>\nAlles vom 3.12.2016 auf<br \/>\n<a href=\"https:\/\/www.badische-zeitung.de\/freiburgs-ob-salomon-warnt-vor-pauschalurteilen\">https:\/\/www.badische-zeitung.de\/freiburgs-ob-salomon-warnt-vor-pauschalurteilen<br \/>\n<\/a>\u00a0 .<br \/>\n<strong>Nicht Herkunft, sondern Fl\u00fcchtlingsstatus des T\u00e4ters erregt<\/strong><br \/>\nEs ist nicht die Herkunft des T\u00e4ters (Afghanistan) welche die Gem\u00fcter erregt, sondern der Fl\u00fcchtlingsstatus. Der Mann ist von einer hilfsbereiten Nation Schutzsuchend aufgenommen worden. Nur wenige Monate sp\u00e4ter begeht er diesen grausamen Mord an einer Einheimischen. Das hat schon mehr als ein &#8222;Geschm\u00e4ckle&#8220;. Man tut sich schon etwas schwer damit, das einfach als Einzelfall abzutun, wie B\u00fcrgermeister Salomon das tut.<br \/>\n3.12.2016, Paul Falk, BO<\/p>\n<p><strong>Die Gefahr ist gro\u00df, dass die Stimmung vergiftet wird<\/strong><br \/>\nDer Mord an Maria L. ist aufgekl\u00e4rt \u2013 die akribische Arbeit der Polizei wurde belohnt. Dies ist die gute Nachricht. Doch die Gefahr ist gro\u00df, dass nun hetzerische Klischees die Stimmung vergiften. &#8230;<br \/>\nAlles von Thomas Fricker vom 31.2016 bitte lesen auf<br \/>\n<a href=\"https:\/\/www.badische-zeitung.de\/die-gefahr-ist-gross-dass-die-stimmung-vergiftet-wird\">https:\/\/www.badische-zeitung.de\/die-gefahr-ist-gross-dass-die-stimmung-vergiftet-wird<\/a><\/p>\n<p><strong>Sicherheit vor Stimmung<\/strong><br \/>\nIst es jetzt das oberste Ziel, das die Stimmung nicht kippt? Das oberste Ziel sollte\/muss sein das wieder Sicherheit hergestellt wird und die Ursache bek\u00e4mpft wird: die Kriminalit\u00e4t, von wem auch immer begangen<br \/>\n3.12.2016, Mirko Bregenhorn, BO<br \/>\n.<br \/>\n<strong>Die Stimmung ist bereits vergiftet<\/strong><br \/>\nund daran haben Medien wie die BZ einen erheblichen Anteil. Nur Stunden nach der Information \u00fcber den T\u00e4ter erfolgt von Herrn Fricker die erwartete Reaktion: Nebens\u00e4chlich ist wieder einmal das Opfer &#8211; eine junge Frau, die das Leben noch vor sich hatte, das ihr nach erfolgter Sch\u00e4ndung brutal entrissen wurde. Stattdessen erfolgt die \u00fcbliche Warnung, dass pauschale Verd\u00e4chtigungen fehl am Platz sind. Nein, Herr Fricker, nicht alle Fl\u00fcchtlinge sind Verbrecher, aber der Anteil der Kriminellen unter ihnen ist be\u00e4ngstigend hoch. Es ist mehr als offensichtlich, dass die Sexualverbrechen im \u00f6ffentlichen Raum in den vergangenen 12 Monaten extrem zugenommen haben. Wann hat zum letzten Mal ein 17-j\u00e4hriger Deutscher eine Frau vergewaltigt und anschlie\u00dfend get\u00f6tet? Herr Fricker, Sie raten, dass jeder Einzelfall betrachtet werden muss. Dann empfehle ich Ihnen im Internet die Seite Einzelfall Map. Wenn Sie diese dann alle bewertet haben, ergibt sich vielleicht auch f\u00fcr Sie ein Bild, dass Sie aktuell offensichtlich nicht sehen oder nicht sehen wollen.<br \/>\n3.12.2016, Uwe Laiberg<br \/>\n.<br \/>\n<strong>Die Pauschalisierungs-Keule &#8230;<\/strong><br \/>\nAls Daniel Cohn-Bendit seine Vorliebe f\u00fcr Kinder publizierte, wurden die junge Partei &#8222;Die Gr\u00fcnen&#8220; pauschal zur Hochburg der P\u00e4dophilen erkl\u00e4rt.<br \/>\nAls Bj\u00f6rn H\u00f6cke seine Rassismus-Spinnereien ver\u00f6ffentlichte, wurde die junge Partei &#8222;Alternative f\u00fcr Deutschland&#8220; pauschal zur Nazi-Partei erkl\u00e4rt.<br \/>\nAls sich nun herausstellte, dass es wohl ein UMF war, der im zarten Alter von 17 Jahren einen unfassbar grausamen Mord an der Dreisam beging, erkl\u00e4rt OB Dieter Salomon die Hiesigen pauschal zu Fl\u00fcchtlingsfeinden &#8211; das st\u00e4ndige Warnen (BZ, SWR-Nachrichten 18.45 Uhr, Polizei-Pressetermin) vor vermeintlichem Pauschalisieren geht ja davon aus, das die Menschen hierzulande zu d\u00e4mlich sind, zu differenzieren.<br \/>\n3.12.2016, W. Baumann<br \/>\n.<br \/>\n<strong>UMF-Inhobhutnahme: Geldmacherei statt Erziehung?<\/strong><br \/>\nMit Appellen und Allgemeinpl\u00e4tzen wird das vergiftete Klima nicht zu beseitigen sein. Es geht ja schon wieder in die alte bekannte Richting. Die, die es schon immer wu\u00dften und die, die beginnen zu relativieren beschimpfen sich gegenseitig. Herr Stockbauer bringt auch bereits seine verbale Artillerie in Stellung, etc.<br \/>\nIch frage mich was ganz anderes. Sind die f\u00fcr die Fl\u00fcchtlinge Verantwortlichen \u00fcberfordert? Haben sie versagt? Warum ist ein Minderj\u00e4hriger, der in einer Familie untergebracht war, um so eine Uhrzeit unbehelligt unterwegs? Was sagt das deutsche Jugendschutzgesetz dazu? Wenn jemand ein Kind adoptieren will, wird er einer gr\u00fcndlichen Tauglichkeitspr\u00fcfung unterzogen, und bis ins Kleinste beleuchtet, ob er der Aufgabe gewachsen ist. Einen minderj\u00e4hrigen Fl\u00fcchtling aufnehmen darf aber offenbar jeder. Geht&#8217;s evtl. da auch ums Gelder absch\u00f6pfen? Aufnehmen und ihn dann sich selbst \u00fcberlassen?<br \/>\nHerr Stockbauer, trauen Sie sich zu, einen minderj\u00e4hrigen Fl\u00fcchtling aufzunehmen und zu versorgen? Ggf. fertig zu erziehen? Dann tun Sie&#8217;s bitte. Ich trau&#8217;s mir nicht zu und habe auch die Zeit, die ich glaube, die sowas in Anspruch nimmt, noch nicht. Wobei&#8217;s mir glaub&#8216; ich sogar Spa\u00df machen w\u00fcrde, denke ich an meine Zivizeit und den Umgang mit schwierigen und\/oder traumatisierten Jugendlichen zur\u00fcck.<br \/>\n4.12.2016, Martin N\u00e4gele, BO<br \/>\n.<br \/>\n<strong>Freiburg leidet unter Merkels Fl\u00fcchtlingseinladung<\/strong><br \/>\nDass, wie Frau Wolters richtig bemerkt, das Verhalten viel zu vieler unter dem Label &#8222;Fl\u00fcchtlinge&#8220; in den letzten 14 Monaten ins Land Gekommenen mit urs\u00e4chlich f\u00fcr<br \/>\n1. \u00fcberlaufende Gef\u00e4ngnisse,<br \/>\n2. Angst vieler Frauen vor n\u00e4chtlichem Aufenthalt in Innenst\u00e4dten und<br \/>\n3. auch insgesamt einen Anstieg an Kriminalit\u00e4t hierzulande ist,<br \/>\nl\u00e4sst sich dadurch jedoch nicht wegrelativieren. Wir haben aufgrund massenhaft eingereister Krimineller landesweit ein Sicherheitsproblem und es ist doppelt bitter, dass eine Stadt wie Freiburg, die mit ihrem studentisch-internationalen Flair Jahrzehnte lang erfolgreich friedlichen und gewinnbringenden Multikulturalismus leben konnte, nun unter der verfehlten Politik der Bundesregierung leiden muss. Genaugenommen ist es sogar dreifach bitter, weil man sich jetzt die (teilweise sogar berechtigte) H\u00e4me derjenigen anh\u00f6ren muss, die schon immer vor der Wohlf\u00fchlblase Freiburg gewarnt haben bzw. davor, dass man nicht naiv annehmen sollte, ein jeder (Zugezogene, egal woher) teile dieses friedlich-offene Lebensgef\u00fchl, f\u00fcr das die Stadt so bekannt ist.<br \/>\n4.12.2016, Tom Lubliner<br \/>\n.<br \/>\n<strong>Fl\u00fcchtlinge contra Sicherheit: Unsere Regierung ist eine &#8222;Reagierung&#8220;<\/strong><br \/>\nBravo Herr Fricker, dass Sie sich am Wochenende bem\u00fcssigt f\u00fchlen, schnellstens einen beschwichtigenden Kommentar zur Ergreifung des mutmasslichen M\u00f6rders der Studentin aus Freiburg zu verfassen, der aus der Fl\u00fcchtlingsszene kommt, das spricht B\u00e4nde. Ja, es ist Feuer unterm Dach! Richtig, nicht alle Fl\u00fcchtlinge sind Kriminelle, oder gar potentielle M\u00f6rder, das behauptet ja auch kein normaler Mensch. Dass aber die Sicherheitslage sich durch einen Teil von Fl\u00fcchtlingen nicht gerade verbessert hat, ist wohl unbestritten. Regierung und Beh\u00f6rden haben die Risikolage bis dato nicht unter Kontrolle. Es ist schlichtweg ein Skandal, dass Politik und Beh\u00f6rden erst reagieren(!!!) wenn etwas passiert. Christian Lindner von der FDP hat es originell auf den Punkt gebracht. Wir haben keine Regierung sondern eine &#8222;Reagierung&#8220;. Dieses Problem zieht sich wie ein roter Faden durch die Republik. Sicherheit ist das Ergebnis von Schutz und Schutz ist Pr\u00e4vention, noch Fragen Herr Fricker?? Diese Nachricht schl\u00e4gt Wellen, das haben Sie wenigstens noch richtig eingesch\u00e4tzt.<br \/>\n4.12.2016, Herbert von Spreti<\/p>\n","protected":false},"excerpt":{"rendered":"<p>Dreisam-Sexualmord: Am 2.12.2016 wurde ein 17-J\u00e4hriger in Littenweiler als Tatverd\u00e4chtiger des Mordes nach Vergewaltigung an der 19-j\u00e4hrigen Studentin Maria L festgenommen. Der Afghane kam nach Budapest 9\/2015 als Unbegleiteter Minderj\u00e4hriger Ausl\u00e4nder (UMA) bzw. Fl\u00fcchtling (UMF) nach Freiburg, wo er die &hellip; <a href=\"https:\/\/www.freiburg-schwarzwald.de\/blog\/dreisam-mord-migrant-in-haft\/\">Weiterlesen <span class=\"meta-nav\">&rarr;<\/span><\/a><\/p>\n","protected":false},"author":2,"featured_media":0,"comment_status":"open","ping_status":"closed","sticky":false,"template":"","format":"standard","meta":{"footnotes":""},"categories":[121,59,210,283,157],"tags":[485,732,725,622,650],"class_list":["post-63510","post","type-post","status-publish","format-standard","hentry","category-fahrradwege","category-frauen","category-gewalt","category-littenweiler","category-oeffentlicher-raum","tag-refugee","tag-gewalt","tag-integration","tag-migration","tag-sex"],"_links":{"self":[{"href":"https:\/\/www.freiburg-schwarzwald.de\/blog\/wp-json\/wp\/v2\/posts\/63510","targetHints":{"allow":["GET"]}}],"collection":[{"href":"https:\/\/www.freiburg-schwarzwald.de\/blog\/wp-json\/wp\/v2\/posts"}],"about":[{"href":"https:\/\/www.freiburg-schwarzwald.de\/blog\/wp-json\/wp\/v2\/types\/post"}],"author":[{"embeddable":true,"href":"https:\/\/www.freiburg-schwarzwald.de\/blog\/wp-json\/wp\/v2\/users\/2"}],"replies":[{"embeddable":true,"href":"https:\/\/www.freiburg-schwarzwald.de\/blog\/wp-json\/wp\/v2\/comments?post=63510"}],"version-history":[{"count":0,"href":"https:\/\/www.freiburg-schwarzwald.de\/blog\/wp-json\/wp\/v2\/posts\/63510\/revisions"}],"wp:attachment":[{"href":"https:\/\/www.freiburg-schwarzwald.de\/blog\/wp-json\/wp\/v2\/media?parent=63510"}],"wp:term":[{"taxonomy":"category","embeddable":true,"href":"https:\/\/www.freiburg-schwarzwald.de\/blog\/wp-json\/wp\/v2\/categories?post=63510"},{"taxonomy":"post_tag","embeddable":true,"href":"https:\/\/www.freiburg-schwarzwald.de\/blog\/wp-json\/wp\/v2\/tags?post=63510"}],"curies":[{"name":"wp","href":"https:\/\/api.w.org\/{rel}","templated":true}]}}