{"id":6351,"date":"2012-07-05T19:34:52","date_gmt":"2012-07-05T19:34:52","guid":{"rendered":"https:\/\/www.freiburg-schwarzwald.de\/blog\/?p=6351"},"modified":"2012-07-05T19:34:52","modified_gmt":"2012-07-05T19:34:52","slug":"hostel-und-spa-waldkurbad-in-feiburg-waldsee-eroeffnet","status":"publish","type":"post","link":"https:\/\/www.freiburg-schwarzwald.de\/blog\/hostel-und-spa-waldkurbad-in-feiburg-waldsee-eroeffnet\/","title":{"rendered":"Hostel und Spa Waldkurbad in Feiburg-Waldsee eroeffnet"},"content":{"rendered":"<p>Am Freitag, dem 22. Juni 2012, hatte Paul Busse zur offiziellen Er\u00f6ffnung seines Hostel &amp; Spa Waldkurbades eingeladen. Als absolutes Novum verbindet das Spa Hostel im Freiburger <a title=\"Oberwiehre-Events\" href=\"https:\/\/www.freiburg-schwarzwald.de\/blog\/kultur\/oberwiehre-events\/\">Stadtteil Waldsee<\/a>\u00a0eine preisg\u00fcnstige \u00dcbernachtung mit einem erstklassigen Wellness-Angebot, was zumindest im deutschsprachigen Raum einmalig ist (Spa steht f\u00fcr Sauna- und Kuranlage). In den f\u00fcnf hellen und modern eingerichteten Einzel- und Mehrbettzimmern k\u00f6nnen 29 Personen Erholung von Reisestrapazen finden. Dabei ist ein Hostel weder Jugendherberge noch <a title=\"Gastro\" href=\"https:\/\/www.freiburg-schwarzwald.de\/blog\/tourismus\/gastro\/\">Hotel<\/a>. Weder Pension noch Massenlager und doch von allem ein bisschen. <!--more-->Gebucht werden \u00fcberwiegend nicht Zimmer sondern der Schlafplatz im Mehrbettzimmer mit Etagen- und Einzelbetten. Im Hostel stehen neben dem Bett kein Telefon, kein TV und es gibt auch keine Minibar. Erholung und Entspannung kommen da wie von selbst. Die Einrichtungen wie Dusche, K\u00fcche, Lounge usw. werden mit anderen G\u00e4sten geteilt, wodurch eine pers\u00f6nliche und freundliche, gemeinschaftliche und kommunikative Atmosph\u00e4re unter den G\u00e4sten gef\u00f6rdert wird.\u00a0\u00a0Dieser Erholungs- und Erlebniswert wird im Hostel &amp; Spa Waldkurbad zus\u00e4tzlich unterst\u00fctzt durch die unbegrenzte Nutzung des Wellness-Angebotes mit Saunas, Schwimmbecken, einem Barfu\u00dfparcours, offenen und \u00fcberdachten Liegebereichen im Freien und im Haus sowie weiteren Annehmlichkeiten, die \u201eluftbekleidet\u201c genossen werden. 15 Therapeuten bieten eine Vielfalt qualifizierter Heil- und Wohlf\u00fchlanwendungen aus dem Morgenland, dem Abendland und dem Reich der Sinne. Au\u00dferdem werden vegetarische und vegange Speisen angeboten und in der angrenzenden \u201eBusse\u2019s Waldsch\u00e4nke\u201c k\u00f6nnen sich die G\u00e4ste zus\u00e4tzlich kulinarisch verw\u00f6hnen lassen. N\u00e4heres unter <a href=\"https:\/\/www.waldkurbad.de\/\">www.waldkurbad.de<\/a><\/p>\n<p>Paul Busse mit 62 Jahren j\u00fcngster Freiburger Ho(s)telier<br \/>\nMit der Er\u00f6ffnung des Hostel-Betriebes erweitert Paul Busse nun einerseits sein vielf\u00e4ltiges Wellness-Angebot um \u00dcbernachtungsm\u00f6glichkeiten und kn\u00fcpft au\u00dferdem im Alter von 62 Jahren an seine Erstausbildung im Hotel- und Gastronomiebereich an. Zweiundvierzig Jahre sind es her, seit Paul Busse unter den Besten seines Jahrgangs die Hotelberufsfachschule abgeschlossen hat. Mit der anschlie\u00dfenden Ausbildung zum Masseur und Medizinischen Bademeister und einigen Semestern Medizinstudium nahm seine berufliche Laufbahn jedoch eine andere Richtung, denn sein Bruder hatte als Koch und engagierter K\u00fcchenmeister den elterlichen Betrieb \u201eBusses Waldsch\u00e4nke\u201c \u00fcbernommen. Von seiner Hotelfachschulausbildung profitierte Paul Busse trotzdem sein Leben lang in dem von ihm 1976 aufgebauten Waldkurbad am M\u00f6slepark. Neben einer bestausgestatteten modernden medizinischen B\u00e4derabteilung setzte er als einer der ersten der Branche mit seiner Saunalandschaft mit gro\u00dfem Garten, Au\u00dfenpool und Blockhaussauna im Freien Zeichen f\u00fcr ein modernes, gesundheitbetonendes Saunabaden. \u201eDie in den 80er Jahren viele Existenzen vernichtenden staatlichen Aktionen im Gesundheitswesen hinterlie\u00dfen auch im Waldkurbad ihre Spuren\u201c, so Paul Busse \u201eund um wirtschaftlich zu \u00fcberleben, musste ich die B\u00e4derabteilung aufgeben.\u201c Damals entstand eine separate Frauensaunaanlage und im Dachgeschoss wurde ein Seminarbereich mit giebelhohem Gruppenraum geschaffen. Das Spektrum der klassischen Behandlungsmethoden wurde mit Shiatsu aufgebrochen und kontinuierlich wurde von nun an der Kreis der Behandler gr\u00f6\u00dfer und das Angebot vielf\u00e4ltiger.<\/p>\n<div id='gallery-1' class='gallery galleryid-6351 gallery-columns-3 gallery-size-thumbnail'><dl class='gallery-item'>\n\t\t\t<dt class='gallery-icon landscape'>\n\t\t\t\t<a href='https:\/\/www.freiburg-schwarzwald.de\/blog\/hostel-und-spa-waldkurbad-in-feiburg-waldsee-eroeffnet\/busse-waldkurbad2012\/'><img loading=\"lazy\" decoding=\"async\" width=\"180\" height=\"120\" src=\"https:\/\/www.freiburg-schwarzwald.de\/blog\/wp-content\/uploads\/2012\/07\/busse-waldkurbad2012-180x120.jpg\" class=\"attachment-thumbnail size-thumbnail\" alt=\"\" aria-describedby=\"gallery-1-6352\" srcset=\"https:\/\/www.freiburg-schwarzwald.de\/blog\/wp-content\/uploads\/2012\/07\/busse-waldkurbad2012-180x120.jpg 180w, https:\/\/www.freiburg-schwarzwald.de\/blog\/wp-content\/uploads\/2012\/07\/busse-waldkurbad2012.jpg 640w\" sizes=\"auto, (max-width: 180px) 100vw, 180px\" \/><\/a>\n\t\t\t<\/dt>\n\t\t\t\t<dd class='wp-caption-text gallery-caption' id='gallery-1-6352'>\n\t\t\t\tFWTM-Tourismusdirektor Wolfgang Schwehr \u00fcberreichte Paul Busse (rechts) anl\u00e4sslich der Er\u00f6ffnung des Hostel &#038; Spa Waldkurbad ein Werbeplakat f\u00fcr die \u201eFremdenstadt Freiburg im Breisgau\u201c aus dem 19. Jahrhundert.\n\t\t\t\t<\/dd><\/dl><dl class='gallery-item'>\n\t\t\t<dt class='gallery-icon landscape'>\n\t\t\t\t<a href='https:\/\/www.freiburg-schwarzwald.de\/blog\/hostel-und-spa-waldkurbad-in-feiburg-waldsee-eroeffnet\/busse-waldkurbad-hostel2012\/'><img loading=\"lazy\" decoding=\"async\" width=\"180\" height=\"120\" src=\"https:\/\/www.freiburg-schwarzwald.de\/blog\/wp-content\/uploads\/2012\/07\/busse-waldkurbad-hostel2012-180x120.jpg\" class=\"attachment-thumbnail size-thumbnail\" alt=\"\" aria-describedby=\"gallery-1-6353\" srcset=\"https:\/\/www.freiburg-schwarzwald.de\/blog\/wp-content\/uploads\/2012\/07\/busse-waldkurbad-hostel2012-180x120.jpg 180w, https:\/\/www.freiburg-schwarzwald.de\/blog\/wp-content\/uploads\/2012\/07\/busse-waldkurbad-hostel2012.jpg 640w\" sizes=\"auto, (max-width: 180px) 100vw, 180px\" \/><\/a>\n\t\t\t<\/dt>\n\t\t\t\t<dd class='wp-caption-text gallery-caption' id='gallery-1-6353'>\n\t\t\t\tHostel am Waldkurbad Busse in Freiburg-Waldsee 2012\n\t\t\t\t<\/dd><\/dl>\n\t\t\t<br style='clear: both' \/>\n\t\t<\/div>\n\n<p>Nach und nach verlegte Busse von nun an alle Schwitzeinrichtungen in den Garten, um die Erlebnisqualit\u00e4t zu erh\u00f6hen und gleichzeitig die positiven Wirkungen des Saunabadens zu verst\u00e4rken. Mit der Er\u00f6ffnung der Freiburger Fu\u00dfballschule in der unmittelbaren Nachbarschaft knickte jedoch das f\u00fcr die Erholungsfunktion der Kuranlage wichtige Standbein tagt\u00e4glicher verl\u00e4sslicher Ruhe merklich ein. Nun galt es f\u00fcr Familie Busse erneut eine f\u00fcr das Gesamtareal mit 4-Sterne-Campingplatz und Speisegastst\u00e4tte zukunftsf\u00e4hige L\u00f6sung zu finden. Mit dem Spa-Hostel in zentrumsnaher und dennoch l\u00e4ndlich-idyllischer Lage im Osten Freiburgs wurde nun eine M\u00f6glichkeit gefunden mit der durch den zeitweise lautstarken Spiel- und Pflegebetrieb in der Fu\u00dfballschule tags\u00fcber belastende Situation umzugehen, denn in den N\u00e4chte ist es nach wie vor ruhig. Die Kuranlage konnte auf diese Weise integriert und der gro\u00dfe Licht- und Luftgarten den G\u00e4sten weiterhin zur Verf\u00fcgung gestellt werden.<br \/>\n\u201eDas Hostel &amp; Spa Waldkurbad ist ein weiteres Mosaiksteinchen in Freiburgs Touristiklandschaft und ein interessantes Angebot f\u00fcr individuelles Reisen\u201c sagte Wolfgang Schwehr, Tourismusdirektor der FWTM (Wirtschaft, Touristik und Messe Freiburg) bei der offiziellen Er\u00f6ffnung. Erste G\u00e4ste, mehrheitlich aus der Schweiz, konnte Paul Busse im Hostel &amp; Spa bereits begr\u00fc\u00dfen und freut sich, dass auch einige von ihnen erstmals den Schritt gewagt haben \u201eluftbekleidet\u201c die Wellness-Au\u00dfenanlagen zu ben\u00fctzen und dies als gutes Erlebnis mitgenommen haben. \u00a0<br \/>\nGisela Heizler-Ries, <a href=\"https:\/\/www.dreisamtaeler.de\">www.dreisamtaeler.de<\/a><\/p>\n<p>&nbsp;<\/p>\n<p>&nbsp;<\/p>\n<p>&nbsp;<\/p>\n<p align=\"right\"><em>Foto: Gisela Heizler-Ries<\/em><\/p>\n","protected":false},"excerpt":{"rendered":"<p>Am Freitag, dem 22. Juni 2012, hatte Paul Busse zur offiziellen Er\u00f6ffnung seines Hostel &amp; Spa Waldkurbades eingeladen. Als absolutes Novum verbindet das Spa Hostel im Freiburger Stadtteil Waldsee\u00a0eine preisg\u00fcnstige \u00dcbernachtung mit einem erstklassigen Wellness-Angebot, was zumindest im deutschsprachigen Raum &hellip; <a href=\"https:\/\/www.freiburg-schwarzwald.de\/blog\/hostel-und-spa-waldkurbad-in-feiburg-waldsee-eroeffnet\/\">Weiterlesen <span class=\"meta-nav\">&rarr;<\/span><\/a><\/p>\n","protected":false},"author":2,"featured_media":0,"comment_status":"open","ping_status":"closed","sticky":false,"template":"","format":"standard","meta":{"footnotes":""},"categories":[49,138],"tags":[297],"class_list":["post-6351","post","type-post","status-publish","format-standard","hentry","category-freiburg","category-gastro","tag-hostel"],"_links":{"self":[{"href":"https:\/\/www.freiburg-schwarzwald.de\/blog\/wp-json\/wp\/v2\/posts\/6351","targetHints":{"allow":["GET"]}}],"collection":[{"href":"https:\/\/www.freiburg-schwarzwald.de\/blog\/wp-json\/wp\/v2\/posts"}],"about":[{"href":"https:\/\/www.freiburg-schwarzwald.de\/blog\/wp-json\/wp\/v2\/types\/post"}],"author":[{"embeddable":true,"href":"https:\/\/www.freiburg-schwarzwald.de\/blog\/wp-json\/wp\/v2\/users\/2"}],"replies":[{"embeddable":true,"href":"https:\/\/www.freiburg-schwarzwald.de\/blog\/wp-json\/wp\/v2\/comments?post=6351"}],"version-history":[{"count":0,"href":"https:\/\/www.freiburg-schwarzwald.de\/blog\/wp-json\/wp\/v2\/posts\/6351\/revisions"}],"wp:attachment":[{"href":"https:\/\/www.freiburg-schwarzwald.de\/blog\/wp-json\/wp\/v2\/media?parent=6351"}],"wp:term":[{"taxonomy":"category","embeddable":true,"href":"https:\/\/www.freiburg-schwarzwald.de\/blog\/wp-json\/wp\/v2\/categories?post=6351"},{"taxonomy":"post_tag","embeddable":true,"href":"https:\/\/www.freiburg-schwarzwald.de\/blog\/wp-json\/wp\/v2\/tags?post=6351"}],"curies":[{"name":"wp","href":"https:\/\/api.w.org\/{rel}","templated":true}]}}