{"id":63471,"date":"2016-12-01T19:32:46","date_gmt":"2016-12-01T18:32:46","guid":{"rendered":"https:\/\/www.freiburg-schwarzwald.de\/blog\/?p=63471"},"modified":"2016-12-08T10:29:33","modified_gmt":"2016-12-08T09:29:33","slug":"afrikaner-bauen-trockenmauer","status":"publish","type":"post","link":"https:\/\/www.freiburg-schwarzwald.de\/blog\/afrikaner-bauen-trockenmauer\/","title":{"rendered":"Afrikaner bauen Trockenmauer"},"content":{"rendered":"<p>Im Rahmen des &#8222;HWK RP <a title=\"Integrieren\" href=\"https:\/\/www.freiburg-schwarzwald.de\/blog\/global\/integration\/integrieren\/\">Projekt<\/a> &#8211; Gala Holzbau f\u00fcr <a title=\"Fluechtlinge2016\" href=\"https:\/\/www.freiburg-schwarzwald.de\/blog\/global\/integration\/fluechtlinge2016\/\">Fl\u00fcchtlinge<\/a>\/Afrika&#8220; baute der 78-j\u00e4hrige <a title=\"Bickenreute\" href=\"https:\/\/www.freiburg-schwarzwald.de\/blog\/bauernhof\/bickenreute\/\">Jochen Schmidt<\/a>, leidenschaftlicher <a title=\"Imker\" href=\"https:\/\/www.freiburg-schwarzwald.de\/blog\/business\/handwerk\/imker\/\">Imker<\/a> und <a title=\"Bickenreute\" href=\"https:\/\/www.freiburg-schwarzwald.de\/blog\/bauernhof\/bickenreute\/\">Gartengestalter<\/a>, binnen drei Wochen mit 15 <a title=\"Migration\" href=\"https:\/\/www.freiburg-schwarzwald.de\/blog\/global\/migration\/\">Migranten<\/a> aus <a title=\"Gambia\" href=\"https:\/\/www.freiburg-schwarzwald.de\/blog\/global\/afrika\/gambia\/\">Gambia<\/a> und <a title=\"Afrika\" href=\"https:\/\/www.freiburg-schwarzwald.de\/blog\/global\/afrika\/\">Nigeria<\/a> ein <a title=\"Trockenmauer\" href=\"https:\/\/www.freiburg-schwarzwald.de\/blog\/natur\/boden\/trockenmauer\/\">Natursteinmauer-Rondell<\/a> bei den Schreberg\u00e4rten an der Bahnlinie Ecke Lehener Strasse in 79110 FR-Mooswald. Als beim Entfernen der Wiese ein gepflastertes Rund zum Vorschein kam, <!--more-->kam <a title=\"Zur Nachahmung empfohlen\" href=\"https:\/\/www.freiburg-schwarzwald.de\/blog\/zur-nachahmung-empfohlen\/\">Jochen Schmidt<\/a> die Idee, drumherum eine Trockenmauer als Rondell zu bauen.<br \/>\n.<br \/>\nDie hellen Kalksandsteine wurden von einem Abri\u00dfgeb\u00e4ude in Eschbach und aus Pfaffenweiler im Hexental ausgegraben und auf dem Anh\u00e4nger angefahren. Dann legten die Jungs los: Steine passend behauen, ohne M\u00f6rtel aufschichten, Fugen mit Erde und kleinen Steinen stabilisieren, Mauer mit leichtem Gef\u00e4lle, Wall nach hinten mit Erde auff\u00fcllen und mit einer Treppe begehbar machen, Bepflanzung.<\/p>\n<div id=\"attachment_63482\" style=\"width: 649px\" class=\"wp-caption alignnone\"><a href=\"https:\/\/www.freiburg-schwarzwald.de\/blog\/afrikaner-bauen-trockenmauer\/natursteinmauer1fr-pan161201\/\" rel=\"attachment wp-att-63482\"><img loading=\"lazy\" decoding=\"async\" aria-describedby=\"caption-attachment-63482\" class=\"size-full wp-image-63482\" src=\"https:\/\/www.freiburg-schwarzwald.de\/blog\/wp-content\/uploads\/2016\/12\/natursteinmauer1fr-pan161201.jpg\" alt=\"15 Afrikaner aus Gambia und Nigeria bauen eine Trockenmauer in FR-Lehener Strasse mit Jochen Schmidt 1.12.2016\" width=\"639\" height=\"285\" srcset=\"https:\/\/www.freiburg-schwarzwald.de\/blog\/wp-content\/uploads\/2016\/12\/natursteinmauer1fr-pan161201.jpg 639w, https:\/\/www.freiburg-schwarzwald.de\/blog\/wp-content\/uploads\/2016\/12\/natursteinmauer1fr-pan161201-180x80.jpg 180w\" sizes=\"auto, (max-width: 639px) 100vw, 639px\" \/><\/a><p id=\"caption-attachment-63482\" class=\"wp-caption-text\">15 Afrikaner aus Gambia und Nigeria bauen eine Trockenmauer in FR-Lehener Strasse mit Jochen Schmidt 1.12.2016<\/p><\/div>\n<p>Die Migranten sind alle Muslime, alleinstehend, teils Vollwaisen, keinerlei Deutschkenntnisse bzw. Sprachschulung. Sie wohnen in Donaueschingen, Villingen sowie in der Erstaufnahme L\u00f6rracher Strasse in Freiburg. Alle sprechen Englisch. Die jungen Afrikaner zwischen 20 und 30 Jahren werden geduldet bei nur geringer <a title=\"Migration\" href=\"https:\/\/www.freiburg-schwarzwald.de\/blog\/global\/migration\/\">Bleibeperspektive<\/a>. Sie d\u00fcrfen hier nicht arbeiten. Neben freier Kost und Logis erhalten sie 119,90 Euro\/Monat als Taschengeld.<br \/>\n.<br \/>\nIbrahim aus Gambia erz\u00e4hlt in gutem Italienisch von seinen vier Jahren in S\u00fcditalien: Erntehelfer auf Sizilien (Mandarinen, Orangen, Gem\u00fcse), Drogen-Kriminalit\u00e4t in Neapel und Langeweile in Kalabrien (keine Arbeit, kein Geld, nur blauer Himmel). Nico aus S\u00fcd-Nigeria kam erst vor 3 Monaten \u00fcber <a title=\"Italienroute\" href=\"https:\/\/www.freiburg-schwarzwald.de\/blog\/global\/migration\/italienroute\/\">Lampedusa<\/a> nach Freiburg.<br \/>\n.<br \/>\nDas Teilprojekt &#8222;Gala&#8220; (Garten- und Landschaftsbau) wird von der Handwerkskammer (HWK) sowie dem <a title=\"Regierungspraesidium\" href=\"https:\/\/www.freiburg-schwarzwald.de\/blog\/regio\/regierungspraesidium\/\">Regierungspr\u00e4sidium (RP)<\/a> finanziert und vom IB (Internationaler Bund) Freiburg in der Stra\u00dfburger Strasse betreut. Jochen Schmidt hat f\u00fcr das dreiw\u00f6chige Trockenmauer-Projekt einen Ausbildungsvertrag mit dem IB abgeschlossen. \u00dcber Frau Eckert vom Mundenhof und Herrn Stackelberg vom IB kam der Kontakt zu ihm zustande.<br \/>\nIm Teilprojekt &#8222;Holzbau&#8220; wurden zuvor praktische Dinge wie Vogelh\u00e4uschen, h\u00f6lzerne Tragek\u00e4sten f\u00fcr Handwerkszeug und M\u00f6bel aus Paletten gefertigt.<br \/>\nDie Arbeitskleidung hat das RP gestellt. Zum Mittagessen zwischen 12 und 13 Uhr gehts in die Mensa der nahen Carlo-Schmid-Schule &#8211; zu Fu\u00df bzw. im Pkw von Jochen Schmidt (der den sch\u00f6nen Dreisamgarten angelegt hatte).<br \/>\n.<br \/>\nAm 1.12.2016 nachmittags erfolgt die offizielle \u00dcbergabe der Natursteinmauer-Rondells mit RP-Pr\u00e4sidentin B\u00e4rbel Sch\u00e4fer. Am Freitag 2.12.2016 gibts ein kleines Abschlu\u00dffest im <a title=\"Trockenmauer\" href=\"https:\/\/www.freiburg-schwarzwald.de\/blog\/natur\/boden\/trockenmauer\/\">Garten<\/a> von Imker Jochen Schmidt, ohne dessen Enthusiasmus und unerm\u00fcdlichen Einsatz der Freiburger Westen keine so sch\u00f6ne Natursteinmauer h\u00e4tte.<br \/>\n1.12.2016<\/p>\n<p><a href=\"https:\/\/www.freiburg-schwarzwald.de\/blog\/afrikaner-bauen-trockenmauer\/natursteinmauer2fr161201\/\" rel=\"attachment wp-att-63485\"><img loading=\"lazy\" decoding=\"async\" class=\"alignnone size-thumbnail wp-image-63485\" src=\"https:\/\/www.freiburg-schwarzwald.de\/blog\/wp-content\/uploads\/2016\/12\/natursteinmauer2fr161201-180x135.jpg\" alt=\"natursteinmauer2fr161201\" width=\"180\" height=\"135\" srcset=\"https:\/\/www.freiburg-schwarzwald.de\/blog\/wp-content\/uploads\/2016\/12\/natursteinmauer2fr161201-180x135.jpg 180w, https:\/\/www.freiburg-schwarzwald.de\/blog\/wp-content\/uploads\/2016\/12\/natursteinmauer2fr161201-640x480.jpg 640w, https:\/\/www.freiburg-schwarzwald.de\/blog\/wp-content\/uploads\/2016\/12\/natursteinmauer2fr161201.jpg 1000w\" sizes=\"auto, (max-width: 180px) 100vw, 180px\" \/><\/a>\u00a0 \u00a0 \u00a0 \u00a0 \u00a0\u00a0<a href=\"https:\/\/www.freiburg-schwarzwald.de\/blog\/afrikaner-bauen-trockenmauer\/natursteinmauer1fr161201\/\" rel=\"attachment wp-att-63486\"><img loading=\"lazy\" decoding=\"async\" class=\"alignnone size-thumbnail wp-image-63486\" src=\"https:\/\/www.freiburg-schwarzwald.de\/blog\/wp-content\/uploads\/2016\/12\/natursteinmauer1fr161201-180x137.jpg\" alt=\"natursteinmauer1fr161201\" width=\"180\" height=\"137\" srcset=\"https:\/\/www.freiburg-schwarzwald.de\/blog\/wp-content\/uploads\/2016\/12\/natursteinmauer1fr161201-180x137.jpg 180w, https:\/\/www.freiburg-schwarzwald.de\/blog\/wp-content\/uploads\/2016\/12\/natursteinmauer1fr161201-640x490.jpg 640w, https:\/\/www.freiburg-schwarzwald.de\/blog\/wp-content\/uploads\/2016\/12\/natursteinmauer1fr161201.jpg 909w\" sizes=\"auto, (max-width: 180px) 100vw, 180px\" \/><\/a>\u00a0 \u00a0 \u00a0 \u00a0 \u00a0\u00a0<a href=\"https:\/\/www.freiburg-schwarzwald.de\/blog\/afrikaner-bauen-trockenmauer\/natursteinmauer3fr161201\/\" rel=\"attachment wp-att-63487\"><img loading=\"lazy\" decoding=\"async\" class=\"alignnone size-thumbnail wp-image-63487\" src=\"https:\/\/www.freiburg-schwarzwald.de\/blog\/wp-content\/uploads\/2016\/12\/natursteinmauer3fr161201-180x135.jpg\" alt=\"natursteinmauer3fr161201\" width=\"180\" height=\"135\" srcset=\"https:\/\/www.freiburg-schwarzwald.de\/blog\/wp-content\/uploads\/2016\/12\/natursteinmauer3fr161201-180x135.jpg 180w, https:\/\/www.freiburg-schwarzwald.de\/blog\/wp-content\/uploads\/2016\/12\/natursteinmauer3fr161201.jpg 640w\" sizes=\"auto, (max-width: 180px) 100vw, 180px\" \/><\/a><br \/>\n(1) Auf der Trockenmauer 1.12.2016 \u00a0 \u00a0(2) Die Afrikaner mit Jochen Schmidt \u00a0 \u00a0(3) Das Natursteinmauer-Rondell<\/p>\n<p><a href=\"https:\/\/www.freiburg-schwarzwald.de\/blog\/afrikaner-bauen-trockenmauer\/natursteinmauer4fr161201\/\" rel=\"attachment wp-att-63488\"><img loading=\"lazy\" decoding=\"async\" class=\"alignnone size-thumbnail wp-image-63488\" src=\"https:\/\/www.freiburg-schwarzwald.de\/blog\/wp-content\/uploads\/2016\/12\/natursteinmauer4fr161201-180x135.jpg\" alt=\"natursteinmauer4fr161201\" width=\"180\" height=\"135\" srcset=\"https:\/\/www.freiburg-schwarzwald.de\/blog\/wp-content\/uploads\/2016\/12\/natursteinmauer4fr161201-180x135.jpg 180w, https:\/\/www.freiburg-schwarzwald.de\/blog\/wp-content\/uploads\/2016\/12\/natursteinmauer4fr161201.jpg 640w\" sizes=\"auto, (max-width: 180px) 100vw, 180px\" \/><\/a>\u00a0 \u00a0 \u00a0 \u00a0 \u00a0\u00a0<a href=\"https:\/\/www.freiburg-schwarzwald.de\/blog\/afrikaner-bauen-trockenmauer\/natursteinmauer5fr161201\/\" rel=\"attachment wp-att-63489\"><img loading=\"lazy\" decoding=\"async\" class=\"alignnone size-thumbnail wp-image-63489\" src=\"https:\/\/www.freiburg-schwarzwald.de\/blog\/wp-content\/uploads\/2016\/12\/natursteinmauer5fr161201-180x135.jpg\" alt=\"natursteinmauer5fr161201\" width=\"180\" height=\"135\" srcset=\"https:\/\/www.freiburg-schwarzwald.de\/blog\/wp-content\/uploads\/2016\/12\/natursteinmauer5fr161201-180x135.jpg 180w, https:\/\/www.freiburg-schwarzwald.de\/blog\/wp-content\/uploads\/2016\/12\/natursteinmauer5fr161201.jpg 640w\" sizes=\"auto, (max-width: 180px) 100vw, 180px\" \/><\/a><br \/>\n(4) Mauer mit Treppe und Wall \u00a0 \u00a0 \u00a0 \u00a0 \u00a0 \u00a0 \u00a0 (5) Erde auf Schmidt&#8217;s Anh\u00e4nger am\u00a01.12.2016<\/p>\n<p>&nbsp;<\/p>\n<p>Seit dem 1.Januar 2009 tragen die beruflichen Schulen des IB Bildungszentrums Freiburg den Namen Carlo Schmid Schule:<br \/>\n<a href=\"https:\/\/www.internationaler-bund.de\/angebote\/standort\/210143\">https:\/\/www.internationaler-bund.de\/angebote\/standort\/210143<\/a><br \/>\n<a href=\"mailto:BZ-Freiburg@internationaler-bund.de\">BZ-Freiburg@internationaler-bund.de<br \/>\n<\/a>\u00a0 .<br \/>\n<a href=\"mailto:roman.wigand@rpf.bwl.de\">roman.wigand@rpf.bwl.de<\/a>, Tel 0761\/208-2348<br \/>\n<a href=\"mailto:patrick.stackelberg@internationaler-bund.de\">patrick.stackelberg@internationaler-bund.de<\/a>, Tel 0761\/8967144<br \/>\n.<br \/>\n<a href=\"mailto:schmidt.jochen-peter@gmx.de\">schmidt.jochen-peter@gmx.de<\/a>, Tel 0761\/60987<br \/>\nDie unter der Regie von <a title=\"Trockenmauer\" href=\"https:\/\/www.freiburg-schwarzwald.de\/blog\/natur\/boden\/trockenmauer\/\">Jochen Schmidt<\/a> gebaute <a title=\"Natursteinmauer ehrenamtlich\" href=\"https:\/\/www.freiburg-schwarzwald.de\/blog\/natursteinmauer-ehrenamtlich\/\">Natursteinmauer<\/a> zwischen Kirchzarten und Oberried:<br \/>\n<a href=\"https:\/\/www.freiburg-schwarzwald.de\/blog\/bauernhof\/bickenreute\/\">https:\/\/www.freiburg-schwarzwald.de\/blog\/bauernhof\/bickenreute\/<\/a><\/p>\n<p>&nbsp;<\/p>\n<p>&nbsp;<\/p>\n<p>Q<strong>ualifizierungsprojekt f\u00fcr Fl\u00fcchtlinge mit geringer oder keiner Bleibeperspektive<\/strong><\/p>\n<p><em><a title=\"Regierungspraesidium\" href=\"https:\/\/www.freiburg-schwarzwald.de\/blog\/regio\/regierungspraesidium\/\">Regierungspr\u00e4sidentin B\u00e4rbel Sch\u00e4fer<\/a> informiert sich gemeinsam mit Handwerkskammerpr\u00e4sident Johannes Ullrich \u00fcber Qualifizierungsprojekt f\u00fcr Fl\u00fcchtlinge mit geringer oder keiner Bleibeperspektive im Ausbildungszentrum des Internationalen Bundes (IB) in Freiburg<\/em><br \/>\n15 Fl\u00fcchtlinge lernen in einem vierw\u00f6chigen Modul mit erfahrenen Handwerksmeistern Grundkenntnisse in der Verarbeitung von Baumaterialien. \u00a0Ziele sind eine sinnvolle Besch\u00e4ftigung und Vorbereitung der freiwilligen R\u00fcckkehr.<br \/>\n.<br \/>\nF\u00fcr Fl\u00fcchtlinge in der Erstaufnahme ist das Fehlen einer regelm\u00e4\u00dfigen Besch\u00e4ftigung oft eine der gr\u00f6\u00dften Herausforderungen bei der Tagesgestaltung. F\u00fcr Gefl\u00fcchtete mit nur geringer oder keiner Bleibeperspektive gilt dies in verst\u00e4rktem Ma\u00dfe. Nun haben das Regierungspr\u00e4sidium Freiburg, die Handwerkskammer Freiburg und weitere Projektpartner einmonatige Module in Berufsfeldern aus Handwerk und Bau entwickelt, die als Lernangebote auf vorab identifizierte Berufsfelder in den Heimatl\u00e4ndern ausgerichtet sind.<br \/>\n\u201eMir ist es wichtig, dass wir schon in der Erstaufnahme mit der Qualifizierung von Fl\u00fcchtlingen anfangen. Das f\u00fchrt nicht nur zur inneren Stabilisierung, sondern ist auch eine pers\u00f6nliche und nachhaltige Hilfe zur beruflichen Orientierung. Das kann auch eine Hilfe f\u00fcr einen Neustart bei einer freiwilligen R\u00fcckkehr sein. Wir betrachten dieses Pilotprojekt als wegweisend in Bezug auf den menschlichen Umgang gerade mit Fl\u00fcchtlingen mit geringer oder keiner Bleibeperspektive\u201c, fasst B\u00e4rbel Sch\u00e4fer die Zielsetzungen des Pilotprojektes zusammen.<br \/>\n.<br \/>\nZu dem dreistufigen Pilotprojekt geh\u00f6rt zun\u00e4chst eine Evaluierung der vorhandenen Berufskompetenzen in den Erstaufnahme-Einrichtungen des Regierungspr\u00e4sidiums Freiburg. Dies geschieht durch eine Befragung, einen Orientierungskurs, einen Deutschkurs und unter Umst\u00e4nden eine optionale Praktikumsm\u00f6glichkeit.<br \/>\nAbschlie\u00dfend wird in einer dritten Stufe mit den Fl\u00fcchtlingen, die an den Orientierungs- bzw. Qualifizierungskurs teilgenommen haben, die Chancen einer freiwilligen R\u00fcckkehr im Rahmen von Informationsgespr\u00e4chen weiter vertieft und durch Beratungsgespr\u00e4che begleitet.<br \/>\n6.12.2016, Markus Adler , Tel 0761 208-1038, <a href=\"mailto:markus.adler@rpf.bwl.de\">markus.adler@rpf.bwl.de<\/a><\/p>\n<p><a href=\"https:\/\/rp.baden-wuerttemberg.de\/rpf\/Seiten\/pressemitteilung.aspx?rid=790\">https:\/\/rp.baden-wuerttemberg.de\/rpf\/Seiten\/pressemitteilung.aspx?rid=790<\/a><\/p>\n","protected":false},"excerpt":{"rendered":"<p>Im Rahmen des &#8222;HWK RP Projekt &#8211; Gala Holzbau f\u00fcr Fl\u00fcchtlinge\/Afrika&#8220; baute der 78-j\u00e4hrige Jochen Schmidt, leidenschaftlicher Imker und Gartengestalter, binnen drei Wochen mit 15 Migranten aus Gambia und Nigeria ein Natursteinmauer-Rondell bei den Schreberg\u00e4rten an der Bahnlinie Ecke Lehener &hellip; <a href=\"https:\/\/www.freiburg-schwarzwald.de\/blog\/afrikaner-bauen-trockenmauer\/\">Weiterlesen <span class=\"meta-nav\">&rarr;<\/span><\/a><\/p>\n","protected":false},"author":2,"featured_media":0,"comment_status":"open","ping_status":"closed","sticky":false,"template":"","format":"standard","meta":{"footnotes":""},"categories":[79,52,36,49,400,155,60],"tags":[602,382,481,725,622,388],"class_list":["post-63471","post","type-post","status-publish","format-standard","hentry","category-arbeit","category-einewelt","category-engagement","category-freiburg","category-freiwillig","category-integration","category-jugend","tag-afrika","tag-arbeit-working","tag-asyl","tag-integration","tag-migration","tag-social"],"_links":{"self":[{"href":"https:\/\/www.freiburg-schwarzwald.de\/blog\/wp-json\/wp\/v2\/posts\/63471","targetHints":{"allow":["GET"]}}],"collection":[{"href":"https:\/\/www.freiburg-schwarzwald.de\/blog\/wp-json\/wp\/v2\/posts"}],"about":[{"href":"https:\/\/www.freiburg-schwarzwald.de\/blog\/wp-json\/wp\/v2\/types\/post"}],"author":[{"embeddable":true,"href":"https:\/\/www.freiburg-schwarzwald.de\/blog\/wp-json\/wp\/v2\/users\/2"}],"replies":[{"embeddable":true,"href":"https:\/\/www.freiburg-schwarzwald.de\/blog\/wp-json\/wp\/v2\/comments?post=63471"}],"version-history":[{"count":0,"href":"https:\/\/www.freiburg-schwarzwald.de\/blog\/wp-json\/wp\/v2\/posts\/63471\/revisions"}],"wp:attachment":[{"href":"https:\/\/www.freiburg-schwarzwald.de\/blog\/wp-json\/wp\/v2\/media?parent=63471"}],"wp:term":[{"taxonomy":"category","embeddable":true,"href":"https:\/\/www.freiburg-schwarzwald.de\/blog\/wp-json\/wp\/v2\/categories?post=63471"},{"taxonomy":"post_tag","embeddable":true,"href":"https:\/\/www.freiburg-schwarzwald.de\/blog\/wp-json\/wp\/v2\/tags?post=63471"}],"curies":[{"name":"wp","href":"https:\/\/api.w.org\/{rel}","templated":true}]}}