{"id":63456,"date":"2016-11-27T17:50:28","date_gmt":"2016-11-27T16:50:28","guid":{"rendered":"https:\/\/www.freiburg-schwarzwald.de\/blog\/?p=63456"},"modified":"2016-11-30T20:29:30","modified_gmt":"2016-11-30T19:29:30","slug":"massenmoerder-fidel-castro-tot","status":"publish","type":"post","link":"https:\/\/www.freiburg-schwarzwald.de\/blog\/massenmoerder-fidel-castro-tot\/","title":{"rendered":"Massenmoerder Fidel Castro tot"},"content":{"rendered":"<p>Mit Fidel Castro ist ein <a title=\"Gewalt\" href=\"https:\/\/www.freiburg-schwarzwald.de\/blog\/selbsthilfe\/krise\/gewalt\/\">Massenm\u00f6rder<\/a> gestorben, dessen <a title=\"Demokratie\" href=\"https:\/\/www.freiburg-schwarzwald.de\/blog\/engagement\/zukunft\/demokratie\/\">repressiver Polizeistaat<\/a> weder unabh\u00e4ngige Medien noch Gerichte zulie\u00df. Seit der Machtergreifung am 1.1.1959 verwandelte Castro Kuba vom wohlhabenden Inselstaat zum Armenhaus S\u00fcdamerikas. <a title=\"Homosexualitaet\" href=\"https:\/\/www.freiburg-schwarzwald.de\/blog\/selbsthilfe\/soziales\/homosexualitaet\/\">Homosexuelle<\/a> ins Arbeitslager, <a title=\"Rechtsstaat\" href=\"https:\/\/www.freiburg-schwarzwald.de\/blog\/selbsthilfe\/soziales\/justiz\/rechtsstaat\/\">Kritiker<\/a> in Gef\u00e4ngnisse, <a title=\"Frauen-Freiheit\" href=\"https:\/\/www.freiburg-schwarzwald.de\/blog\/selbsthilfe\/frauen\/frauen-freiheit\/\">Frauen<\/a> beim Kirchgang verpr\u00fcgeln. W\u00e4hrend seiner Diktatur haben 3 Mio Kubaner &#8211; \u00fcber 20% der Bev\u00f6lkerung &#8211; die Insel \u201eillegal\u201c <a title=\"Migration\" href=\"https:\/\/www.freiburg-schwarzwald.de\/blog\/global\/migration\/\">verlassen<\/a>, <!--more-->denn \u201eRepublikflucht\u201c ist wie in der DDR auch in Kuba strafbar.<br \/>\nCastros Privatverm\u00f6gen wird auf 900 Mio US-Dollar gesch\u00e4tzt, w\u00e4hrend das durchschnittliche Monatseinkommen der Kubaner bei 20 Dollar liegt. Die Lebensleistung von Fidel Castro ist, Kuba in 56 Jahren zu einem total ruinierten Land zu machen. Drei Zitate zu diesem brutalen Despoten zeigen, was f\u00fcr Politiker\u00a0uns in D und EU regieren (wollen):<br \/>\n.<br \/>\n<em>&#8222;\u201eAdios Commandante! \u201aEin K\u00e4mpfer kann sterben \u2013 nicht aber seine Ideen!&#8216; Die kubanische Revolution hat die Welt ver\u00e4ndert. &#8222;<\/em><br \/>\nOskar Lafontaine auf Facebook<br \/>\n<a href=\"https:\/\/www.facebook.com\/oskarlafontaine\/?hc_ref=PAGES_TIMELINE&amp;fref=nf\">https:\/\/www.facebook.com\/oskarlafontaine\/?hc_ref=PAGES_TIMELINE&amp;fref=nf<\/a><\/p>\n<p><em>\u201eRevolution\u00e4r, Sozialist &amp; eine gro\u00dfe Stimme der Unabh\u00e4ngigkeit des S\u00fcdens gegen den reichen Norden. \u00a1Hasta siempre comandante! #FidelCastro\u201c<\/em><br \/>\nKatja Kipping, Vorsitzende \u201eDie Linke\u201c auf twitter<br \/>\n<a href=\"https:\/\/twitter.com\/katjakipping\/status\/802522375891861504\">https:\/\/twitter.com\/katjakipping\/status\/802522375891861504<br \/>\n<\/a>\u00a0 .<br \/>\n<em>\u201eWith the death of #FidelCastro, the world has lost a man who was a hero for many.\u201c<\/em><br \/>\nEU-Kommissionspr\u00e4sident Jean-Claude Juncker auf twitter<br \/>\n<a href=\"https:\/\/twitter.com\/JunckerEU\/status\/802490752118861824\">https:\/\/twitter.com\/JunckerEU\/status\/802490752118861824<br \/>\n<\/a>\u00a0 \u00a0.<br \/>\nBleibt abzuwarten, ob unter\u00a0Fidels Bruder Raoul Castro und nach dem Treffen mit US-Pr\u00e4sident Obama Kuba zu rechtsstaatlich demokratischen Strukturen finden kann.<br \/>\n27.11.2016<br \/>\n.<\/p>\n<p><strong>Viva Cuba Libre \u2013 Zum Tod von Fidel Castro<\/strong><br \/>\nEines meiner politischen Lieblings-T-Shirts zeigt das <strong>Konterfei von Adolf Hitler. \u201eMeine Mao und Ch\u00e9 Guevara-T-Shirts sind gerade in der W\u00e4sche\u201c ist darunter zu lesen<\/strong>.<br \/>\nEine r\u00fccksichtlose Abrechnung mit den Dummk\u00f6pfen, die voller Bewunderung mit der Mao-Fibel oder T-Shirts herumlaufen, die den l\u00e4cherlichen \u201eRevolution\u00e4r\u201c Ch\u00e9 Guevara zeigen. Massenm\u00f6rder beide, wenn auch die Opferzahl sich unterscheidet.<br \/>\nWer diese Verbrecher auf dem Hemd tr\u00e4gt, kann auch gleich ein Hitler-T-Shirt anziehen, lautet die Botschaft.<br \/>\n&#8230;\u00a0Alles von Joachim Nikolaus Steinh\u00f6fel vom 27.11.2016 bitte lesen auf<br \/>\n<a href=\"https:\/\/www.achgut.com\/artikel\/viva_cuba_libre_zum_tod_von_fidel_castro\">https:\/\/www.achgut.com\/artikel\/viva_cuba_libre_zum_tod_von_fidel_castro<\/a><\/p>\n<p>&nbsp;<\/p>\n<p><strong>Castro hinterl\u00e4\u00dft ein verfallenes Land mit unselbst\u00e4ndigen Menschen<\/strong><br \/>\nFidel Castro ist tot. Er hat ein verw\u00fcstetes, verfallendes Land hinterlassen. Jenseits der Touristenrouten in Havanna und anderen St\u00e4dten st\u00fcrzen die H\u00e4user zusammen. Die Infrastruktur liegt in den letzten Z\u00fcgen. Einen \u00f6ffentlichen Nah- und Fernverkehr gibt es nicht mehr. Gro\u00dfe Teile der ehemals landwirtschaftlich genutzten Fl\u00e4che liegen unter einer Unkrautdecke verborgen, die nur noch mit der Machete beseitigt werden kann. Schlimmer ist, wie mir unser junger Reiseleiter sagte, der unsere Studiengruppe betreute, das Unkraut in den K\u00f6pfen. <strong>Die bleiernen Jahrzehnte des Fidelismus haben einen tr\u00e4gen, zur Eigeninitiative weitgehend unf\u00e4higen, Menschenschlag hervorgebracht.<\/strong> &#8230;. Alles von Vera Lengsfeld vom 28.11.2016 bitte lesen auf<br \/>\n<a href=\"https:\/\/www.achgut.com\/artikel\/dossier_castro_und_kuba\">https:\/\/www.achgut.com\/artikel\/dossier_castro_und_kuba<\/a><\/p>\n","protected":false},"excerpt":{"rendered":"<p>Mit Fidel Castro ist ein Massenm\u00f6rder gestorben, dessen repressiver Polizeistaat weder unabh\u00e4ngige Medien noch Gerichte zulie\u00df. Seit der Machtergreifung am 1.1.1959 verwandelte Castro Kuba vom wohlhabenden Inselstaat zum Armenhaus S\u00fcdamerikas. Homosexuelle ins Arbeitslager, Kritiker in Gef\u00e4ngnisse, Frauen beim Kirchgang verpr\u00fcgeln. &hellip; <a href=\"https:\/\/www.freiburg-schwarzwald.de\/blog\/massenmoerder-fidel-castro-tot\/\">Weiterlesen <span class=\"meta-nav\">&rarr;<\/span><\/a><\/p>\n","protected":false},"author":2,"featured_media":0,"comment_status":"open","ping_status":"closed","sticky":false,"template":"","format":"standard","meta":{"footnotes":""},"categories":[18,52,210,172],"tags":[409,633,549,525,463],"class_list":["post-63456","post","type-post","status-publish","format-standard","hentry","category-bildung","category-einewelt","category-gewalt","category-zukunft","tag-armut","tag-demokratie","tag-gesetz","tag-politik","tag-tod"],"_links":{"self":[{"href":"https:\/\/www.freiburg-schwarzwald.de\/blog\/wp-json\/wp\/v2\/posts\/63456","targetHints":{"allow":["GET"]}}],"collection":[{"href":"https:\/\/www.freiburg-schwarzwald.de\/blog\/wp-json\/wp\/v2\/posts"}],"about":[{"href":"https:\/\/www.freiburg-schwarzwald.de\/blog\/wp-json\/wp\/v2\/types\/post"}],"author":[{"embeddable":true,"href":"https:\/\/www.freiburg-schwarzwald.de\/blog\/wp-json\/wp\/v2\/users\/2"}],"replies":[{"embeddable":true,"href":"https:\/\/www.freiburg-schwarzwald.de\/blog\/wp-json\/wp\/v2\/comments?post=63456"}],"version-history":[{"count":0,"href":"https:\/\/www.freiburg-schwarzwald.de\/blog\/wp-json\/wp\/v2\/posts\/63456\/revisions"}],"wp:attachment":[{"href":"https:\/\/www.freiburg-schwarzwald.de\/blog\/wp-json\/wp\/v2\/media?parent=63456"}],"wp:term":[{"taxonomy":"category","embeddable":true,"href":"https:\/\/www.freiburg-schwarzwald.de\/blog\/wp-json\/wp\/v2\/categories?post=63456"},{"taxonomy":"post_tag","embeddable":true,"href":"https:\/\/www.freiburg-schwarzwald.de\/blog\/wp-json\/wp\/v2\/tags?post=63456"}],"curies":[{"name":"wp","href":"https:\/\/api.w.org\/{rel}","templated":true}]}}