{"id":63333,"date":"2016-11-16T15:20:44","date_gmt":"2016-11-16T14:20:44","guid":{"rendered":"https:\/\/www.freiburg-schwarzwald.de\/blog\/?p=63333"},"modified":"2016-12-04T16:37:18","modified_gmt":"2016-12-04T15:37:18","slug":"generalverdacht-und-dna-tests","status":"publish","type":"post","link":"https:\/\/www.freiburg-schwarzwald.de\/blog\/generalverdacht-und-dna-tests\/","title":{"rendered":"Generalverdacht und DNA-Tests"},"content":{"rendered":"<p>Nach <a title=\"Koeln-Silvester2015\" href=\"https:\/\/www.freiburg-schwarzwald.de\/blog\/global\/integration\/koeln-silvester2015\/\">K\u00f6ln<\/a>, <a title=\"Paris13nov2015\" href=\"https:\/\/www.freiburg-schwarzwald.de\/blog\/engagement\/zukunft\/demokratie\/paris13nov2015\/\">Paris<\/a>, <a title=\"Wuerzburg2016Axt\" href=\"https:\/\/www.freiburg-schwarzwald.de\/blog\/selbsthilfe\/krise\/gewalt\/wuerzburg2016axt\/\">W\u00fcrzburg<\/a>, &#8230;: Niemand darf unter &#8222;Generalverdacht&#8220; gestellt und damit <a title=\"Vorverurteilung\" href=\"https:\/\/www.freiburg-schwarzwald.de\/blog\/kultur\/medien\/vorverurteilung\/\">vorverurteilt <\/a>werden, keine Diskriminierung, kein <a title=\"Rassismus\" href=\"https:\/\/www.freiburg-schwarzwald.de\/blog\/engagement\/rassismus\/\">Rassismus<\/a>! <a title=\"Rechtsstaat\" href=\"https:\/\/www.freiburg-schwarzwald.de\/blog\/selbsthilfe\/soziales\/justiz\/rechtsstaat\/\">Gut so<\/a>. Wenn <a title=\"Political-Correctness\" href=\"https:\/\/www.freiburg-schwarzwald.de\/blog\/kultur\/medien\/political-correctness\/\">Politial Correctness<\/a> und <a title=\"Datenschutz\" href=\"https:\/\/www.freiburg-schwarzwald.de\/blog\/engagement\/verbraucher\/datenschutz\/\">Datenschutz<\/a> aber die M\u00f6glichkeiten der modernen <a title=\"Kriminalitaet\" href=\"https:\/\/www.freiburg-schwarzwald.de\/blog\/selbsthilfe\/krise\/gewalt\/kriminalitaet\/\">Kriminalistik<\/a> (DNA-Analyse, <a title=\"Digitalisierung\" href=\"https:\/\/www.freiburg-schwarzwald.de\/blog\/engagement\/zukunft\/digitalisierung\/\">Digitalisierung 4.0<\/a>, <a title=\"Internet\" href=\"https:\/\/www.freiburg-schwarzwald.de\/blog\/kultur\/internet\/\">Vernetzung<\/a>) so einschr\u00e4nken, dass \u00fcberhaupt keinem &#8222;Verdacht&#8220;, der sich gegen mehr als eine Person richtet, mehr online nachgegangen werden darf, <!--more-->dann ist dies doch zu hinterfragen.<br \/>\nBeispiel: Wenn die vom <a title=\"Dreisam-Mord\" href=\"https:\/\/www.freiburg-schwarzwald.de\/blog\/global\/integration\/dreisam-mord\/\">T\u00e4ter<\/a> an der <a title=\"Dreisamuferweg\" href=\"https:\/\/www.freiburg-schwarzwald.de\/blog\/regio\/verkehr\/fahrradwege\/dreisamuferweg\/\">Dreisam<\/a> hinterlassene DNA auf einen blau\u00e4ugigen, hellblonden jungen Mann mit Diabetes weist, dann w\u00e4re doch auch angesichts der unvorstellbar brutalen Tat an Maria L. (zuerst <a title=\"Vergewaltigung\" href=\"https:\/\/www.freiburg-schwarzwald.de\/blog\/selbsthilfe\/krise\/sexuellermissbrauch\/vergewaltigung\/\">vergewaltigen<\/a> und dann t\u00f6ten) angebracht, alle DNA-\u00e4hnliche Personen in Freiburg und Umgebung umgehend zu \u00fcberpr\u00fcfen? Damit w\u00fcrden doch nicht alle Jungs im <a title=\"Hochschwarzwald\" href=\"https:\/\/www.freiburg-schwarzwald.de\/blog\/regio\/hochschwarzwald\/\">Hochschwarzwald<\/a> und <a title=\"Hotzenwald\" href=\"https:\/\/www.freiburg-schwarzwald.de\/blog\/regio\/hotzenwald\/\">Hotzenwald<\/a> diskriminiert? Hatte nicht auch die Polizei durch \u00dcberpr\u00fcfung der Partyg\u00e4nger alle diese jungen Studenten unter &#8222;Generalverdacht&#8220; gestellt?<br \/>\n.<br \/>\nIn Frankreich, Holland und demn\u00e4chst auch in der Schweiz ist die Ausweitung der DNA-Analyse auf die sog. ph\u00e4notypischen Merkmale er DNA: Augenfarbe, Haarfarbe, geografische Abstammunng und Alter erlaubt, aus denen sich demn\u00e4chst &#8211; so der Genetiker Manfred Kayer vom Institut f\u00fcr Forensische Mikrobiologie der Uni Rotterdam &#8211; sogar ein Phantombild erstellen l\u00e4\u00dft. Eine solche erweiterte DNA-Analyse f\u00fchrt nicht zu Vorverurteilung und Generalverdacht von Fl\u00fcchtlingen: Nach Ermordung eines M\u00e4dchens in Friesland\/NL 1999 wurde die Verd\u00e4chtigung von Asiaten des benachbarten Fl\u00fcchtlingswohnheims durch die DNA-Analyse, die eine europ\u00e4ische Herkunft des T\u00e4ters nachwies, umgehend widerlegt.<br \/>\n&#8222;Es braucht aber eine gesellschaftliche Diskussion \u00fcber die DNA-Tests und die hat in Deutschland noch nicht stattgefunden&#8220;, so der renommierte Genetik-Professor Manfred Kayser. Auch hier zeigt sich, dass die in den Nachkriegsjahren <a title=\"Diskussionskultur\" href=\"https:\/\/www.freiburg-schwarzwald.de\/blog\/kultur\/medien\/diskussionskultur\/\">offene und ehrliche Diskussionskultur<\/a> in Deutschland durch die von CDUGr\u00fcneSPDLinke verordnete <a title=\"Alternativlosigkeit vor Wahlen\" href=\"https:\/\/www.freiburg-schwarzwald.de\/blog\/alternativlosigkeit-vor-wahlen\/\">Alternativlosigkeit<\/a> zerst\u00f6rt worden ist:<br \/>\n<em>Diskussionsverbot 1: Zu den 1,6 Mio Migranten (80% funktionale Analphabeten) weitere 5 Mio im erweiterten Familiennachzug (auch Onkel, Neffen, &#8230;) aufnehmen?<\/em><br \/>\n<em>Diskussionsverbot 2: Darf die DNA-Analyse von Kriminologen auch f\u00fcr ph\u00e4notypische Merkmale genutzt werden?<\/em><br \/>\n<em>Diskussionsverbote 3,4,&#8230;: Erneuerbare Energien, Gentechnik, Biotechnologie, Pharmaforschung, Digitalisierung 4.0, EU-Haftung, Direkte Demokratie, &#8230;?<br \/>\n<\/em>\u00a0 \u00a0.<br \/>\nDie \u00fcbliche Entschuldigung deutscher Politiker verweist auf veraltete Gesetze: Wie bei der Migration (Asylgesetz von 1960) stammt auch das DNA-Gesetz aus einer Zeit, in der nur eine einfache DNA-Profilanalyse m\u00f6glich war &#8211; es mu\u00df dringend nachreguliert und dem wissenschatlichen Fortschritt angepasst werden.<br \/>\nLaufen wegen der gutmenschlichen Sorge um Vorverurteilung von Fl\u00fcchtlingen die M\u00f6rder von Maria L. und Carolin G. frei herum? Viele denken es, viele sagen es und niemand schreibt es: &#8222;Hoffentlich war es kein Fl\u00fcchtling&#8220;.<br \/>\n17.11.2016<br \/>\n.<\/p>\n<p><strong>Grenzen f\u00fcr DNA-Analysen &#8211; Ein Gesetz das M\u00f6rder sch\u00fctzt<\/strong><br \/>\nW\u00fcrde eine Genanalyse also zu dem Ergebnis kommen, dass der mutma\u00dfliche T\u00e4ter ein blau\u00e4ugiger Europ\u00e4er w\u00e4re, so w\u00e4re das Feuer an dieser Stelle gel\u00f6scht \u2013 und die Ermittler w\u00e4ren, wie auch bei jedem anderen Resultat, einen Schritt weiter. Und wenn nicht? Wenn die DNA auf afrikanische oder asiatische Wurzeln hindeuten w\u00fcrde? Simpel gesagt: Dann w\u00e4re das halt so. Unsere offene Gesellschaft m\u00fcsste ja auch aushalten, wenn auf einem Phantombild ein Mensch mit Migrationshintergrund zu erkennen w\u00e4re. Die Angst, dass ein Ermittlungsstand rassistische Ressentiments sch\u00fcren k\u00f6nnte, darf die Polizei nicht ausbremsen. &#8230;. Alles vom 18.11.2016 bitte lesen auf<br \/>\n<a href=\"https:\/\/www.badische-zeitung.de\/grenzen-fuer-dna-analysen-ein-gesetz-das-moerder-schuetzt\">https:\/\/www.badische-zeitung.de\/grenzen-fuer-dna-analysen-ein-gesetz-das-moerder-schuetzt<br \/>\n<\/a>.<\/p>\n<p><strong>Migranten in Freiburg von DNA-Analyse ausschlie\u00dfen &#8211; warum?<\/strong><br \/>\nEine \u00dcberlegung in drei Schritten:<br \/>\n(1) Von den mindestens nach <a title=\"Budapest-Dublin2015\" href=\"https:\/\/www.freiburg-schwarzwald.de\/blog\/global\/eu\/budapest-dublin2015\/\">Budapest 9\/2015<\/a> angekommenen 1,6 Mio Migranten sind je nach Studie (sprich politischer Couleur) 60-80% <a title=\"Migration-Maenner\" href=\"https:\/\/www.freiburg-schwarzwald.de\/blog\/global\/migration\/migration-maenner\/\">junge alleinstehende M\u00e4nner<\/a> unter 25 Jahren. Diese geben weder Testosteron-Spiegel noch Sexualit\u00e4t an der Grenze ab. Das &#8222;Fl\u00fcchtlinge&#8220;-Problem ist ein &#8222;junge m\u00e4nnliche, alleinstehende Fl\u00fcchtlinge&#8220;-Problem.<br \/>\nAlleine, ohne Eltern, nur Gleichaltrige mit den gleichen Problemen, ohne Deutschkenntnisse sind sie isoliert. Sie werden zwar versorgt (Wohnen, Essen, Arzt, Deutschkurs, Taschengeld) bzw. &#8211; falls minderj\u00e4hrig &#8211; wohlversorgt (Inobhutnahme als UMA bzw. UMF), doch beim gr\u00f6\u00dften Problem, dem Einordnen, Hinterfragen, Verstehen bzw. Ausleben ihrer eigenen Sexualit\u00e4t, wird ihnen nicht geholfen. Anders z.B. in GBR, wo sexuelle Aufkl\u00e4rung einschlie\u00dflich F\u00fchrung ins Rotlichtmilieu mit Bordell-Besuch ganz oben im Programm steht.<br \/>\nAuch in Freiburg sind &#8222;Fl\u00fcchtlinge&#8220; gro\u00dfenteils &#8222;junge m\u00e4nnliche Fl\u00fcchtlinge&#8220;, auch in Freiburg ist das, was sie am meisten besch\u00e4ftigt, der Umgang mit ihrer sexuellen Orientierung. Dabei haben sie es unvorstellbar schwer: All\u00fcberall diese Sex-Anmache, ohne Sprachkenntnisse keine deutsche Freundin, Puff zu teuer, nur Pornos auf dem Smartphone &#8222;bringts nicht&#8220;. Die deutschen Beh\u00f6rden ignorieren dieses Problem.<br \/>\n(2) Nach zwei brutalen Sexualmorden liegt es nahe, nicht nur die Partyg\u00e4nger der Uni Freiburg (Medinstudenten im 1. Semester) einer DNA-Analyse zu unterziehen, sondern auch diese &#8222;<a title=\"UMF\" href=\"https:\/\/www.freiburg-schwarzwald.de\/blog\/global\/integration\/umf\/\">jungen m\u00e4nnlichen Fl\u00fcchtlinge<\/a>&#8222;. Nicht um Generalverdacht bzw. Vorverurteilung zu fr\u00f6nen, sondern ganz im Gegenteil, um dieses durch Freiburg und Umgebung kursierende &#8222;&#8230; hoffentlich wars kein Fl\u00fcchtling&#8220; zu beantworten und die Fl\u00fcchtlinge zu entlasten. Aber unsere Rechtslage verbietet der Polizei, diese M\u00f6glichkeiten der modernen DNA-Untersuchung (die Haarfarbe, Augenfarbe, Ethnie, Alter, &#8230; bestimmen kann) bei der T\u00e4tersuche zu nutzen. Dabei w\u00e4re es doch wunderbar (siehe der Fall in Holland, wo Asiaten zu Unrecht verd\u00e4chtigt und dann per DNA entlastet wurden), wenn nach einer solchen DNA-Fahndung verk\u00fcndet werden k\u00f6nne, dass beim Dreisam-Mord kein Migrant am Tatort war.<br \/>\n(3) Fazit: Mi\u00dftrauen und Fremdenfeindlichkeit der Bev\u00f6lkerung nehmen weiter zu &#8211; auch in und um Freiburg. Weil die ach so einf\u00e4ltigen B\u00fcrger mit ihrem dummen Menschenverstand das Gef\u00fchl haben, dass hier nicht alles Menschenm\u00f6gliche getan wird, um den T\u00e4ter zu ermitteln &#8211; vielleicht von Rot-Gr\u00fcn-Links ja so gewollt?<br \/>\n17.11.2016<\/p>\n<p>.<\/p>\n<p><strong>Nach den Sexualmorden: Was die DNA-Analyse kann und was sie darf<\/strong><br \/>\nDie Polizei hat das Genmaterial nat\u00fcrlich sofort in die bundesweite Straft\u00e4ter-Datenbank eingespeist. Ergebnis: negativ. Es gibt keinen Vergleichstreffer. Und viel mehr k\u00f6nnen die Ermittler mit ihrem DNA-Fund f\u00fcr den Moment nicht anfangen. Dabei k\u00f6nnte dieser &#8222;Zeuge&#8220; im Labor noch viel mehr sagen. Er k\u00f6nnte verraten, welche Augenfarbe und wohl auch welche Haarfarbe der T\u00e4ter hat. Und er k\u00f6nnte mit nahezu absoluter Sicherheit sagen, aus welcher Weltregion der Erde der M\u00f6rder von Maria L. stammt \u2013 aus Europa, Afrika oder Asien. &#8230;.<br \/>\nAlles vom 17.11.2016 bitte lesen auf<br \/>\n<a href=\"https:\/\/www.badische-zeitung.de\/nach-den-sexualmorden-was-eine-dna-analyse-kann-und-was-sie-darf\">https:\/\/www.badische-zeitung.de\/nach-den-sexualmorden-was-eine-dna-analyse-kann-und-was-sie-darf<br \/>\n.<\/a><\/p>\n<p><strong>DNA-Merkmale wie Farbe von Augen und Haar k\u00f6nnen isoliert werden<\/strong><br \/>\nIn der Zeitung wird lang und breit er\u00f6rtert, ob man Stra\u00dfennamen umbenennen sollte. Dabei werden die Leser nur vom eigentlichen Stra\u00dfen-Problem \u2013 &#8222;die B\u00fcrger trauen sich nachts nicht mehr auf die Stra\u00dfe&#8220; \u2013 abgelenkt. Zum Mordfall an der Dreisam wird nur lapidar mitgeteilt, die DNA des T\u00e4ters wurde gesichert, aber der Abgleich mit der Datenbank der verurteilten Misset\u00e4ter (etwa 700 000 Eintr\u00e4ge) hat der Polizei nichts gebracht. Und von allen Bewohnern eine DNA-Probe zu verlangen, sei nicht machbar. Laut Google (unter anderem Spiegel, Apotheken-Rundschau und so weiter) k\u00f6nnen in der DNA-Forensik aber viele Merkmale isoliert werden: zum Beispiel die Haarfarbe, die Farbe der Augen und so weiter. Deshalb ergibt sich hieraus die Frage: K\u00f6nnen \u00e4u\u00dfere Merkmale aus der DNA-Probe eine Einschr\u00e4nkung beim Screening der Bev\u00f6lkerung erlauben?<br \/>\n16.11.2016, Dieter Ramsperger, March-Hugstetten<br \/>\n.<br \/>\n<strong>Nutzen wir die Macht der Daten<\/strong><br \/>\nWen wundert es? Statt einer &#8222;Negativ-Liste&#8220; mit 300 000 Spurendatens\u00e4tzen des BKA muss eine &#8222;Positiv-Liste&#8220; beziehungsweise eine Gendatenbank aller in Deutschland lebender Personen her. Das wird aber nicht geschehen, solange &#8222;Datensch\u00fctzer&#8220; durch ihre uns\u00e4gliche Verweigerungshaltung Beihilfe zu solchen Verbrechen leisten. Verweigerer einer Gendatenbank machen sich mitschuldig.Kreditkartendaten, Kontodaten, alles kann mittlerweile gehackt werden. Meine Daten sind bei mehreren Vereinen, Autoversicherungen, Krankenversicherungen, Telefongesellschaften, Internetportalen, \u00c4rzten, Banken, (Ex-)Arbeitgebern, der BfA, der Schufa, Ebay, und, und, und gespeichert. Wer glaubt, dass seine Daten sicher sind, der glaubt wahrscheinlich auch, dass die Erde eine Scheibe ist. Nutzen wir die Macht der Daten, drehen den Spie\u00df um und arbeiten pr\u00e4ventiv gegen Verbrechen. Oder wollen wir Verbrecher weiter sch\u00fctzen?<br \/>\n16.11.2016, Thomas Sch\u00e4fer,Diplom-Ingenieur, Emmendingen<br \/>\n.<br \/>\n<strong>Der Tod von Maria L. bewegt die Menschen<\/strong><br \/>\nSeit vergangenen Sonntag hat die Soko Dreisam schon 200 Freunde und Bekannte sowie Helfer der Fachschaftsparty &#8222;Big Medi Night&#8220; in der Mensa im Institutsviertel vernommen, auf der das Opfer am vergangenen Sonntagfr\u00fch bis 2.40 Uhr war. &#8230;. Alles vom 23.10.2016 bitte lesen auf<br \/>\n<a href=\"https:\/\/www.badische-zeitung.de\/freiburg\/polizei-startet-neue-flyeraktion-mit-dem-rad-der-toten-studentin--128878727.html\">https:\/\/www.badische-zeitung.de\/freiburg\/polizei-startet-neue-flyeraktion-mit-dem-rad-der-toten-studentin&#8211;128878727.html<\/a><\/p>\n<p><strong>Relativierung (h\u00e4usliche Gewalt) und Frau als Mitschuldige?<\/strong><br \/>\n&#8222;Das ist ein Fall, der uns alle ersch\u00fcttert&#8220;, sagt Claudia Winker. Die Gesch\u00e4ftsf\u00fchrerin von <a title=\"Frauenhorizonte\" href=\"https:\/\/www.freiburg-schwarzwald.de\/blog\/selbsthilfe\/frauen\/frauenhorizonte\/\">Frauenhorizonte<\/a> weist ebenso wie die st\u00e4dtische Frauenbeauftragte Simone Thomas darauf hin, dass die meiste sexualisierte Gewalt im eigenen sozialen Umfeld passiere, mehr als 70 Prozent.<br \/>\nWinker warnt davor, jetzt zu sagen: &#8222;Frauen, die keinen Karatekurs oder Pfefferspray haben&#8230;&#8220; oder &#8222;Wie kann man nur allein an der Dreisam fahren!&#8220; Damit mache man Frauen zu Mitschuldigen. &#8222;Frauen sollten immer problemlos an der Dreisam fahren k\u00f6nnen.&#8220; Generell w\u00fcnscht Winker sich mehr Zivilcourage. &#8230;. Alles vom 4.11.2016 auf<br \/>\n<a href=\"https:\/\/www.badische-zeitung.de\/nach-dreisam-mord-sturm-auf-pfeffersprays-in-freiburg\">https:\/\/www.badische-zeitung.de\/nach-dreisam-mord-sturm-auf-pfeffersprays-in-freiburg<\/a><\/p>\n<p><strong>&#8218;Nach Dreisam-Mord: Sturm auf Pfeffersprays in Freiburg&#8216;<\/strong><br \/>\nDas ist Sensationsjournalismus! Ein paar Dutzend Leute pro Tag kaufen ein Pfefferspray in Freiburg &#8211; ein paar Dutzend von deutlich \u00fcber 200.000 Einwohnern. Das ist kein &#8218;Sturm&#8216; auf dieses Produkt! Man kann auch fragen: Ist es eigentlich guter Journalismus, wenn die Lokalzeitung dem Verk\u00e4ufer eines \u00f6rtlichen Messergesch\u00e4fts im direkten Zusammenhang mit einem solchen Kapitalverbrechen die Gelegenheit gibt, seine Selbstverteidigungsprodukte werbend in die Kamera zu halten?<br \/>\nHarald Bittner, 4.11.2016<\/p>\n<p><strong>Warum die Sicherheit des \u00f6ffentlichen Raums aufgeben?<\/strong><br \/>\n&#8222;F\u00fcr die Situation in Freiburg hei\u00dft das doch, Mann\/Frau\/Erwachsener\/Jugendlicher\/Kind m\u00fcssen sich bei der Wahl des Wegs vorher Gedanken machen wie dieser gew\u00e4hlt wird.&#8220; &#8211; Ich will mir nicht Gedanken machen m\u00fcssen, welchen Weg ich Abends\/Nachts nehme oder da\u00df man sich sammelt um im Geleitzug dunkle Gegenden durchquert. Das fand ich Deutschland so toll, da\u00df man in der Regel sich wenig sorgen mu\u00dfte ausgeraubt, vergewaltigt oder zusammengeschlagen zu werden und nicht wie in USA, wo in Reisef\u00fchrern schon vor No-Go Areas gewarnt wird, selbiges gilt auch f\u00fcr franz\u00f6siche Gro\u00dfst\u00e4dte. Ist nicht mehr, Schulterzucken?<br \/>\nHalt Alternativlos? Nein! Die Sicherheit des \u00f6ffentlichen Raums ist eine wichtige staatliche Aufgabe. Die Gewalt im \u00f6ffentliche Raum so einfach zu akzeptieren und mit Verhaltensregeln zu kommen damit umzugehen, zeigt auch wie wenig die Gesellschaft einem bedeutet oder wie weit man schon resigniert hat.<br \/>\n4.11.2016, G\u00fcnther Maschkowski<\/p>\n","protected":false},"excerpt":{"rendered":"<p>Nach K\u00f6ln, Paris, W\u00fcrzburg, &#8230;: Niemand darf unter &#8222;Generalverdacht&#8220; gestellt und damit vorverurteilt werden, keine Diskriminierung, kein Rassismus! Gut so. Wenn Politial Correctness und Datenschutz aber die M\u00f6glichkeiten der modernen Kriminalistik (DNA-Analyse, Digitalisierung 4.0, Vernetzung) so einschr\u00e4nken, dass \u00fcberhaupt keinem &hellip; <a href=\"https:\/\/www.freiburg-schwarzwald.de\/blog\/generalverdacht-und-dna-tests\/\">Weiterlesen <span class=\"meta-nav\">&rarr;<\/span><\/a><\/p>\n","protected":false},"author":2,"featured_media":0,"comment_status":"open","ping_status":"closed","sticky":false,"template":"","format":"standard","meta":{"footnotes":""},"categories":[50,60,371],"tags":[117,612,431,732,405],"class_list":["post-63333","post","type-post","status-publish","format-standard","hentry","category-dreisamtal","category-jugend","category-justiz","tag-dreisamuferweg","tag-frau","tag-gerecht","tag-gewalt","tag-polizei"],"_links":{"self":[{"href":"https:\/\/www.freiburg-schwarzwald.de\/blog\/wp-json\/wp\/v2\/posts\/63333","targetHints":{"allow":["GET"]}}],"collection":[{"href":"https:\/\/www.freiburg-schwarzwald.de\/blog\/wp-json\/wp\/v2\/posts"}],"about":[{"href":"https:\/\/www.freiburg-schwarzwald.de\/blog\/wp-json\/wp\/v2\/types\/post"}],"author":[{"embeddable":true,"href":"https:\/\/www.freiburg-schwarzwald.de\/blog\/wp-json\/wp\/v2\/users\/2"}],"replies":[{"embeddable":true,"href":"https:\/\/www.freiburg-schwarzwald.de\/blog\/wp-json\/wp\/v2\/comments?post=63333"}],"version-history":[{"count":0,"href":"https:\/\/www.freiburg-schwarzwald.de\/blog\/wp-json\/wp\/v2\/posts\/63333\/revisions"}],"wp:attachment":[{"href":"https:\/\/www.freiburg-schwarzwald.de\/blog\/wp-json\/wp\/v2\/media?parent=63333"}],"wp:term":[{"taxonomy":"category","embeddable":true,"href":"https:\/\/www.freiburg-schwarzwald.de\/blog\/wp-json\/wp\/v2\/categories?post=63333"},{"taxonomy":"post_tag","embeddable":true,"href":"https:\/\/www.freiburg-schwarzwald.de\/blog\/wp-json\/wp\/v2\/tags?post=63333"}],"curies":[{"name":"wp","href":"https:\/\/api.w.org\/{rel}","templated":true}]}}