{"id":63319,"date":"2016-11-12T10:25:05","date_gmt":"2016-11-12T09:25:05","guid":{"rendered":"https:\/\/www.freiburg-schwarzwald.de\/blog\/?p=63319"},"modified":"2016-11-12T10:25:05","modified_gmt":"2016-11-12T09:25:05","slug":"nistkasten-von-caritas-an-bund","status":"publish","type":"post","link":"https:\/\/www.freiburg-schwarzwald.de\/blog\/nistkasten-von-caritas-an-bund\/","title":{"rendered":"Nistkasten von Caritas an BUND"},"content":{"rendered":"<p>Der\u00a0<a title=\"Caritas\" href=\"https:\/\/www.freiburg-schwarzwald.de\/blog\/religion\/kirchen\/caritas\/\">Caritasverband Freiburg<\/a> hat 10000. Bausatz f\u00fcr <a title=\"5000. Nistkasten: Bund \u2013 Caritas\" href=\"https:\/\/www.freiburg-schwarzwald.de\/blog\/5000-nistkasten-bund-caritas\/\">Nistk\u00e4sten<\/a> an den Bund Umwelt und Naturschutz (<a title=\"BUND\" href=\"https:\/\/www.freiburg-schwarzwald.de\/blog\/natur\/umwelt\/bund\/\">BUND<\/a>) \u00fcbergeben. In den vergangenen neun Jahren wurden diese in den <a title=\"Caritaswerkstaetten\" href=\"https:\/\/www.freiburg-schwarzwald.de\/blog\/religion\/kirchen\/caritas\/caritaswerkstaetten\/\">Werkst\u00e4tten f\u00fcr Menschen mit Behinderung<\/a> der Caritas in March und Titisee-Neustadt gefertigt. Der <a title=\"Greenwash\" href=\"https:\/\/www.freiburg-schwarzwald.de\/blog\/kultur\/medien\/greenwash\/\">BUND<\/a>-Regionalverband S\u00fcdlicher Oberrhein hat diese zu dem Vogelhaus-Jubil\u00e4um bundesweit <a title=\"Caritaswerkstaetten Onlineshop\" href=\"https:\/\/www.freiburg-schwarzwald.de\/blog\/caritaswerkstaetten-onlineshop\/\">verkauft<\/a>, aber auch an Kinderg\u00e4rten in der Region verschenkt.<!--more--><\/p>\n<p>.<br \/>\nIn einer Zeit, in der die Zahl der <a title=\"Vogel\" href=\"https:\/\/www.freiburg-schwarzwald.de\/blog\/natur\/tiere\/vogel\/\">bedrohten Vogelarten<\/a> zunimmt und auch bei den V\u00f6geln bisherige Allerweltsarten wie der Haussperling immer seltener w\u00fcrden, seien Nistk\u00e4sten ein kleiner Beitrag zum Erhalt der Vielfalt, hei\u00dft es in dem Schreiben. Mit dem Bau der K\u00e4sten und Nisthilfen k\u00f6nnten insbesondere Kinder und Jugendliche f\u00fcr den Natur- und Umweltschutz begeistert werden.<br \/>\nGewinn f\u00fcr alle Seiten: Der BUND kauft die K\u00e4sten in den beiden regionalen Werkst\u00e4tten f\u00fcr Menschen mit Behinderung. Das Fichten- und Tannenholz stammt von kleinen, zumeist b\u00e4uerlichen Familienbetrieben aus dem Schwarzwald. &#8222;Ein \u00f6kologisch sinnvolles Produkt aus regionalen Rohstoffen, das Arbeit f\u00fcr <a title=\"Behinderung\" href=\"https:\/\/www.freiburg-schwarzwald.de\/blog\/selbsthilfe\/behinderung\/\">Menschen mit Behinderungen<\/a> schafft. Mehr Win-Win geht eigentlich nicht&#8220;, schreiben Caritas und BUND.<br \/>\nDie zehn Caritaswerkst\u00e4tten St. Georg bieten in der Stadt Freiburg sowie in den beiden Landkreisen Breisgau-Hochschwarzwald und Emmendingen zwischenzeitlich mehr als 1100 Menschen mit Behinderung Besch\u00e4ftigungsm\u00f6glichkeiten im Rahmen sozialer und beruflicher Rehabilitation.<br \/>\n12.11.2016, Caritas<\/p>\n","protected":false},"excerpt":{"rendered":"<p>Der\u00a0Caritasverband Freiburg hat 10000. Bausatz f\u00fcr Nistk\u00e4sten an den Bund Umwelt und Naturschutz (BUND) \u00fcbergeben. In den vergangenen neun Jahren wurden diese in den Werkst\u00e4tten f\u00fcr Menschen mit Behinderung der Caritas in March und Titisee-Neustadt gefertigt. Der BUND-Regionalverband S\u00fcdlicher Oberrhein &hellip; <a href=\"https:\/\/www.freiburg-schwarzwald.de\/blog\/nistkasten-von-caritas-an-bund\/\">Weiterlesen <span class=\"meta-nav\">&rarr;<\/span><\/a><\/p>\n","protected":false},"author":2,"featured_media":0,"comment_status":"open","ping_status":"closed","sticky":false,"template":"","format":"standard","meta":{"footnotes":""},"categories":[56,197,36,158,12,68,220],"tags":[531,445,730,717,142,388],"class_list":["post-63319","post","type-post","status-publish","format-standard","hentry","category-behinderung","category-caritas","category-engagement","category-gesund","category-natur","category-umwelt","category-vogel","tag-handicap","tag-bund","tag-caritas","tag-ehrenamt","tag-renaturierung","tag-social"],"_links":{"self":[{"href":"https:\/\/www.freiburg-schwarzwald.de\/blog\/wp-json\/wp\/v2\/posts\/63319","targetHints":{"allow":["GET"]}}],"collection":[{"href":"https:\/\/www.freiburg-schwarzwald.de\/blog\/wp-json\/wp\/v2\/posts"}],"about":[{"href":"https:\/\/www.freiburg-schwarzwald.de\/blog\/wp-json\/wp\/v2\/types\/post"}],"author":[{"embeddable":true,"href":"https:\/\/www.freiburg-schwarzwald.de\/blog\/wp-json\/wp\/v2\/users\/2"}],"replies":[{"embeddable":true,"href":"https:\/\/www.freiburg-schwarzwald.de\/blog\/wp-json\/wp\/v2\/comments?post=63319"}],"version-history":[{"count":0,"href":"https:\/\/www.freiburg-schwarzwald.de\/blog\/wp-json\/wp\/v2\/posts\/63319\/revisions"}],"wp:attachment":[{"href":"https:\/\/www.freiburg-schwarzwald.de\/blog\/wp-json\/wp\/v2\/media?parent=63319"}],"wp:term":[{"taxonomy":"category","embeddable":true,"href":"https:\/\/www.freiburg-schwarzwald.de\/blog\/wp-json\/wp\/v2\/categories?post=63319"},{"taxonomy":"post_tag","embeddable":true,"href":"https:\/\/www.freiburg-schwarzwald.de\/blog\/wp-json\/wp\/v2\/tags?post=63319"}],"curies":[{"name":"wp","href":"https:\/\/api.w.org\/{rel}","templated":true}]}}