{"id":63304,"date":"2016-11-10T18:36:27","date_gmt":"2016-11-10T17:36:27","guid":{"rendered":"https:\/\/www.freiburg-schwarzwald.de\/blog\/?p=63304"},"modified":"2016-11-11T17:12:18","modified_gmt":"2016-11-11T16:12:18","slug":"trump-sein-dummes-wahlvolk","status":"publish","type":"post","link":"https:\/\/www.freiburg-schwarzwald.de\/blog\/trump-sein-dummes-wahlvolk\/","title":{"rendered":"Trump &#8211; sein dummes Wahlvolk"},"content":{"rendered":"<p>Nach Tump&#8217;s <a title=\"Demokratie\" href=\"https:\/\/www.freiburg-schwarzwald.de\/blog\/engagement\/zukunft\/demokratie\/\">Wahlsieg<\/a> in den <a title=\"USA\" href=\"https:\/\/www.freiburg-schwarzwald.de\/blog\/global\/usa\/\">USA<\/a>: <a title=\"Fernsehen\" href=\"https:\/\/www.freiburg-schwarzwald.de\/blog\/kultur\/medien\/fernsehen\/\">Ard und Zdf<\/a> zeigen weinende B\u00fcrger, im DLF wird vom &#8222;Ende der Nachkriegszeit&#8220; gestammelt. Die <a title=\"GroKo\" href=\"https:\/\/www.freiburg-schwarzwald.de\/blog\/engagement\/zukunft\/demokratie\/groko\/\">Regierung<\/a> wechselt nach kurzer <a title=\"Ehrlichkeit\" href=\"https:\/\/www.freiburg-schwarzwald.de\/blog\/engagement\/zukunft\/ehrlichkeit\/\">Schockstarre<\/a> zu \u00fcblicher\u00a0<a title=\"Diffamierung\" href=\"https:\/\/www.freiburg-schwarzwald.de\/blog\/kultur\/medien\/diffamierung\/\">Diffamierung<\/a>: Steinmeier verweigert <a title=\"TTIP EU-USA contra Kleinbauern\" href=\"https:\/\/www.freiburg-schwarzwald.de\/blog\/ttip-eu-usa-contra-kleinbauern\/\">Trump<\/a> die Gratulation, nachdem er ihn <em>&#8222;Hassprediger&#8220;<\/em> titulierte. F\u00fcr <a title=\"Gutmenschen\" href=\"https:\/\/www.freiburg-schwarzwald.de\/blog\/engagement\/gutmenschen\/\">Gabriel<\/a> ist Trump der <em>\u201eVorreiter einer neuen autorit\u00e4ren und chauvinistischen Internationalen&#8220;<\/em>. <a title=\"Merkelismus\" href=\"https:\/\/www.freiburg-schwarzwald.de\/blog\/engagement\/zukunft\/demokratie\/merkelismus\/\">Merkel<\/a> belehrt <a title=\"Freiheit Polizei Sicherheit USA D\" href=\"https:\/\/www.freiburg-schwarzwald.de\/blog\/freiheit-polizei-sicherheit-usa-d\/\">Trump<\/a> \u00fcber die <a title=\"Menschenrechte\" href=\"https:\/\/www.freiburg-schwarzwald.de\/blog\/kultur\/aufklaerung\/menschenrechte\/\">Menschenrechte<\/a> wie einen kleinen Diktator. <!--more-->.<\/p>\n<p><a title=\"Groessenwahn\" href=\"https:\/\/www.freiburg-schwarzwald.de\/blog\/engagement\/zukunft\/groessenwahn\/\">Gr\u00f6\u00dfenwahn<\/a>, <a title=\"60 Mio Schulden Groessenwahn\" href=\"https:\/\/www.freiburg-schwarzwald.de\/blog\/60-mio-schulden-groessenwahn\/\">Arroganz<\/a>, &#8222;kulturprotestantische <a title=\"Gesinnungsethik\" href=\"https:\/\/www.freiburg-schwarzwald.de\/blog\/engagement\/zukunft\/demokratie\/gesinnungsethik\/\">Gesinnungsethik<\/a>&#8220; (<a title=\"Identitaet\" href=\"https:\/\/www.freiburg-schwarzwald.de\/blog\/engagement\/zukunft\/demokratie\/identitaet\/\">Bassam Tibi<\/a>) und <a title=\"Gutmenschen\" href=\"https:\/\/www.freiburg-schwarzwald.de\/blog\/engagement\/gutmenschen\/\">\u00dcberheblichkeit<\/a> von GroKo + Gr\u00fcne richten sich seit dem 9.11.2016 also nicht nur gegen die <a title=\"Grundgesetz\" href=\"https:\/\/www.freiburg-schwarzwald.de\/blog\/engagement\/zukunft\/demokratie\/grundgesetz\/\">eigene B\u00fcrgerschaft<\/a> (ab <a title=\"Budapest-Dublin2015\" href=\"https:\/\/www.freiburg-schwarzwald.de\/blog\/global\/eu\/budapest-dublin2015\/\">Budapest 9\/2015<\/a>) und gegen die B\u00fcrger der <a title=\"Europa-Leitkultur\" href=\"https:\/\/www.freiburg-schwarzwald.de\/blog\/kultur\/europa-leitkultur\/\">EU<\/a>, sondern auch gegen die USA, deren B\u00fcrger so <a title=\"Der dumme deutsche Buerger\" href=\"https:\/\/www.freiburg-schwarzwald.de\/blog\/der-dumme-deutsche-buerger\/\">bl\u00f6de<\/a> sind, einen so <a title=\"Dummheit\" href=\"https:\/\/www.freiburg-schwarzwald.de\/blog\/engagement\/zukunft\/dummheit\/\">bl\u00f6de-dummen<\/a> Trump zu w\u00e4hlen.<br \/>\n<a title=\"Populismus\" href=\"https:\/\/www.freiburg-schwarzwald.de\/blog\/engagement\/zukunft\/demokratie\/populismus\/\">Trump<\/a>-W\u00e4hler jenseits des Atlantiks sind eben genauso dumm wie\u00a0<a title=\"AfD\" href=\"https:\/\/www.freiburg-schwarzwald.de\/blog\/vereine\/partei\/afd\/\">AfD<\/a>-W\u00e4hler bei uns &#8211; dar\u00fcber sind sich TV-Medien, Mainstream-Presse und etablierte Parteien einig.\u00a0Niemand wagt sich an die entscheidende Frage:<br \/>\n.<br \/>\n<em>&#8222;Warum hat die gro\u00dfe Mehrheit des amerikanischen Wahlvolks f\u00fcr Trump gestimmt?&#8220;<\/em><\/p>\n<p>Antworten mu\u00df man im Ausland suchen, in England (BBC bingt super Kommentare), der Schweiz (NZZ) oder auch in \u00d6sterreich, wo &#8222;Die Presse&#8220; aus Wien am 10.10.2016 treffend konstatiert:<br \/>\n.<br \/>\n<em>\u201eDiese Wahl war ein krachendes Votum gegen die herrschende Elite in Washington und gegen die <a title=\"Political-Correctness\" href=\"https:\/\/www.freiburg-schwarzwald.de\/blog\/kultur\/medien\/political-correctness\/\">politische Korrektheit<\/a>. Die Ablehnung gegen <strong>\u201edie da oben\u201c<\/strong> wog schwerer als die Abscheu gegen die geschmacklosen Rundumschl\u00e4ge Trumps.\u201d<\/em><br \/>\nAuch <a title=\"Deutschland-verrecke\" href=\"https:\/\/www.freiburg-schwarzwald.de\/blog\/global\/deutschland\/deutschland-verrecke\/\">bei uns<\/a> ignorieren <strong>&#8222;die da oben&#8220;<\/strong> die\u00a0Fragen, Sorgen, N\u00f6te und \u00c4ngste von weiten Teilen der B\u00fcrgerschaft, der Mitte der Gesellschaft. Auch bei uns gibt es demn\u00e4chst eine Wahl.<br \/>\n10.11.2016<\/p>\n<p><strong>Frank-Walter Hassprediger Steinmeier<\/strong><br \/>\nSchon im Wahlkampf war Au\u00dfenminister Frank-Walter Steinmeier schwer aus der Rolle gefallen, als er Trump einen \u201eHassprediger\u201c nannte. So etwas darf ein Spitzenpolitiker als Au\u00dfenminister und damit oberster Diplomat eines Partnerlandes vielleicht denken, aber nicht \u00f6ffentlich sagen. Denn es ist erstens eine schwere Einmischung in den laufenden Wahlkampf eines befreundeten, demokratischen Landes. Und es ist politisch t\u00f6richt und kurzsichtig, weil es die M\u00f6glichkeit nicht bedenkt, dass man es mit einer Regierung dieses Mannes zu tun bekommen k\u00f6nnte. &#8230; Nach der Wahl verweigerte er Trump zun\u00e4chst die Gratulation zum Wahlerfolg, was normalerweise eine Selbstverst\u00e4ndlichkeit unter Demokraten ist. Denn wer den Gl\u00fcckwunsch verwehrt, verwehrt ihn nicht nur dem Gewinner. Sondern desavouiert eine Demokratie und ihre W\u00e4hler. &#8230;.Alles vom 10.11.2016 auf<br \/>\n<a href=\"https:\/\/www.cicero.de\/berliner-republik\/nach-trumps-wahlsieg-steinmeier-ausser-rand-und-band\">https:\/\/www.cicero.de\/berliner-republik\/nach-trumps-wahlsieg-steinmeier-ausser-rand-und-band<\/a><\/p>\n<p><strong>Merkels Gr\u00f6\u00dfenwahn: Die Demokratin belehrt Diktator Trum \u00fcber Menschenrechte<\/strong><br \/>\nLieber Herr Schwennicke, zu Steinmeier stimme ich Ihnen zu. Aber das Frau Merkel ( Ex Angela Kasner) Herrn Trump \u00fcber demokratische Werte belehren will, schl\u00e4gt dem Fa\u00df die Krone ins Gesicht ? Vor gut 20 Jahren wu\u00dfte sie als FDJ Sekret\u00e4rin unter Honecker noch nicht mal wie man Demokratie buchstabiert. Ich kann diese Politiker nicht mehr ernst nehmen, aber scheinbar haben wir nix besseres!<br \/>\nIhnen ist wirklich nicht aufgefallen, da\u00df Frau Merkel sich anh\u00f6rte, als w\u00fcrde Sie einen Diktator \u00fcber demokratische Grundwerte belehren?<br \/>\n10.11.2016, Albert Keller, CO<br \/>\n.<br \/>\n<strong>So einfach ist die gute Welt: Trump-W\u00e4hler = AfD-W\u00e4hler<\/strong><br \/>\nGern wurde der \u201etypische\u201c amerikanische Trump-W\u00e4hler mit dem \u201etypischen\u201c deutschen AfD-W\u00e4hler verglichen. Es ist sicher ein Schock f\u00fcr die politische Klasse hierzulande, dass dieses Klientel zu einer Stimmenmehrheit anwachsen kann. Es w\u00e4re eine heilsame Lehre aus dem amerikanischen Wahlergebnis, dass politische Verantwortungstr\u00e4ger, die die Gesellschaft nur noch so behandeln, wie eine Gouvernante ein widerspenstiges Kind, so viel Frust produzieren, dass eine solche Mehrheit m\u00f6glich wird. Aus der Sicht des w\u00e4hlenden Souver\u00e4ns ist das irgendwann nur noch ein Akt der Notwehr. Die Verantwortung handelnder Politiker (GroKo + Gr\u00fcne) ist es, die W\u00e4hler nicht dahin zu treiben. &#8230;. Alles von Peter Grimm vom 9.11.2016 auf<br \/>\n<a href=\"https:\/\/www.achgut.com\/artikel\/schock_und_schadenfreude\">https:\/\/www.achgut.com\/artikel\/schock_und_schadenfreude<\/a><\/p>\n<p><strong>Ein Trump f\u00fcr Europa?<\/strong><br \/>\nDer beste Kommentar in den Medien kommt, woher sonst, aus \u00d6sterreich: \u201eDie Presse\u201c (Wien) schreibt: \u201eDiese Wahl war ein krachendes Votum gegen die herrschende Elite in Washington und gegen die politische Korrektheit. Die Ablehnung gegen \u201edie da oben\u201c wog schwerer als die Abscheu gegen die geschmacklosen Rundumschl\u00e4ge Trumps. (&#8230;)\u201d &#8211; ich w\u00fcnsche mir f\u00fcr Deutschland und Europa auch einen \u201cTrump\u201d &#8211; gegen \u201cdie da oben\u201d, gegen Merkel, Maas, Gabriel usw\u2026 gegen Junker, Schulz usw\u2026 Denn schlimmer als mit Obama (Friedensnobelpreis aber Kriegstreiber), schlimmer als mit Merkel &amp; Co kann es nicht kommen.<br \/>\n9.11.2016, JF Lupus<br \/>\n.<br \/>\n<strong>\u00dcberraschen und Entsetzen<\/strong><br \/>\nAls ich heute morgen im Rundfunk von Trumps Wahlsieg erfuhr, klang die Berichterstattung, als w\u00fcrden in Deutschand Staatstrauer und Halbmastbeflaggung angeordnet. W\u00e4re es in der DDR zu Honeckers oder Ulbrichts Zeiten zu freien Wahlen gekommen, dann w\u00e4re das Ergebnis sehr \u00e4hnlich kommentiert worden wie heute Trumps Wahl in unseren Medien. Positives Ergebnis der Wahl ist sicher, dass unsere Journalisten langsam begreifen, dass nicht sie es sind, die bestimmen, wer in den USA gew\u00e4hlt wird. Und vielleicht besinnen sich unsere Politiker im Umgang mit anderen Staaten wieder auf die Kunst der Diplomatie und steigen von ihrem hohen moralischen Ross herunter.<br \/>\nDer mediale Elfenbeinturm ist h\u00f6her denn je. Heute morgen meldete SWR 1 in den 8-Uhr-nachrichten, S\u00c4MTLICHE Parteien \u00e4u\u00dferten sich \u201c\u00fcberrascht und entsetzt\u201d von dem Wahlergebnis. Mehr muss ich nicht h\u00f6ren, um zu wissen, wo die wahren postfaktisch gepolten Mitb\u00fcrger sitzen.<br \/>\nGisela Tiedt, 10.11.2016<\/p>\n<p><strong>Sorgen \u00fcber Amerika &#8211; Sorglosigkeit gegen\u00fcber Deutschland<\/strong><br \/>\nHallo Herr Grimm, super Artikel. Ich hasse diese Deutsche Besserwisserei, Bevormundung und auch gewisse Arroganz. Die Deutschen wissen doch am besten, welcher Pr\u00e4sident f\u00fcr Amerika gut ist! Die wissen am besten, welche Regierung f\u00fcr die Polen in Polen die beste ist! Und die Deutschen wissen nat\u00fcrlich am besten, ob der Putin f\u00fcr die Russen in Russland gut ist! Am heutigen Morgen empfand ich aber noch etwas besser, als der \u00fcberraschende Wahlen Ausgang, n\u00e4mlich die Kommentare der deutschen Politiker. Angefangen von Ralf Stegner, bis Claudia Roth, Dietmar Barsch, Anton Hofreiter, Sarah Wagenknecht und last but not least Cem \u00d6zdemir. Alle wollen gemeinsam st\u00e4rker gegen Rechtspopulisten vorgehen, anstatt sich an eigener Nase zu fassen und zu erfragen \u201cmachen wir bis jetzt alles richtig?<br \/>\nIst jetzt vielleicht wirklich Zeit gekommen sich \u00fcber unsere Politik Gedanken zu machen\u201d? Die zeigen mit dem Finger auf Trump und Amerika ,machen sich sehr gro\u00dfe Sorgen um Zukunft dieses Landes, anstatt sich Gedanken zu machen, was aus Deutschland wird, wenn Angele Merkel f\u00fcr weitere 4 Jahre gew\u00e4hlt wird? Der beste mit einem gro\u00dfen Abstand ist aber die Lichtgestalt unserer Au\u00dfenpolitik: Franky, Walter Steinmeier. Er gratulierte heute dem Trump nicht und nannte in vor 3 Monaten, (wo man seinen Sieg nicht ausschlie\u00dfen konnte) einen \u201cHassprediger\u201d. Mehr politisches Ungeschick und Dummheit geht nicht! Oder kann ein anderer deutscher Politiker doch mehr bieten?<br \/>\n9.11.2016, Jecek Berger, AO<\/p>\n<p><strong>In USA wie auch in D: Politik hatte \u00c4ngste der Mitte der Gesellschaft ignoriert<\/strong><br \/>\nDie fundamentale Lehre lautet zun\u00e4chst: So etwas passiert, wenn man die Menschen und ihre \u00c4ngste ignoriert oder gar desavouiert. Es fallen ja sofort die Parallelen zum Brexit auf. Demoskopen und Medien haben das Ergebnis vollkommen falsch eingesch\u00e4tzt, die B\u00f6rsen ebenso. Die Sensoren f\u00fcr das, was in einer Mehrheit der Bev\u00f6lkerung gedacht und empfunden wird, sind einem gro\u00dfen Teil der politisch-medialen Klasse abhanden gekommen. Man kann \u00fcber die H\u00e4lfte der Bev\u00f6lkerung eine gewisse Zeit ignorieren. Man kann sie f\u00fcr ungebildet halten, sogar f\u00fcr krank und von unbegr\u00fcndeten \u00c4ngsten getrieben. Aber man kann das eben nur f\u00fcr eine gewisse Zeit tun. Der Sieg von Trump ist auch f\u00fcr die im Bundestag vertretenen Parteien (GroKo) ein Zeichen an der Wand.<br \/>\nAlles vom 9.11.2016 bitte lesen auf<br \/>\n<a href=\"https:\/\/www.achgut.com\/artikel\/trump_praesident_deutschland_entsetzt_die_welt_dreht_sich_weiter\">https:\/\/www.achgut.com\/artikel\/trump_praesident_deutschland_entsetzt_die_welt_dreht_sich_weiter<br \/>\n<\/a>\u00a0 \u00a0.<\/p>\n<p><strong>Das deutsche Gejammere &#8211; anders als in den USA<\/strong><br \/>\nHallo nach Deutschland ich bin gerade am Urlauben im Trump Land. Wie herrlich die Menschen mit dem Thema Trump hier umgehen. Hier kann man sich mit Menschen offen in beide Richtungen \u00fcber Hillary und Trump unterhalten. Hier stehen Trump Schilder auf den Stra\u00dfen und in den Vorg\u00e4rten. Ich sehe keine beschmierten Plakate oder umgeworfene Schilder. Ich dachte ich lebe in Deutschland. Aber wenn ich heute morgen das Geschrei unserer Mainstreampresse lese aus Deutschland und die Begr\u00fc\u00dfung von Angela Merkel.<br \/>\nDiese Drohung an USA: <strong>und wenn Du dich nicht nach Muttis Anweisungen verh\u00e4ltst dann wirst du gebashed wie unsere Sachsen.<\/strong> Das ist Demokratie Par excellence ala Merkel. Ich glaube dass unsere Poolitiker sich ein Beispiel an USA nehmen sollten. Sich mit Andersdenkenden auseinanderzusetzen und nicht als Pack zu bezeichnen. Trump ist gut f\u00fcr Europa und unser politisches Establishment. Er ist sicher gew\u00f6hnungsbed\u00fcrftig aber er wird vor allem das verkrustete Europa aufmischen. Es war gut heute in USA aufzuwachen. Die Amerikaner sind doch wahre Demokraten. Die deutsche Presse lese ich mir nach 3 Cocktails durch. Anders ist dieses deutsche Gejammere nicht zu ertragen. Heute bin ich richtig stolz auf Amerika.<br \/>\n9.11.2016, J\u00fcrgen Friebel<\/p>\n<p><em>\u201cDie fundamentale Lehre lautet zun\u00e4chst: So etwas passiert, wenn man die Menschen und ihre \u00c4ngste ignoriert oder gar desavouiert.\u201d<\/em> Politik kann so einfach sein\u2026\u00a0Heute morgen in der Drehscheibe des ZDF gesehen: Ein junger Amerikaner wird hier in Deutschland zur Wahl von Trump gefragt und warum entgegen den Prognosen so gew\u00e4hlt wurde; \u201c&#8230; wenn jemand sagt, er ist f\u00fcr Trump, das ist sehr unbeliebt.\u201d Das ist symptomatisch, auch f\u00fcr Deutschland: Was die Mehrheit m\u00f6chte, das ist sehr unbeliebt. Es gab eine Zeit der, nat\u00fcrlich von der Meinungsvorgebenden Elite kreierten \u201cWutb\u00fcrger\u201d. Ich denke, es ist jetzt Zeit f\u00fcr einen neuen Begriff, mit dem Frontmann Kleber vom ZDF zuvorderst dran: Der moralisierende Entr\u00fcstungsb\u00fcrger. Die B\u00fcrger, die nicht verstehen und auch nicht willens sind zu verstehen, dass die Mehrheit ihrer offenbar anzuzweifelnden Moral nicht folgen m\u00f6gen. Die Demokratie hat gewonnen. Diesen Satz habe ich heute Morgen noch von keinem der politischen Elite geh\u00f6rt. Aber viel dar\u00fcber, dass \u201cdie Mehrheit\u201d nicht wei\u00df, was auf sie zukommt. Der Krux dabei: Mit allen Prognosen und Vorhersagen hat diese Klasse gezeigt, dass sie es ist, die nicht wei\u00df, was da kommt, wenn\u2019s kommt.<br \/>\n9.11.2016, Dietmar Fau\u00df<br \/>\n.<br \/>\n<strong>\u201cSo etwas passiert, wenn man die Menschen und ihre \u00c4ngste ignoriert oder gar desavouiert.\u201d<br \/>\n<\/strong>Ja, so ist es. Da k\u00f6nnte vielleicht sogar ein \u2018Ditsche\u2019 noch Pr\u00e4sident werden. Auch in Europa sind immer mehr Menschen ihre Verbl\u00f6dung und Verm\u00fcndelung durch den linken Gender-, Diversity- und Klima-Keu bis zum \u00dcberdru\u00df leid. Keine gute Nachricht heute fr\u00fch also f\u00fcr die Volksgouvernanten. Selbst wenn man Trump f\u00fcr einen wahrhaftigen R\u00fcpel h\u00e4lt, dem weltweit agierenden Sozialp\u00e4dagogismus hat er ordentlich die Party versaut. Und das ist gut in Zeiten, wo nicht die Z\u00f6glinge, sondern ihre selbstgef\u00e4lligen Erzieher jedes Ma\u00df (den p\u00e4dagogischen Takt) verloren haben. We don\u2019t need no education, sagt bald nicht nur das US-Volk. Es besteht immer Hoffnung f\u00fcr ein Gemeinwesen, auch f\u00fcr Europa, wenn das Volk wieder anf\u00e4ngt, sich als Subjekt zu entdecken und seine W\u00e4rter und Aufpasser fortjagt. Diejenigen n\u00e4mlich, die den Staat am liebsten als Dauer-Besserungsanstalt f\u00fcr den B\u00fcrger einrichten; mit sich selber am angenehmeren Ende der volksp\u00e4dagogischen Erziehungsstrecke. \u2013 Ansprechende erste Sichtung der US-Wahl, Herr Maxeiner!<br \/>\n9.11.2016, Gernot Rardtke<\/p>\n<p><strong> Nach dem Brexit ist auch dieses Ergebnis nicht \u00fcberraschend<br \/>\n<\/strong>\u00a0Auffallend ist seit Monaten,da\u00df Kleber,Slomka, Maischberger und wie sie alle diesseits und jenseits des Atlantiks hei\u00dfen, kein einziges gutes Haar am Gewinner liessen. Auch Frank-Walter und Martin w\u00e4ren lieber mit ihresgleichen unter sich geblieben, und nun gratuliert Putin zuerst ! Kein-ausgesuchter- Promi aus Sport,Kultur u Gesellschaft bekannte sich zu Trump, jede Meinungsumfrage zeigte nur in eine Richtung: seri\u00f6s ? Und jetzt haben \u00fcber 50 % Trump gew\u00e4hlt. Die Leute haben auch in den USA die Faxen schlicht dicke sich der tgl. gepr\u00e4digten Geisteshaltung anzuschliessen und der wundersamen Geldverteilung zuzusehen: Jetzt haben sie zumindest die Hoffnung,da\u00df Gerechtigkeit, Ordnung und Hausverstand mehr zur Geltung kommen.<br \/>\n9.11.2016, Alexander Meyer<\/p>\n","protected":false},"excerpt":{"rendered":"<p>Nach Tump&#8217;s Wahlsieg in den USA: Ard und Zdf zeigen weinende B\u00fcrger, im DLF wird vom &#8222;Ende der Nachkriegszeit&#8220; gestammelt. Die Regierung wechselt nach kurzer Schockstarre zu \u00fcblicher\u00a0Diffamierung: Steinmeier verweigert Trump die Gratulation, nachdem er ihn &#8222;Hassprediger&#8220; titulierte. F\u00fcr Gabriel &hellip; <a href=\"https:\/\/www.freiburg-schwarzwald.de\/blog\/trump-sein-dummes-wahlvolk\/\">Weiterlesen <span class=\"meta-nav\">&rarr;<\/span><\/a><\/p>\n","protected":false},"author":2,"featured_media":0,"comment_status":"open","ping_status":"closed","sticky":false,"template":"","format":"standard","meta":{"footnotes":""},"categories":[18],"tags":[525],"class_list":["post-63304","post","type-post","status-publish","format-standard","hentry","category-bildung","tag-politik"],"_links":{"self":[{"href":"https:\/\/www.freiburg-schwarzwald.de\/blog\/wp-json\/wp\/v2\/posts\/63304","targetHints":{"allow":["GET"]}}],"collection":[{"href":"https:\/\/www.freiburg-schwarzwald.de\/blog\/wp-json\/wp\/v2\/posts"}],"about":[{"href":"https:\/\/www.freiburg-schwarzwald.de\/blog\/wp-json\/wp\/v2\/types\/post"}],"author":[{"embeddable":true,"href":"https:\/\/www.freiburg-schwarzwald.de\/blog\/wp-json\/wp\/v2\/users\/2"}],"replies":[{"embeddable":true,"href":"https:\/\/www.freiburg-schwarzwald.de\/blog\/wp-json\/wp\/v2\/comments?post=63304"}],"version-history":[{"count":0,"href":"https:\/\/www.freiburg-schwarzwald.de\/blog\/wp-json\/wp\/v2\/posts\/63304\/revisions"}],"wp:attachment":[{"href":"https:\/\/www.freiburg-schwarzwald.de\/blog\/wp-json\/wp\/v2\/media?parent=63304"}],"wp:term":[{"taxonomy":"category","embeddable":true,"href":"https:\/\/www.freiburg-schwarzwald.de\/blog\/wp-json\/wp\/v2\/categories?post=63304"},{"taxonomy":"post_tag","embeddable":true,"href":"https:\/\/www.freiburg-schwarzwald.de\/blog\/wp-json\/wp\/v2\/tags?post=63304"}],"curies":[{"name":"wp","href":"https:\/\/api.w.org\/{rel}","templated":true}]}}