{"id":63215,"date":"2016-11-01T10:51:43","date_gmt":"2016-11-01T09:51:43","guid":{"rendered":"https:\/\/www.freiburg-schwarzwald.de\/blog\/?p=63215"},"modified":"2016-11-01T10:59:35","modified_gmt":"2016-11-01T09:59:35","slug":"schlitzaugen-rede-von-oettinger","status":"publish","type":"post","link":"https:\/\/www.freiburg-schwarzwald.de\/blog\/schlitzaugen-rede-von-oettinger\/","title":{"rendered":"Schlitzaugen-Rede von Oettinger"},"content":{"rendered":"<p>Fast 2\/3 unseres <a title=\"Wachstum\" href=\"https:\/\/www.freiburg-schwarzwald.de\/blog\/engagement\/zukunft\/wachstum\/\">Wohlstandes<\/a> wird im <a title=\"Ausland\" href=\"https:\/\/www.freiburg-schwarzwald.de\/blog\/global\/ausland\/\">Ausland<\/a> verdient. Ohne positiven <a title=\"Export\" href=\"https:\/\/www.freiburg-schwarzwald.de\/blog\/business\/export\/\">Au\u00dfenbeitrag<\/a> (also den Export\u00fcberschu\u00df der <a title=\"Industrie\" href=\"https:\/\/www.freiburg-schwarzwald.de\/blog\/business\/industrie\/\">Leistungsbilanz<\/a>) gehen in <a title=\"Deutschland\" href=\"https:\/\/www.freiburg-schwarzwald.de\/blog\/global\/deutschland\/\">Deutschland<\/a> Heizung und <a title=\"Hartz\" href=\"https:\/\/www.freiburg-schwarzwald.de\/blog\/selbsthilfe\/soziales\/arbeit\/hartz\/\">Hartz IV<\/a>-Zahlungen aus. Deshalb sind <a title=\"EU-Transferunion\" href=\"https:\/\/www.freiburg-schwarzwald.de\/blog\/global\/eu\/eu-transferunion\/\">Wettbewerbsf\u00e4higkeit<\/a> der Wirtschaft und <a title=\"Duale Bildung\" href=\"https:\/\/www.freiburg-schwarzwald.de\/blog\/bildung\/duale-bildung\/\">Bildung<\/a> f\u00fcr uns so wichtig &#8211; beides Themen, die in der <a title=\"Political-Correctness\" href=\"https:\/\/www.freiburg-schwarzwald.de\/blog\/kultur\/medien\/political-correctness\/\">gr\u00fcn-links dominierten Presse<\/a> kaum vorkommen, denn da dominieren <a title=\"Merkelismus\" href=\"https:\/\/www.freiburg-schwarzwald.de\/blog\/engagement\/zukunft\/demokratie\/merkelismus\/\">bequeme<\/a> Nebenthemen wie <a title=\"Gender\" href=\"https:\/\/www.freiburg-schwarzwald.de\/blog\/selbsthilfe\/frauen\/gender\/\">Gender<\/a>, <a title=\"Homosexualitaet\" href=\"https:\/\/www.freiburg-schwarzwald.de\/blog\/selbsthilfe\/soziales\/homosexualitaet\/\">Homo-Ehe<\/a>, <a title=\"Frauen-Freiheit\" href=\"https:\/\/www.freiburg-schwarzwald.de\/blog\/selbsthilfe\/frauen\/frauen-freiheit\/\">Frauenquote<\/a>, <a title=\"Mindestlohn\" href=\"https:\/\/www.freiburg-schwarzwald.de\/blog\/selbsthilfe\/soziales\/arbeit\/lohn\/mindestlohn\/\">Mindestrente<\/a>. <!--more-->.<br \/>\n.<br \/>\nNun hat G\u00fcnter Oettinger, bisheriger <a title=\"EU-Reform\" href=\"https:\/\/www.freiburg-schwarzwald.de\/blog\/global\/eu\/eu-reform\/\">EU-Kommissar<\/a> f\u00fcr Digitales und am 28.10.2016 zum Vizepr\u00e4sidenten mit der Verantwortung f\u00fcr den EU-Haushalt bef\u00f6rdert, mit \u00c4u\u00dfeungen zu Schlitzaugen, Homo-Pflichtehe und Frauenquote bei den <a title=\"Gutmenschen\" href=\"https:\/\/www.freiburg-schwarzwald.de\/blog\/engagement\/gutmenschen\/\">Gutmenschen<\/a> einen Shitstorm ausgel\u00f6st. Doch Oettinger, bekannt f\u00fcr seine ungehobelte Ausdrucksweise, verteidigt sich vehement:<br \/>\n1) <em>Zu den &#8222;Schlitzausgen und Schlitzohren&#8220;<\/em>: \u201eIch wollte im digitalen Sektor, generell bei technologisch gepr\u00e4gten Sektoren aufzeigen, wie dynamisch die Welt ist. Und welche Herausforderung das enorme Tempo der Aufholjagd von L\u00e4ndern wie <a title=\"China\" href=\"https:\/\/www.freiburg-schwarzwald.de\/blog\/global\/china\/\">China<\/a> und S\u00fcdkorea f\u00fcr uns darstellt. Und ich wollte in diesem Zusammenhang vor Selbstzufriedenheit warnen. &#8230;<br \/>\n\u201eDie Chinesen sind einfach clever. Wenn sie einen Technologievorsprung Europas nicht selbst aufholen k\u00f6nnten, dann kauften sie entsprechende Firmen. Europ\u00e4ische Unternehmen stehen da umgekehrt in China vor gr\u00f6\u00dferen H\u00fcrden.\u201c<br \/>\n2) <em>Zur Homo-Ehe<\/em>: &#8222;Nein, ich habe \u00fcberhaupt nichts gegen die Homo-Ehe. Ich habe die Homo-Ehe in einer Liste von Themen, Initiativen und Debatten genannt, die in Deutschland die politische Tagesordnung bestimmen. Mir geht es darum, diese Liste an Themen zu erg\u00e4nzen &#8211; insbesondere um das Thema Wettbewerbsf\u00e4higkeit.&#8220;<br \/>\n3) <em>Zur Frauenquote:<\/em> \u201eNeun M\u00e4nner, eine Partei, keine Demokratie. Keine Frauenquote, keine Frau, folgerichtig\u201c &#8211; so Oettinger \u00fcber eine chinesische Delegation.<br \/>\n.<br \/>\nIn Deutschland sind Zukunftsthemen zu diskutieren wie Bildung, Schule, Exzellent-Universit\u00e4t, schnelles Internet auch im hintersten Hotzenwald, Forschung, Wirtschaft 4.0, Robotik, Naturwissenschaften, <a title=\"Science\" href=\"https:\/\/www.freiburg-schwarzwald.de\/blog\/bildung\/science\/\">Science<\/a>, Digitalisierung. Sonst trifft wirklich ein, was einige w\u00fcnschen: <a title=\"Deutschland-verrecke\" href=\"https:\/\/www.freiburg-schwarzwald.de\/blog\/global\/deutschland\/deutschland-verrecke\/\">Deutschland verrecke!<\/a><br \/>\nMachen Sie mal eine Umfrage in Ihrem Bekanntenkreis zu &#8222;Frauenquote&#8220; und &#8222;Aussenbeitrag&#8220; &#8211; zu welchem Begriff erhalten Sie wohl die Deutschlands\u00a0Bildungsmisere kennzeichnende Antwort &#8222;keine Ahnung&#8220;?<br \/>\n1.11.2016<br \/>\n.<br \/>\n<strong>Sogar Claus Kleber nimmt Oettinger in Schutz<\/strong><br \/>\nZDF-Moderator Claus Kleber verteidigte Oettinger indirekt: \u201eWo nur noch von Imageberatern, PC-Tugendw\u00e4chtern und Juristen abgeschliffenes Zeug geredet wird, m\u00f6chte ich weder Redner noch Zuh\u00f6rer sein\u201c &#8230;. Alles vom 30.10.2016 auf<br \/>\n<a href=\"https:\/\/www.welt.de\/politik\/deutschland\/article159145566\/Claus-Kleber-kann-Oettinger-Kritik-nicht-mehr-hoeren.html\">https:\/\/www.welt.de\/politik\/deutschland\/article159145566\/Claus-Kleber-kann-Oettinger-Kritik-nicht-mehr-hoeren.html<\/a><br \/>\nAlles vom 29.10.2016 bitte lesen auf<br \/>\n<a href=\"https:\/\/www.welt.de\/politik\/article159135452\/Warum-sprachen-Sie-von-Schlitzaugen-Herr-Oettinger.html\">https:\/\/www.welt.de\/politik\/article159135452\/Warum-sprachen-Sie-von-Schlitzaugen-Herr-Oettinger.html<\/a><\/p>\n<p><strong>Das ist was f\u00fcr unsere gr\u00fcn-rote Emp\u00f6rungsindustrie<\/strong><br \/>\nWar klar, dass die gr\u00fcn-rote Emp\u00f6rungsindustrie sofort anlaufen w\u00fcrde. Besonders der unertr\u00e4gliche Herr Beck musste ja auch sofort wieder den Kopf hochrecken! Nein, besonders intelligent war das nicht, was der Oettinger da von sich gegeben hat, aber auch kein Grund zur Aufregung. Insofern hat Kleber recht. Wenn es zur Zeit von Wehner, Strau\u00df etc. schon YOUtube gegeben h\u00e4tte, w\u00e4re die Emp\u00f6rungsindustrie v\u00f6llig atemlos. Wobei Besagte auch bei \u00f6ffentlichen Auftritten sehr deftig waren. Da hat\u00b4s noch geknattert in der Politik. Irgendwann wird keiner mehr irgendwas sagen, denn ein seltener Vogel mit homoerotischen Neigungen in Papua-Neuguinea k\u00f6nnte sich bedr\u00fcckt f\u00fchlen.<br \/>\n30.10.2016, Paul P. WO<br \/>\n.<br \/>\n<strong>Oettinger hat eher noch verharmlost<\/strong><br \/>\nWer die Gesch\u00e4ftspraktiken der Chinesen kennt, dann kommen einem die \u00c4u\u00dferungen von Oettinger eher noch verharmlosend vor. Wer Gesch\u00e4fte machen will, mu\u00df die gesamte Blaupausen der Entwicklung zur Verf\u00fcgung stellen. Fabriken m\u00fcssen mit einem chinesischen &#8222;Partner&#8220; betrieben werden. Dies betrifft vor allem Autoindustrie, Flugzeugbau, Eisenbahn, etc., etc. Europa und insbesondere Deutschland wird sich noch wundern, in den n\u00e4chsten 30 Jahren. Selbst bei Mittelst\u00e4ndlern ist die Goldgr\u00e4berstimmung l\u00e4ngst verflogen.<br \/>\nBernhard B.<\/p>\n<p><strong>Wir besch\u00e4ftigen uns nur mit bequeme Nebenthemen<\/strong><br \/>\nAuch wenn er es in typischer Oettinger-Manier versemmelt hat, hat er inhaltlich mit einigen Punkten durchaus recht. Wir hier in Deutschland haben die Eigenheit, dass es uns in unserer Wohlf\u00fchlblase zu gut geht und wir( insbesondere die Politik und die Medien; dem realen B\u00fcrger weht der Wind schon ziemlich eiskalt um die Nase) daher versuchen, die kalte Realit\u00e4t m\u00f6glichst wenig wahrzunehmen. Und daher werfen wir uns mit Begeisterung auf &#8222;bequeme&#8220; Nebenthemen, um die Hauptprobleme nicht sehen zu m\u00fcssen. Musterbeispiel ist da der Gender-Schwachsinn. Es wird sich regelm\u00e4\u00dfig \u00fcber die Geschlechter (IIRC ist man bei \u00fcber 20 sozialen &#8222;Geschlechtern&#8220; gelandet) aufgeplustert, z.B. wie man wen politisch korrekt benennt, aber dabei die realen Probleme der B\u00fcrger v\u00f6llig vergess<br \/>\nGerald B. 30.10.2016, WO<\/p>\n","protected":false},"excerpt":{"rendered":"<p>Fast 2\/3 unseres Wohlstandes wird im Ausland verdient. Ohne positiven Au\u00dfenbeitrag (also den Export\u00fcberschu\u00df der Leistungsbilanz) gehen in Deutschland Heizung und Hartz IV-Zahlungen aus. Deshalb sind Wettbewerbsf\u00e4higkeit der Wirtschaft und Bildung f\u00fcr uns so wichtig &#8211; beides Themen, die in &hellip; <a href=\"https:\/\/www.freiburg-schwarzwald.de\/blog\/schlitzaugen-rede-von-oettinger\/\">Weiterlesen <span class=\"meta-nav\">&rarr;<\/span><\/a><\/p>\n","protected":false},"author":2,"featured_media":0,"comment_status":"open","ping_status":"closed","sticky":false,"template":"","format":"standard","meta":{"footnotes":""},"categories":[18,52,186,24,95,172],"tags":[27,489,341,653,525,545],"class_list":["post-63215","post","type-post","status-publish","format-standard","hentry","category-bildung","category-einewelt","category-finanzsystem","category-industrie","category-schulen","category-zukunft","tag-ausland","tag-european-union","tag-export","tag-oeko","tag-politik","tag-www"],"_links":{"self":[{"href":"https:\/\/www.freiburg-schwarzwald.de\/blog\/wp-json\/wp\/v2\/posts\/63215","targetHints":{"allow":["GET"]}}],"collection":[{"href":"https:\/\/www.freiburg-schwarzwald.de\/blog\/wp-json\/wp\/v2\/posts"}],"about":[{"href":"https:\/\/www.freiburg-schwarzwald.de\/blog\/wp-json\/wp\/v2\/types\/post"}],"author":[{"embeddable":true,"href":"https:\/\/www.freiburg-schwarzwald.de\/blog\/wp-json\/wp\/v2\/users\/2"}],"replies":[{"embeddable":true,"href":"https:\/\/www.freiburg-schwarzwald.de\/blog\/wp-json\/wp\/v2\/comments?post=63215"}],"version-history":[{"count":0,"href":"https:\/\/www.freiburg-schwarzwald.de\/blog\/wp-json\/wp\/v2\/posts\/63215\/revisions"}],"wp:attachment":[{"href":"https:\/\/www.freiburg-schwarzwald.de\/blog\/wp-json\/wp\/v2\/media?parent=63215"}],"wp:term":[{"taxonomy":"category","embeddable":true,"href":"https:\/\/www.freiburg-schwarzwald.de\/blog\/wp-json\/wp\/v2\/categories?post=63215"},{"taxonomy":"post_tag","embeddable":true,"href":"https:\/\/www.freiburg-schwarzwald.de\/blog\/wp-json\/wp\/v2\/tags?post=63215"}],"curies":[{"name":"wp","href":"https:\/\/api.w.org\/{rel}","templated":true}]}}