{"id":63200,"date":"2016-10-30T19:15:05","date_gmt":"2016-10-30T18:15:05","guid":{"rendered":"https:\/\/www.freiburg-schwarzwald.de\/blog\/?p=63200"},"modified":"2016-11-02T14:36:12","modified_gmt":"2016-11-02T13:36:12","slug":"freie-saekulare-demokratie","status":"publish","type":"post","link":"https:\/\/www.freiburg-schwarzwald.de\/blog\/freie-saekulare-demokratie\/","title":{"rendered":"Freie saekulare Demokratie"},"content":{"rendered":"<p>&#8222;Eine <a title=\"Freiheit\" href=\"https:\/\/www.freiburg-schwarzwald.de\/blog\/engagement\/zukunft\/demokratie\/freiheit\/\">freie<\/a>, s\u00e4kulare, <a title=\"Demokratie\" href=\"https:\/\/www.freiburg-schwarzwald.de\/blog\/engagement\/zukunft\/demokratie\/\">demokratische<\/a> Gesellschaft ist etwas, das wir lernen m\u00fcssen&#8220; &#8211; so <strong>Carolin Emcke<\/strong> bei ihrer Entgegennahme des Friedenspreises des <a title=\"Buchhandel\" href=\"https:\/\/www.freiburg-schwarzwald.de\/blog\/business\/handel\/buchhandel\/\">Deutschen Buchhandels<\/a> 2016. Das Statement stimmt, wenn man &#8222;lernen&#8220; durch &#8222;erhalten&#8220; ersetzt. Denn in den \u00fcber 70 Jahren seit Kriegsende hat sich in <a title=\"Deutschland\" href=\"https:\/\/www.freiburg-schwarzwald.de\/blog\/global\/deutschland\/\">Deutschland<\/a> eine Gesellschaft entwickelt, deren <a title=\"Rechtsstaat\" href=\"https:\/\/www.freiburg-schwarzwald.de\/blog\/selbsthilfe\/soziales\/justiz\/rechtsstaat\/\">freiheitliche Grundordnung<\/a> und repr\u00e4sentative Demokratie <!--more-->vom Ausland so positiv bewertet werden, dass unser Staat in den gro\u00dfen Umfragen immer wieder zum &#8222;beliebtesten Land&#8220; gew\u00e4hlt wird &#8211; auch von Touristen, Unternehmern, Intellektuellen und <a title=\"Migranten-Fluechtlinge\" href=\"https:\/\/www.freiburg-schwarzwald.de\/blog\/global\/migration\/migranten-fluechtlinge\/\">Migranten<\/a>. Man beneidet die Deutschen weltweit um die Freiheit, die unser Rechtsstaat seinen <a title=\"Rechtsstaat fuer alle Buerger\" href=\"https:\/\/www.freiburg-schwarzwald.de\/blog\/rechtsstaat-fuer-alle-buerger\/\">B\u00fcrgern<\/a> bietet.<br \/>\nWenn Carolin Emcke dem Buchhandel verk\u00fcndet, Deutschland m\u00fcsse diese durch das <a title=\"Grundgesetz\" href=\"https:\/\/www.freiburg-schwarzwald.de\/blog\/engagement\/zukunft\/demokratie\/grundgesetz\/\">Grundgesetz<\/a> garantierten B\u00fcrgerfreiheiten ernst noch lernen, dann zeugt dies entweder von Ignoranz (wo auf der Welt kann sich <a title=\"Frauen-Freiheit\" href=\"https:\/\/www.freiburg-schwarzwald.de\/blog\/selbsthilfe\/frauen\/frauen-freiheit\/\">Frau Emcke<\/a> als Lesbe denn freier entwickeln als in D?) oder Abneigung (soll unsere Demokratie zerst\u00f6rt werden?) diesem Deutschland gegen\u00fcber.<br \/>\nAllenfalls hinsichtlich &#8222;S\u00e4kularisierung&#8220; mag man Frau Emckes Statement zustimmen: Unser Land ist erst dann eine &#8222;s\u00e4kulare Gesellschaft&#8220;, wenn die <a title=\"Kirche-Staat\" href=\"https:\/\/www.freiburg-schwarzwald.de\/blog\/religion\/kirche-staat\/\">Trennung von Kirche und Staat<\/a> im Sinne des Laizismus (wie in Frankreich) verwirklicht ist: <a title=\"Religionsfreiheit\" href=\"https:\/\/www.freiburg-schwarzwald.de\/blog\/religion\/religionsfreiheit\/\">Religion<\/a> ist Privatsache, f\u00fcr Christen wie f\u00fcr <a title=\"Islamunterricht\" href=\"https:\/\/www.freiburg-schwarzwald.de\/blog\/religion\/islam\/islamunterricht\/\">Muslime<\/a>.<br \/>\n.<br \/>\nWarum &#8222;Freie Demokratie erhalten&#8220; statt &#8222;Freie Demokratie lernen&#8220;? Sp\u00e4testens seit Merkels Grenz\u00f6ffnung <a title=\"Budapest-Dublin2015\" href=\"https:\/\/www.freiburg-schwarzwald.de\/blog\/global\/eu\/budapest-dublin2015\/\">Budapest 9\/2015<\/a> sind Freiheit und demokratische Einflu\u00dfnahme des <a title=\"Volk\" href=\"https:\/\/www.freiburg-schwarzwald.de\/blog\/engagement\/zukunft\/demokratie\/volk\/\">Wahlvolks als Souver\u00e4n<\/a>\u00a0bedroht und zunehmend eingeengt:<br \/>\nAbgeordnete schweigen, <a title=\"Parlament\" href=\"https:\/\/www.freiburg-schwarzwald.de\/blog\/engagement\/zukunft\/demokratie\/parlament\/\">Bundestag<\/a> wird \u00fcbergangen, Exekutive beeinflu\u00dft Juresdiktion, Regierung bricht Gesetze von D wie EU, <a title=\"Direkte-Demokratie\" href=\"https:\/\/www.freiburg-schwarzwald.de\/blog\/engagement\/zukunft\/demokratie\/direkte-demokratie\/\">direkte Demokratie<\/a>\u00a0wird beschr\u00e4nkt auf wirkungslose Online-Petitionen.<br \/>\n<a title=\"Gutmenschen\" href=\"https:\/\/www.freiburg-schwarzwald.de\/blog\/engagement\/gutmenschen\/\">Gutmenschentum<\/a>, Politik der Alternativlosigkeit, mitte-links Mainstream, <a title=\"Gesinnungsethik\" href=\"https:\/\/www.freiburg-schwarzwald.de\/blog\/engagement\/zukunft\/demokratie\/gesinnungsethik\/\">Gesinnungsethik<\/a> und Ausschaltung der inner-parlamentarischen\u00a0<a title=\"Opposition\" href=\"https:\/\/www.freiburg-schwarzwald.de\/blog\/engagement\/zukunft\/demokratie\/opposition\/\">Opposition<\/a> haben die offene, ehrliche <a title=\"Diskussionskultur\" href=\"https:\/\/www.freiburg-schwarzwald.de\/blog\/kultur\/medien\/diskussionskultur\/\">Diskussionskultur<\/a> zerst\u00f6rt. Wer eine abweichende Meinung vertritt, den trifft die <a title=\"Nazi\" href=\"https:\/\/www.freiburg-schwarzwald.de\/blog\/religion\/juden\/nazi\/\">Nazi<\/a>-, Fremdenfeinde-, Islamophobie-, <a title=\"Antisemitismus\" href=\"https:\/\/www.freiburg-schwarzwald.de\/blog\/religion\/juden\/antisemitismus\/\">Antisemitismus<\/a>&#8211; oder eine andere <a title=\"Nazi-Keule Islamophobie-Keule\" href=\"https:\/\/www.freiburg-schwarzwald.de\/blog\/nazi-keule-islamophobie-keule\/\">Keule<\/a>.<br \/>\nAber Demokratie ohne Diskussion funktioniert nicht. Gerade als Friedenspreistr\u00e4gerin sollte die Schriftstellerin <strong>Carolin Emcke<\/strong> bestrebt sein, unsere 72 Jahre alte Demokratie zu erhalten &#8211; und nicht dem Zeitgeist eines &#8222;<a title=\"Deutschland-verrecke\" href=\"https:\/\/www.freiburg-schwarzwald.de\/blog\/global\/deutschland\/deutschland-verrecke\/\">Deutschland verrecke<\/a>&#8220; zu opfern.<br \/>\n30.10.2016<br \/>\n.<br \/>\n<strong>Immer wieder neu anfangen<\/strong><br \/>\nIhre Worte sind klar. &#8222;Menschenrechte sind kein Nullsummenspiel&#8220;, sagte Carolin Emcke in ihrer Rede zum Friedenspreis des deutschen Buchhandels. &#8222;Niemand verliert sie, wenn sie allen zugesichert werden.&#8220;<br \/>\n&#8230;. Alles von Bettina Schulte vom 24.10.2016bitte lesen auf<br \/>\n<a href=\"https:\/\/www.badische-zeitung.de\/literatur-und-vortraege\/immer-wieder-neu-anfangen--128945275.html\">https:\/\/www.badische-zeitung.de\/literatur-und-vortraege\/immer-wieder-neu-anfangen&#8211;128945275.html<\/a><\/p>\n<p><strong>Friedenspreis an Carolin Emcke: An welche Adresse richten sich ihre Worte wirklich?<\/strong><br \/>\nZu: &#8222;Immer wieder neu anfangen&#8220;, Beitrag von Bettina Schulte (Kultur, 24. Oktober): Hier wurde offenbar (mit Carolin Emcke) eine zeitgeistkonforme Preistr\u00e4gerin ausgezeichnet. Denn Lesbe zu sein ist in Zeiten des Genderismus schon mal ein Plus; Frau zu sein allemal, da die b\u00f6sen, gewaltaffinen M\u00e4nner ja die Preistr\u00e4ger-Community bisher dominierten. &#8222;Eine freie, s\u00e4kulare, demokratische Gesellschaft ist etwas, das wir lernen m\u00fcssen. &#8230; Im wechselseitigen Respekt vor der Vielfalt der Zugeh\u00f6rigkeiten und individuellen Einzigartigkeiten.&#8220;<br \/>\nAn welche Adresse richten sich diese Worte von Frau Emcke? Nur an Kritiker eines \u00fcberbordenden Multikulturalismus, an Kritiker des Islam \u2013 oder auch an eine intolerante Weltreligion, die das T\u00f6ten von Andersgl\u00e4ubigen fordert, Frauen verachtet und die eigene antidemokratische Ideologie \u00fcber die Gesetze eines freiheitlichen Staates stellt? Richtet sich diese Mahnung auch an Menschen, die Wahlplakate des politischen Gegners zerst\u00f6ren oder die Veranstaltungsr\u00e4ume von Gastwirten demolieren, weil sie diese einer politischen Partei zur Verf\u00fcgung gestellt haben, deren Standpunkte einem nicht passen?<br \/>\nDer Kommentar von Bettina Schulte l\u00e4sst leider bef\u00fcrchten, dass solche S\u00e4tze der Preistr\u00e4gerin zumindest so interpretiert werden, dass jegliche Kritik an unkontrollierter Masseneinwanderung, Furcht vor Verlust der kulturellen Identit\u00e4t und des erarbeiteten Wohlstands gleich als Absage an &#8222;die normative Kraft der Menschenrechte&#8220; und an den Konsens der Demokraten abgewertet wird.<br \/>\n29.10.2016, Matthias Gruneisen, Pfaffenweiler<\/p>\n<p>.<\/p>\n<p><strong>Carolin Emcke: Gegen den Hass<\/strong><br \/>\nF\u00fcr ihr Buch \u201eGegen den Hass\u201c hat Carolin Emcke nun den Friedenspreis des deutschen Buchhandels erhalten. Selten ist ein Titel von einer so scheinheiligen Doppelmoral gepr\u00e4gt. Wenn Emcke schreibt \u201eGehasst wird ungenau. Pr\u00e4zise l\u00e4sst sich nicht gut hassen\u201c, dann trifft das exakt auf ihr Buch zu. Letztlich geht es in ihrem Opferfetischismus um ihren ungenauen Hass auf die b\u00fcrgerliche Mitte. Die Normalit\u00e4t findet bei Emcke nicht statt und wird somit ausgegrenzt. Wer ihrer moralischen Selbstgerechtigkeit politisch unkorrekt widerspricht, der wird Zielscheibe des herrschenden Hasses auf das \u201ePack\u201c.<br \/>\n&#8230;..<br \/>\nWarum will Emcke denn nicht bemerken, dass die gr\u00f6\u00dfte Antisemitismus-Gruppe muslimische Araber und T\u00fcrken sind?<br \/>\nWarum will Emcke nicht bemerken, dass die gr\u00f6\u00dften Schwulenhasser Muslime sind, weil das im Koran so angelegt ist?<br \/>\nWarum will Emcke nicht bemerken, dass bei muslimischen Arabern oder T\u00fcrken Sexismus besonders verbreitet ist? Was bedeutet diese Realit\u00e4tsverleugnung?<br \/>\nWas bedeutet es, wenn Hijab und Kopftuch, in die muslimische Frauen und M\u00e4dchen hineingezwungen werden, verteidigt wird?<br \/>\nWarum setzt sich eine lesbische Feministin f\u00fcr die Freiheit der Unterdr\u00fcckung ein und wird daf\u00fcr mit dem deutschen Friedenspreis des Buchhandels ausgezeichnet? &#8230;.<br \/>\nAnstatt den kirchlich kontrollierten Religionsunterricht durch einen allgemeinverbindlichen Unterricht Ethik und Religionskundeunterricht zu ersetzen, wird unhinterfragt und ohne Widerspruch der fl\u00e4chendeckende Islamunterricht an allen staatlichen Schulen gefordert. Kontrolliert von? Von unkontrollierbaren Islamverb\u00e4nden. Soweit zur S\u00e4kularisierung. Dazu hat Emcke schlauerweise nichts gesagt, will sie es sich mit den Herrschenden nicht verscherzen will. &#8230;<br \/>\nAlles von Klaus-J\u00fcrgen Gadamer vom 29.10.2016 bitte lesen auf<br \/>\n<a href=\"https:\/\/www.tichyseinblick.de\/kolumnen\/aus-aller-welt\/der-hass-der-anderen\/\">https:\/\/www.tichyseinblick.de\/kolumnen\/aus-aller-welt\/der-hass-der-anderen\/<br \/>\n<\/a>\u00a0 \u00a0.<br \/>\n<strong>Emcke verachten den Patriotismus der kleinen Leute<\/strong><br \/>\n&#8222;Emcke und Gesinnungsgenossen tanzen im luftleeren Raum. Sie haben keine Wurzeln und haben nur Verachtung f\u00fcr den Patriotismus der kleinen Leute \u00fcbrig&#8220;<br \/>\nDie Wurzellossigkeit ist deren Illusion von der absoluten Autonomie ihres Individualismus. In Wirklichkeit k\u00f6nnen diese Personen nur in diesem kulturell eigent\u00fcmlichen und wohlstandsges\u00e4ttigten gesellschaftlichen Zusammenhang leben, der sich Deutschland nennt und der allein die Vorraussetzungen zum Aufstieg solcher falsch etikettierten Eliten schafft.<br \/>\n&#8222;Ausgerechnet Emcke als lesbische Feministin hat nichts am Islam zu kritisieren. Eine Religion, f\u00fcr die die Frau zweitklassig ist und die Homosexualit\u00e4t verdammt.&#8220;<br \/>\nEin Symptom, das nie obsolet wird, stattdessen mit den Jahren an Kuriosit\u00e4t immer weiter zunimmt und bald in den Geschichtsb\u00fcchern landen wird. Allerdings nicht in Deutschland. Warum gelingt es in unserer Talk versessenen Zeit nicht, die Protagonisten und ihre paradoxe Haltung in einer Diskussion fest zu nageln?! Gibt es wirklich nur einen Henryk M. Broder?<br \/>\n&#8222;Ein gro\u00dfer Unterschied aber ist, dass sich die intellektuelle Seite brilliant ausdr\u00fccken kann und die M\u00e4chtigen zuh\u00f6ren, w\u00e4hrend die Unterschicht eben ihre eigene ungehobelte Sprache hat.&#8220;<br \/>\nOffenbar handelt es sich bei der Eloquenz des polit-medialen Betriebs aber nicht mehr um eine intellektuelle Leistung, Die Worte sprudeln ganz ohne Nachdenken und Tiefgang hervor. Die Menge der erlesenen Worte verschleiert nur die Banalit\u00e4t des Sujets.<br \/>\n30.10.2016, S.Christian, TO<br \/>\n.<br \/>\n<strong>Linke Dogmengl\u00e4ubigkeit der Emcke&#8217;s<\/strong><br \/>\nEin Meinungsbeitrag der Mut macht. Eine unma\u00dfgebliche Erg\u00e4nzung von mir: Wenn Frau Emcke schreibt: &#8222;Das Dogma des Homogenen, Reinen, V\u00f6lkischen verengt die Welt&#8220; baut sie einen Popanz, einen Strohmann auf. Keiner, den ich kenne, aus den Reihen der AFD pflegt dieses Dogma. Was ich gefunden habe, ist der Wunsch nach einer evolution\u00e4ren, dem Menschen angemessene, nach einer organische Ver\u00e4nderung der Gesellschaft, der Umwelt. Die berechtigt Angst, die Sorge vor revolution\u00e4ren Ver\u00e4nderungen, deren Konsequenzen nicht absehbar sind. Der Mensch braucht Vertrautheit, Sicherheit, von der aus er auf den anderen zugehen kann, bereit zu helfen in vielf\u00e4ltigen Formen. Ich bin &#8211; wie viele andere &#8211; f\u00fcr kleine politische Einheiten, die mit einander im Wettbewerb stehen, die zusammenarbeiten, dort wo es notwendig ist. Eine wie auch immer aufgebaute zerrissene Gesellschaft wird auf Dauer nur durch wachsende Repression zusammengehalten werden k\u00f6nnen. Was ich bei der sozialen (Herrschafts)schicht, der Frau Emcke sich offensichtlich zugeh\u00f6rig f\u00fchlt, sehe ist eine Dogmengl\u00e4ubigkeit, bei der offensichtlich Fakten nicht mehr diskutiert werden d\u00fcrfen. Und zu diskutieren w\u00e4re Vieles.<br \/>\nWalter Knoch, TO<\/p>\n<p><strong>Noch nie war D so frei wie heute<\/strong><br \/>\nHerr Gadamer, voll auf den Punkt. Die politkorrekte \u00d6kobourgeoisie rekrutiert sich aus den sich unterdr\u00fcckt F\u00fchlenden dieser Nation. Sie instrumentalisiert die sich unterdr\u00fcckt F\u00fchlenden anderer Nationen, um sich an ihren vermeintlichen Unterdr\u00fcckern im eigenen Lande zu r\u00e4chen. Bei genauerer Betrachtung ist dies, gerade im Deutschland der Neuzeit, ein nicht im Ansatz nachvollziehbarer Vorgang. Denn ist es nicht gerade das Deutschland der Neuzeit, welches umfangreichen Minderheitenschutz gew\u00e4hrt und die freie Entfaltung der Pers\u00f6nlichkeit per Gesetz garantiert? Noch nie war dieses Land so frei wie bis vor kurzer Zeit noch und noch nie gab es auf diesem Planeten so wenig L\u00e4nder, die es so konsequent umsetzten wie wir.<br \/>\nWas gibt es hier, in diesem Lande, zu monieren, zu kritisieren und einzufordern? Nichts! Wer f\u00fcr Menschenrechte eintreten will, sollte es dort tun, wo sie verletzt werden und nicht dort, wo sie geachtet werden. Dieses Deutschland der Neuzeit hat sich im historischen Kontext, wie auch im internationalen Vergleich nichts vorzuwerfen. Gar nichts. Ich frage mich, ob die ganzen Weltverbesserer unser Land und die westliche Welt fortw\u00e4hrend nur deshalb kritisieren, weil die Gegenwehr hier ausf\u00e4llt und es deshalb ohne Konsequenzen bleibt. Dass man so an dem Ast s\u00e4gt, auf dem man selber sitzt, scheint \u00fcberhaupt nicht verstanden zu werden.<br \/>\n30.10.2016, Ralf P\u00f6hling, TO<\/p>\n<p><strong>Man braucht immer eine Minderheit, die man verteidigen kann<\/strong><br \/>\nJa, das ist gut beobachtet: Man braucht immer eine &#8222;Minderheit&#8220;, die man &#8222;verteidigen&#8220; kann gegen die &#8222;Gesellschaft&#8220;.Nun geht es Minderheiten hier tats\u00e4chlich so gut wie noch nie. Dass trotzdem Pf\u00e4lzer-, Ostfriesen -, Blondinen-, Mantafahrer- und Schwulenwitze kursieren, ist kein Argument dagegen! Die auf &#8222;Nie-wieder-Nazi&#8220; getrimmte deutsche (Pseudo-)Intelligenz muss nun fieberhaft neue &#8222;Minderheiten&#8220; kreieren, um nicht die Orientierung zu verlieren. Und im Zweifelsfall, wenn man beim Minderheiten-Headhunting einfach keine finden kann, gilt der absolutistische Satz &#8222;La minorit\u00e9 forte c&#8217;est moi&#8220; oder anders, wenn es um Agitprop in der \u00d6ffentlichkeit geht: &#8222;Ego locutum (neutral gegendert) causa finita!&#8220; Auch unter diesem Aspekt muss man den Willkommensreflex dieser Leute letztes Jahr verstehen&#8230;.<br \/>\nHanna J\u00fcngling, 30.10.2016, TO<br \/>\n.<br \/>\n<strong>G\u00fcte den Fremde &#8211; Hartherzigkeit der eigenen Kultur<\/strong><br \/>\nf\u00fcr Hinzuf\u00fcgen muss ich noch dieses: &#8222;externe G\u00fcte&#8220; also diejenige f\u00fcr v\u00f6llig Fremde, denen man &#8222;nachl\u00e4uft&#8220; wie Gott dies schon in der Bibel feststellt, ist die T\u00fcnche f\u00fcr eine feindliche Hartherzigkeit dem N\u00e4chsten gegen\u00fcber, dem eigenen Glauben, der eigenen Kultur, dem eigenen Land, einem Partner f\u00fcrs Leben, Nachbarn, Kollegen und allen hier tats\u00e4chlich in Armut und Abstieg Geworfenen, den Altersarmen, den Hartz IV-Kindern, den Obdachlosen, den Ungeborenen, deren Individualit\u00e4t hier nicht interessieren. So eine Ersatzg\u00fcte kostet auch nichts, denn es zahlen die Opfer, die N\u00e4chsten und man kann das sogar medienwirksam als besonders exotische &#8222;Extrag\u00fcte&#8220; verkaufen wobei dieser Import des Fremden auch das Ziel in greifbare N\u00e4he r\u00fcckt, das Eigene so relativieren, dass es als Richtwert nicht mehr behauptet werden darf. Das nennt man Totalit\u00e4t. Es geht hier also um Totalit\u00e4res und nicht! um Freiheit.<br \/>\nUrsuline, 30.0.2016, TO<br \/>\n.<br \/>\n<strong>Carolin Emke: Muslime und Juden als gleichwertige Opfergruppen<\/strong><br \/>\nDamit nicht gleich auff\u00e4llt, dass sie sich \u2013 aus welchen Gr\u00fcnden auch immer \u2013 als Sprachrohr der reaktion\u00e4ren deutschen Islamverb\u00e4nde bet\u00e4tigt, mit denen sie das gen\u00fcssliche Auswalzen der selbstgew\u00e4hlten Opferrolle gemein hat, wendet Emcke eine Masche an, die man nur als perfide bezeichnen kann: Sie garniert und veredelt die Beispiele ihrer \u201eEngf\u00fchrung der Wirklichkeit\u201c in Deutschland, wonach Muslime angeblich permanent diskriminiert und verfolgt w\u00fcrden, mit j\u00fcdischen Attributen wie \u201eSynagogen\u201c und \u201eKippas\u201c. Ihre Aufz\u00e4hlung der scheinbar gleichwertigen Opfergruppen \u201eMuslime und Juden\u201c l\u00e4sst einen erst einmal automatisch mit dem Kopf nicken, bis man stutzt und ins Gr\u00fcbeln kommt: Sind es nicht in den meisten F\u00e4llen gerade religi\u00f6s verhetzte arabische Jungm\u00e4nner, die j\u00fcdischen M\u00e4nnern die Kippa vom Kopf rei\u00dfen? Steht der Polizeischutz vor den Synagogen (nicht nur in Deutschland, sondern in den meisten L\u00e4ndern Westeuropas) etwa wegen einheimischer Rechtspopulisten, oder nicht vielmehr aus der berechtigten Angst heraus, islamische Extremisten k\u00f6nnten ihren Judenhass in die Tat umsetzen? &#8230;. Alles von Oliver Zimski vom 1.11.2016 bitte lesen auf<br \/>\n<a href=\"https:\/\/www.achgut.com\/artikel\/die_engfuehrung_der_wirklichkeit_durch_carolin_emcke\">https:\/\/www.achgut.com\/artikel\/die_engfuehrung_der_wirklichkeit_durch_carolin_emcke<\/a><\/p>\n<p><strong>Carolin Emke: Reinheit der Gesellschaft vor echtem Meinungsstreit<\/strong><br \/>\nWer den Jubel der anwesenden Politprominenz bei der Preisverleihung in der Franfurter Paulskirche gesehen hat, die geradezu hysterische Affirmation, die Carolin Emcke von Claudia Roth, Heiko Maas, Aiman Mazyek, Joachim Gauck und vielen anderen zuteil wurde, begreift, dass das Buch \u201eGegen den Hass\u201c zur rechten Zeit kommt. Es ist ein willkommener Persilschein f\u00fcr eine verunsicherte politische Klasse, die es l\u00e4ngst aufgegeben hat, in einer sie \u00fcberfordernden Epoche der Globalisierung und Massenmigration reale Ver\u00e4nderungen anzustreben. Stattdessen legen diese Politiker alle ihre Kr\u00e4fte in den Kampf gegen den in den Nischen der Internetforen und Kommentarspalten noch verbliebenen Widerspruch, den sie versuchen, pauschal als \u201eHass\u201c zu denunzieren und mundtot zu machen. Emcke als \u201eProgadandistin der Reinheit\u201c, n\u00e4mlich der Reinheit der Gesellschaft von echtem Meinungsstreit, kommt da als Preistr\u00e4gerin wie gerufen. &#8230;. Alles von Oliver Zimski vom 1.11.2016 bitte lesen auf<br \/>\n<a href=\"https:\/\/www.achgut.com\/artikel\/die_engfuehrung_der_wirklichkeit_durch_carolin_emcke\">https:\/\/www.achgut.com\/artikel\/die_engfuehrung_der_wirklichkeit_durch_carolin_emcke<\/a><\/p>\n","protected":false},"excerpt":{"rendered":"<p>&#8222;Eine freie, s\u00e4kulare, demokratische Gesellschaft ist etwas, das wir lernen m\u00fcssen&#8220; &#8211; so Carolin Emcke bei ihrer Entgegennahme des Friedenspreises des Deutschen Buchhandels 2016. Das Statement stimmt, wenn man &#8222;lernen&#8220; durch &#8222;erhalten&#8220; ersetzt. Denn in den \u00fcber 70 Jahren seit &hellip; <a href=\"https:\/\/www.freiburg-schwarzwald.de\/blog\/freie-saekulare-demokratie\/\">Weiterlesen <span class=\"meta-nav\">&rarr;<\/span><\/a><\/p>\n","protected":false},"author":2,"featured_media":0,"comment_status":"open","ping_status":"closed","sticky":false,"template":"","format":"standard","meta":{"footnotes":""},"categories":[100,181,13,80,19,172],"tags":[552,150,633,520,549,722,631],"class_list":["post-63200","post","type-post","status-publish","format-standard","hentry","category-buch","category-buergerbeteiligung","category-kultur","category-medien","category-religion","category-zukunft","tag-buch-2","tag-buergerbegehren","tag-demokratie","tag-frieden","tag-gesetz","tag-literatur","tag-staat"],"_links":{"self":[{"href":"https:\/\/www.freiburg-schwarzwald.de\/blog\/wp-json\/wp\/v2\/posts\/63200","targetHints":{"allow":["GET"]}}],"collection":[{"href":"https:\/\/www.freiburg-schwarzwald.de\/blog\/wp-json\/wp\/v2\/posts"}],"about":[{"href":"https:\/\/www.freiburg-schwarzwald.de\/blog\/wp-json\/wp\/v2\/types\/post"}],"author":[{"embeddable":true,"href":"https:\/\/www.freiburg-schwarzwald.de\/blog\/wp-json\/wp\/v2\/users\/2"}],"replies":[{"embeddable":true,"href":"https:\/\/www.freiburg-schwarzwald.de\/blog\/wp-json\/wp\/v2\/comments?post=63200"}],"version-history":[{"count":0,"href":"https:\/\/www.freiburg-schwarzwald.de\/blog\/wp-json\/wp\/v2\/posts\/63200\/revisions"}],"wp:attachment":[{"href":"https:\/\/www.freiburg-schwarzwald.de\/blog\/wp-json\/wp\/v2\/media?parent=63200"}],"wp:term":[{"taxonomy":"category","embeddable":true,"href":"https:\/\/www.freiburg-schwarzwald.de\/blog\/wp-json\/wp\/v2\/categories?post=63200"},{"taxonomy":"post_tag","embeddable":true,"href":"https:\/\/www.freiburg-schwarzwald.de\/blog\/wp-json\/wp\/v2\/tags?post=63200"}],"curies":[{"name":"wp","href":"https:\/\/api.w.org\/{rel}","templated":true}]}}