{"id":6320,"date":"2012-07-04T20:31:18","date_gmt":"2012-07-04T20:31:18","guid":{"rendered":"https:\/\/www.freiburg-schwarzwald.de\/blog\/?p=6320"},"modified":"2012-07-04T20:34:37","modified_gmt":"2012-07-04T20:34:37","slug":"fsv-rot-weis-stegen-50-jahre","status":"publish","type":"post","link":"https:\/\/www.freiburg-schwarzwald.de\/blog\/fsv-rot-weis-stegen-50-jahre\/","title":{"rendered":"FSV Rot-Wei\u00df Stegen 50 Jahre"},"content":{"rendered":"<p>\u201eIm FSV Rot-Wei\u00df <a title=\"Kultur\" href=\"https:\/\/www.freiburg-schwarzwald.de\/blog\/stegen\">Stegen<\/a> wird die sportliche und kulturelle Bet\u00e4tigung getragen von Gemeinschaftsgeist, Idealismus und Einsatzbereitschaft.\u201c So klar bringt Stegens B\u00fcrgermeister Siegfried Kuster seine Einsch\u00e4tzung vom Fu\u00dfballsportverein (FSV) seiner Gemeinde, der am kommenden Wochenende seinen 50. Geburtstag feiert, auf den Punkt. Und er lobt zu recht weiter: \u201eDie beispielhafte Arbeit des FSV Rot-Wei\u00df Stegen kommt auch in den vorhandenen Sportanlagen zum Ausdruck. Die in den letzten Jahren get\u00e4tigten Investitionen f\u00fcr den Kunstrasenplatz, f\u00fcr das Kleinspielfeld und f\u00fcr die neue Lagerhalle sind gut angelegt.\u201c Kuster glaubt gar, dass mancher Nachbarverein mit Neid auf die sch\u00f6ne Kagenecksportanlage schaue. <!--more-->Am Freitagabend gibt es um 20 Uhr in der Kageneckhalle ein \u00f6ffentliches Festbankett und am Samstag sind Vereinsmitglieder, Ehemalige, Freunde und G\u00f6nner zu einer geschlossenen Veranstaltung unter dem Motto \u201eRot-Wei\u00dfe Nacht\u201c eingeladen. In einer lesenswerten Festschrift hat Bernd Wi\u00dfler mit einem Team viel Geschichte und Brandaktuelles zum FSV Stegen zusammengetragen.<\/p>\n<p>In den Anfangsjahren h\u00e4ufiger \u201eSportst\u00e4ttenumzug\u201c<br \/>\nGenau vor f\u00fcnfzig Jahren, am 7. Juli 1962, wurde die DJK Rot-Wei\u00df Stegen von 32 Gr\u00fcndungsmitgliedern im Gasthaus R\u00f6\u00dfle in Stegen-Rechtenbach gegr\u00fcndet. Fu\u00dfballbegeisterte Kinder und Jugendliche hatten sich in Stegen oder Wittental auf Bolzpl\u00e4tzen getroffen, sich um ihren \u201eAnf\u00fchrer\u201c G\u00fcnther Ketterer geschart und erwachsene Sportfreunde f\u00fcr die Vereinsgr\u00fcndung motiviert. Als erste angemeldete Mannschaft gab es eine A-Jugend, die auf dem Rasenplatz vom Kolleg St. Sebastian trainieren und spielen durfte, und 1964 den ersten Meistertitel nach Stegen holte. Doch 1966 gab es von der Internatsleitung die \u201erote Karte\u201c, denn die vielen Kraftausdr\u00fccke der Aktiven beim Training oder im Spiel waren der Entwicklung von Missionssch\u00fclern abtr\u00e4glich. Wittentals B\u00fcrgermeister Pius Hug stellte die \u201eKrozinger Wiese\u201c, bald als \u201eStadion Schwarze Erde\u201c ber\u00fchmt, zur Verf\u00fcgung. Dank der Initiative von G\u00fcnther Ketterer bot Gr\u00e4fin Gertrud von Kageneck 1969 an der Kirchzartener Stra\u00dfe der Gemeinde Gel\u00e4nde f\u00fcr die Anlage eines Rasenplatzes an. Als dieses Gewann 1986 zum Baugebiet wurde, kam wieder ein Umzug und ein Neubau der \u201eKageneck-Sportanlage\u201c an der Stra\u00dfe nach Ebnet, gegen\u00fcber von der Geh\u00f6rlosenschule, entstand.<\/p>\n<p>Die \u201eErste\u201c ist zum dritten Mal in der Landesliga<br \/>\nHier fand der FSV Rot-Wei\u00df Stegen, der 1990 aus dem DJK-Di\u00f6zesanverband austrat, seine heutige Heimat. Zahlreiche Erfolge von Jugend- und Aktivenmannschaften, die es zuvor schon gegeben hatte, nahmen ihre Fortsetzung. 1980 stieg \u201edie Erste\u201c erstmals in die Bezirksklasse auf. Zwei Aufstiege in die Landesliga folgten \u2013 und jetzt, passend zum Jubil\u00e4um, schenkten die Aktiven ihrem Verein den dritten Landesligaaufstieg. Doch auch drei Jugendmannschaften schlossen 2012 die Serie als Meister ab \u2013 sicher auch ein Ergebnis der durch den neuen Kunstrasenplatz verbesserten Trainingsbedingungen. F\u00fcnf Jahre, seit dem Weihnachtsmarktstand 2004, zogen die Ehrenamtlichen im FSV einen \u201eSpendenmarathon\u201c durch, mit dem sie 120.000 Euro zum neuen Platz beisteuerten. Zus\u00e4tzlich kamen zahllose ehrenamtliche Arbeitsstunden hinzu. Und auch die Erl\u00f6se einiger Pfingstsportfeste, die vor allem der Jugendarbeit dienen, gingen in das Kunstrasenprojekt.<\/p>\n<p>f<div id='gallery-1' class='gallery galleryid-6320 gallery-columns-3 gallery-size-thumbnail'><dl class='gallery-item'>\n\t\t\t<dt class='gallery-icon landscape'>\n\t\t\t\t<a href='https:\/\/www.freiburg-schwarzwald.de\/blog\/fsv-rot-weis-stegen-50-jahre\/fsv-stegen-kids2012\/'><img loading=\"lazy\" decoding=\"async\" width=\"180\" height=\"112\" src=\"https:\/\/www.freiburg-schwarzwald.de\/blog\/wp-content\/uploads\/2012\/07\/fsv-stegen-kids2012-180x112.jpg\" class=\"attachment-thumbnail size-thumbnail\" alt=\"\" aria-describedby=\"gallery-1-6321\" srcset=\"https:\/\/www.freiburg-schwarzwald.de\/blog\/wp-content\/uploads\/2012\/07\/fsv-stegen-kids2012-180x112.jpg 180w, https:\/\/www.freiburg-schwarzwald.de\/blog\/wp-content\/uploads\/2012\/07\/fsv-stegen-kids2012.jpg 639w\" sizes=\"auto, (max-width: 180px) 100vw, 180px\" \/><\/a>\n\t\t\t<\/dt>\n\t\t\t\t<dd class='wp-caption-text gallery-caption' id='gallery-1-6321'>\n\t\t\t\tViel Freude hat allw\u00f6chentlich beim Training die \u201eM\u00e4dchen-Sportgruppe\u201c des FSV Stegen\n\t\t\t\t<\/dd><\/dl><dl class='gallery-item'>\n\t\t\t<dt class='gallery-icon landscape'>\n\t\t\t\t<a href='https:\/\/www.freiburg-schwarzwald.de\/blog\/fsv-rot-weis-stegen-50-jahre\/fsv-stegen-vorstand2012\/'><img loading=\"lazy\" decoding=\"async\" width=\"180\" height=\"180\" src=\"https:\/\/www.freiburg-schwarzwald.de\/blog\/wp-content\/uploads\/2012\/07\/fsv-stegen-vorstand2012-180x180.jpg\" class=\"attachment-thumbnail size-thumbnail\" alt=\"\" aria-describedby=\"gallery-1-6322\" srcset=\"https:\/\/www.freiburg-schwarzwald.de\/blog\/wp-content\/uploads\/2012\/07\/fsv-stegen-vorstand2012-180x180.jpg 180w, https:\/\/www.freiburg-schwarzwald.de\/blog\/wp-content\/uploads\/2012\/07\/fsv-stegen-vorstand2012.jpg 640w\" sizes=\"auto, (max-width: 180px) 100vw, 180px\" \/><\/a>\n\t\t\t<\/dt>\n\t\t\t\t<dd class='wp-caption-text gallery-caption' id='gallery-1-6322'>\n\t\t\t\tVorstand des FSV Stegen: G\u00fcnter Fehr (Vorsitzender), Klaus Blattmann (2. Vors.), Stefan Willmann (1. Kassierer), Andrea Scherer (2. Kassiererin), Bernd Wi\u00dfler (1. Schriftf\u00fchrer) und Stephan Bank (Pressesprecher) (v.l.).\n\t\t\t\t<\/dd><\/dl>\n\t\t\t<br style='clear: both' \/>\n\t\t<\/div>\n<\/p>\n<p>Die Jugendarbeit ist des FSV\u2019s h\u00f6chstes Gut<br \/>\nStolz ist FSV-Vorsitzender G\u00fcnter Fehr, seit 1976 im Vorstand und seit 2005 an der Spitze, auf die gute Jugendarbeit im Verein: \u201eWir haben unter den 670 Mitgliedern derzeit rund 240 Kinder und Jugendliche, die am Sportbetrieb teilnehmen. Diese Jugendarbeit bauten wir in f\u00fcnfzig Jahren kontinuierlich auf.\u201c Die Fu\u00dfball-Jugend, von den G-Junioren bis zu den A-Junioren, spielt teils in eigenen Mannschaften, teils in den sieben Spielgemeinschaften mit Nachbarvereinen wie der Spvvg. Buchenbach. Vierzig Trainer und \u00dcbungsleiter betreuen. Und beim Kinderturnen ist bereits ein Vierj\u00e4hriger dabei. Denn neben dem Fu\u00dfball gibt es beim FSV Stegen mit Gymnastik- und Fitnessgruppen sowie einer Freizeitvolleyballgruppe auch Hallensport. Bei der Damengymnastik macht noch eine fitte 87-J\u00e4hrige mit. Viel sportlichen Spa\u00df und gesellige Unterhaltung haben die UHU\u2019s, eine aus dem Alte-Herren-Fu\u00dfball hervorgegangene Gymnastikgruppe. Und beim Alte-Herren-Fu\u00dfballtraining kickt ein Spieler vom Jahrgang 1943 mit \u2013 Freizeitsport hat in Stegen Priorit\u00e4t.<\/p>\n<p>Demografische Ver\u00e4nderungen nicht verschlafen<br \/>\nF\u00fcr den Vereinsvorsitzenden G\u00fcnter Fehr ist es wichtig, dass auch \u00e4ltere Damen und Herren noch aktiv in den FSV-Sportgruppen mitmachen. \u201eWir d\u00fcrfen die demografischen Entwicklungen nicht verschlafen\u201c, erkl\u00e4rt er dem \u201eDreisamt\u00e4ler\u201c beim Pressegespr\u00e4ch, \u201ewir wollen in Zukunft noch mehr Angebote f\u00fcr \u00e4ltere Menschen machen. Und im aktiven Sportbereich gilt es beim Fu\u00dfball das Konzept der Spielgemeinschaften mit gesteigerter Qualit\u00e4t und verbesserter Trainerausbildung zu steigern.\u201c Das Geheimnis des FSV-Erfolges in all den f\u00fcnfzig Jahren sieht Pressesprecher Stefan Bank im Zusammenhalt innerhalb des Vereins und der nat\u00fcrlichen Weiterentwicklung, wenn V\u00e4ter oder M\u00fctter ihre Kids behutsam an den Verein heranf\u00fchren: \u201eWir haben auch in den verantwortlichen Posten eine gute Mischung zwischen jung und alt, zwischen jungen dynamischen Ideen und gereifter Vereinserfahrung.\u201c Und so sieht auch der Vorsitzende G\u00fcnter Fehr positiv in die Zukunft des FSV: \u201eAn die Portion mehr Einsatz, den Tick mehr Mut und das St\u00fcck mehr Leidenschaft gilt es anzukn\u00fcpfen, dann wird die positive Weiterentwicklung des FSV in eine gute und erfolgreiche Zukunft gelingen.\u201c<br \/>\nGerhard L\u00fcck, <a href=\"https:\/\/www.dreisamtaeler.de\">www.dreisamtaeler.de<\/a><\/p>\n","protected":false},"excerpt":{"rendered":"<p>\u201eIm FSV Rot-Wei\u00df Stegen wird die sportliche und kulturelle Bet\u00e4tigung getragen von Gemeinschaftsgeist, Idealismus und Einsatzbereitschaft.\u201c So klar bringt Stegens B\u00fcrgermeister Siegfried Kuster seine Einsch\u00e4tzung vom Fu\u00dfballsportverein (FSV) seiner Gemeinde, der am kommenden Wochenende seinen 50. Geburtstag feiert, auf den &hellip; <a href=\"https:\/\/www.freiburg-schwarzwald.de\/blog\/fsv-rot-weis-stegen-50-jahre\/\">Weiterlesen <span class=\"meta-nav\">&rarr;<\/span><\/a><\/p>\n","protected":false},"author":2,"featured_media":0,"comment_status":"open","ping_status":"closed","sticky":false,"template":"","format":"standard","meta":{"footnotes":""},"categories":[54,73],"tags":[],"class_list":["post-6320","post","type-post","status-publish","format-standard","hentry","category-ehrenamt","category-sportvereine"],"_links":{"self":[{"href":"https:\/\/www.freiburg-schwarzwald.de\/blog\/wp-json\/wp\/v2\/posts\/6320","targetHints":{"allow":["GET"]}}],"collection":[{"href":"https:\/\/www.freiburg-schwarzwald.de\/blog\/wp-json\/wp\/v2\/posts"}],"about":[{"href":"https:\/\/www.freiburg-schwarzwald.de\/blog\/wp-json\/wp\/v2\/types\/post"}],"author":[{"embeddable":true,"href":"https:\/\/www.freiburg-schwarzwald.de\/blog\/wp-json\/wp\/v2\/users\/2"}],"replies":[{"embeddable":true,"href":"https:\/\/www.freiburg-schwarzwald.de\/blog\/wp-json\/wp\/v2\/comments?post=6320"}],"version-history":[{"count":0,"href":"https:\/\/www.freiburg-schwarzwald.de\/blog\/wp-json\/wp\/v2\/posts\/6320\/revisions"}],"wp:attachment":[{"href":"https:\/\/www.freiburg-schwarzwald.de\/blog\/wp-json\/wp\/v2\/media?parent=6320"}],"wp:term":[{"taxonomy":"category","embeddable":true,"href":"https:\/\/www.freiburg-schwarzwald.de\/blog\/wp-json\/wp\/v2\/categories?post=6320"},{"taxonomy":"post_tag","embeddable":true,"href":"https:\/\/www.freiburg-schwarzwald.de\/blog\/wp-json\/wp\/v2\/tags?post=6320"}],"curies":[{"name":"wp","href":"https:\/\/api.w.org\/{rel}","templated":true}]}}