{"id":63184,"date":"2016-10-30T13:02:01","date_gmt":"2016-10-30T12:02:01","guid":{"rendered":"https:\/\/www.freiburg-schwarzwald.de\/blog\/?p=63184"},"modified":"2016-12-04T16:40:02","modified_gmt":"2016-12-04T15:40:02","slug":"hoffentlich-kein-fluechtling","status":"publish","type":"post","link":"https:\/\/www.freiburg-schwarzwald.de\/blog\/hoffentlich-kein-fluechtling\/","title":{"rendered":"Hoffentlich kein Fluechtling"},"content":{"rendered":"<p><em>&#8222;Hoffentlich war <a title=\"Migration-Maenner\" href=\"https:\/\/www.freiburg-schwarzwald.de\/blog\/global\/migration\/migration-maenner\/\">es<\/a> kein <a title=\"Fluechtlinge\" href=\"https:\/\/www.freiburg-schwarzwald.de\/blog\/global\/integration\/fluechtlinge\/\">Fl\u00fcchtling<\/a>?&#8220;<\/em> Diese <a title=\"Ueberfremdung\" href=\"https:\/\/www.freiburg-schwarzwald.de\/blog\/global\/integration\/ueberfremdung\/\">bange Frage<\/a> stellen sich viele <a title=\"Freiburg\" href=\"https:\/\/www.freiburg-schwarzwald.de\/blog\/regio\/freiburg\/\">Freiburger<\/a>, wenn von <a title=\"Diskussionskultur nach Koeln\" href=\"https:\/\/www.freiburg-schwarzwald.de\/blog\/diskussionskultur-nach-koeln\/\">Anmache<\/a>, Deal, <a title=\"Dreisam-Mord \u2013 Migrant U-Haft\" href=\"https:\/\/www.freiburg-schwarzwald.de\/blog\/dreisam-mord-migrant-u-haft\/\">Mord<\/a>, <a title=\"Fluechtlinge-Sex\" href=\"https:\/\/www.freiburg-schwarzwald.de\/blog\/global\/integration\/fluechtlinge-sex\/\">N\u00f6tigung<\/a>, Raub, <a title=\"Vergewaltigung\" href=\"https:\/\/www.freiburg-schwarzwald.de\/blog\/selbsthilfe\/krise\/sexuellermissbrauch\/vergewaltigung\/\">Vergewaltigung<\/a>, <a title=\"Gewalt\" href=\"https:\/\/www.freiburg-schwarzwald.de\/blog\/selbsthilfe\/krise\/gewalt\/\">Gewalt<\/a>,\u00a0<a title=\"Ueberfall\" href=\"https:\/\/www.freiburg-schwarzwald.de\/blog\/selbsthilfe\/krise\/gewalt\/ueberfall\/\">\u00dcberfall<\/a> zu lesen ist. Die Frage l\u00e4\u00dft sich nicht wegdenken &#8211; auch durch Joga nicht, durch geistige Leere. Sie l\u00e4\u00dft sich auch nicht wegsingen &#8211; wie gestern, als eine Gruppe <a title=\"Zukunftsfaehiges-Deutschland\" href=\"https:\/\/www.freiburg-schwarzwald.de\/blog\/engagement\/zukunft\/zukunftsfaehiges-deutschland\/\">junger Leute<\/a> an der <a title=\"Dreisamuferweg\" href=\"https:\/\/www.freiburg-schwarzwald.de\/blog\/regio\/verkehr\/fahrradwege\/dreisamuferweg\/\">Dreisam<\/a> beim Sandfang &#8222;Die <a title=\"Frauenrechte\" href=\"https:\/\/www.freiburg-schwarzwald.de\/blog\/global\/integration\/frauenrechte\/\">Gedanken<\/a> sind <a title=\"Freiheit\" href=\"https:\/\/www.freiburg-schwarzwald.de\/blog\/engagement\/zukunft\/demokratie\/freiheit\/\">frei<\/a>&#8220; sang. <!--more-->\u00a0 .<br \/>\n<em>.<br \/>\n&#8222;Hoffentlich war es kein Fl\u00fcchtling?&#8220;<\/em>: In Freiburgs Partnerst\u00e4dten <a title=\"Padua\" href=\"https:\/\/www.freiburg-schwarzwald.de\/blog\/global\/twintowns\/padua\/\">Padua<\/a>, Besancon, <a title=\"TelAviv-Yafo\" href=\"https:\/\/www.freiburg-schwarzwald.de\/blog\/global\/israel\/israel2013\/telaviv-yafo\/\">Tel Aviv<\/a>, <a title=\"Wiwili\" href=\"https:\/\/www.freiburg-schwarzwald.de\/blog\/global\/twintowns\/wiwili\/\">Wiwili<\/a>, <a title=\"Isfahan\" href=\"https:\/\/www.freiburg-schwarzwald.de\/blog\/global\/iran\/isfahan\/\">Isfahan<\/a>, &#8230; w\u00fcrde man stattdessen <em>&#8222;Hoffentlich war es kein Migrant?&#8220;<\/em> denken. Denn in keinem Land auf der Welt wird jeder Immigrant \/Einwanderer automatisch zum <a title=\"Asyl\" href=\"https:\/\/www.freiburg-schwarzwald.de\/blog\/global\/integration\/asyl\/\">Refugee\/Fl\u00fcchtling<\/a> erkl\u00e4rt. Und ob &#8222;nur&#8220; 3 oder gar <a title=\"Ueberfremdung\" href=\"https:\/\/www.freiburg-schwarzwald.de\/blog\/global\/integration\/ueberfremdung\/\">17<\/a> Schwarzafrikaner zwei junge Frauen am <a title=\"Stuehlinger\" href=\"https:\/\/www.freiburg-schwarzwald.de\/blog\/regio\/freiburg\/stuehlinger\/\">St\u00fchlinger Kirchblatz<\/a> sexuell <a title=\"Muslime\" href=\"https:\/\/www.freiburg-schwarzwald.de\/blog\/global\/integration\/muslime\/\">attakiert <\/a>haben, dies ist nur f\u00fcr die Medien von belang &#8211; f\u00fcr die Frauen wichtig ist, dass sie sich in ihrer Stadt Freiburg nicht mehr sicher f\u00fchlen. \u00dcber 70 Jahre nach Kriegsende geht auch den Freiburgerinnen und Freiburgern Tag f\u00fcr Tag ein kleines St\u00fcck <a title=\"Frauen-Freiheit\" href=\"https:\/\/www.freiburg-schwarzwald.de\/blog\/selbsthilfe\/frauen\/frauen-freiheit\/\">Freiheit<\/a> verloren. Jeden Tag.<br \/>\n30.10.2016<br \/>\n.<br \/>\n<strong>Kein zweites <a title=\"Unterwerfung Koeln Mann Frau\" href=\"https:\/\/www.freiburg-schwarzwald.de\/blog\/unterwerfung-koeln-mann-frau\/\">K\u00f6ln<\/a> an der <a title=\"Dreisam-Mord\" href=\"https:\/\/www.freiburg-schwarzwald.de\/blog\/global\/integration\/dreisam-mord\/\">Dreisam<\/a><\/strong><br \/>\n&#8230; Die (Berliner Morgenpost) wiederum verweist auf Aussagen, die eine der Frauen nach dem \u00dcbergriff gegen\u00fcber der Bundespolizei gemacht haben soll. Demnach sollen die Frauen &#8222;von einer etwa 17-k\u00f6pfigen Gruppe m\u00e4nnlicher Personen, dem \u00e4u\u00dferen Erscheinungsbild nach afrikanischer Herkunft, umringt und unsittlich am Bauch, an der Brust sowie im Genitalbereich ber\u00fchrt&#8220; worden sein. Die Bundespolizei ist f\u00fcr den Bereich rund um den Hauptbahnhof zust\u00e4ndig. Die Beamten hatten sich nach dem Vorfall um die 21-J\u00e4hrige und die 29-J\u00e4hrige gek\u00fcmmert. Dann \u00fcbergaben sie an die zust\u00e4ndige Polizei in Freiburg. &#8230;.<br \/>\n&#8230; Alles vom 29.10.2016 auf<br \/>\n<a href=\"https:\/\/www.badische-zeitung.de\/freiburg\/bundespolizei-stellt-uebergriff-im-stuehlinger-irrefuehrend-dar--129211997.html\">https:\/\/www.badische-zeitung.de\/freiburg\/bundespolizei-stellt-uebergriff-im-stuehlinger-irrefuehrend-dar&#8211;129211997.html<br \/>\n<\/a>\u00a0 \u00a0.<\/p>\n<p><strong>Polizei l\u00e4\u00dft Kriminelle frei und erkl\u00e4rt Frauen f\u00fcr nicht bedroht<\/strong><br \/>\nDie M\u00e4nner sind der Polizei bekannt, sie spricht von &#8222;Kriminellen&#8220;. Sie wurden vor\u00fcbergehend verhaftet, sind mittlerweile aber wieder frei &#8230; Ob die Frauen die Situation in der Gruppe bereits als bedrohlich empfunden haben, ist nicht bekannt. &#8230;\u00a0Alles zu &#8222;Drogendealer und sexuelle \u00dcbergriffe. Polizei hat St\u00fchlinger Kirchplatz im Visier&#8220; vom 30.10.2016, Seite 2, <a href=\"https:\/\/www.der-sonntag.de\">www.der-sonntag.de<\/a><br \/>\nDieser Pressebericht ist ungeheuerlich. Er erkl\u00e4rt ungeniert:<br \/>\n1) Kriminelle Wiederholungst\u00e4ter werden auf freien Fu\u00df gesetzt, zumal\u00a0sie aus Schwarzafrika, Maghreb oder Syrien kommen. Einem Mehrfach-Vergewaltiger aus dem Hotzenwald w\u00e4re dieses Freiheitsgeschenk nicht widerfahren. Der Rechtsstaat ist defekt &#8211; &#8222;Gleiches Recht f\u00fcr alle&#8220; gilt nicht mehr.<br \/>\n2) Werden zwei junge Frauen von 17 oder mehr jungen Migranten aufgehalten und umzingelt, dann stellt dies f\u00fcr die Frauen keine bedrohliche Situation dar. Das hei\u00dft im Klartet: Man \u00fcberlasse die Frauen ihrem Schicksal, da sie ja gar nicht bedroht sind. Frauen als Freiwild.<br \/>\n30.10.2016<\/p>\n<p><strong>Gewalt junger Migranten in der Zeitung<\/strong><br \/>\nSeite 2 vom Stadtkurier allw\u00f6chentlich, zum Beispiel am 27.10.2016:\u00a0&#8222;Junge Frauen bel\u00e4stigt&#8220;, &#8222;Drei R\u00e4uber&#8220;, &#8222;Versuchter raub&#8220;, &#8222;Tod nach Pr\u00fcgelattacke&#8220;, \u00a0&#8222;Her mit dem KOD&#8220;, &#8222;Raub scheitert&#8220; . Hinter diesen Headlines stehen junge Migranten als T\u00e4ter. Der Stadtkurier berichtet, die BZ auch?<br \/>\n<a href=\"https:\/\/www.stadtkurier.de\">www.stadtkurier.de<\/a><br \/>\n.<\/p>\n<p><strong>Zwei Frauen in Freiburg von 17 M\u00e4nnern sexuell bel\u00e4stigt<\/strong><br \/>\nWas damals passiert ist, kann sich wiederholen. K\u00f6ln ist \u00fcberall. Die Bundespolizei best\u00e4tigt einen \u00e4hnlichen Zwischenfall aus Freiburg im Breisgau, der nur wenige Tage alt ist. Eine Gruppe von 17 M\u00e4nnern hat am Montagabend zwei junge Frauen sexuell bel\u00e4stigt. \u00c4hnlich wie in K\u00f6ln sind die Vorgehensweise der mutma\u00dflichen T\u00e4ter und ihre Herkunft, \u00fcberwiegend Asylbewerber. An Brust, Bauch und Genitalbereich ber\u00fchrt. Der Vorfall ereignete sich auf dem St\u00fchlinger Kirchplatz, etwa 500 Meter vom Freiburger Hauptbahnhof entfernt. Die M\u00e4nner, vermutlich Afrikaner, h\u00e4tten die Frauen &#8222;umringt und unsittlich am Bauch, an der Brust sowie im Genitalbereich ber\u00fchrt&#8220;, wie die Bundespolizei erkl\u00e4rte. Au\u00dferdem versuchten einige der Personen, die Frauen zu k\u00fcssen. &#8230;.<br \/>\nEs handele sich um Asylbewerber, die zwischen November 2015 und Februar 2016 nach Deutschland eingereist seien. Zwei wurden abgelehnt, beim dritten Mann l\u00e4uft das Asylverfahren noch. Die zwei Frauen im Alter von 21 und 29 Jahren hatten Gl\u00fcck im Ungl\u00fcck. Ein vorbeifahrender Radfahrer wurde auf die Notsituation aufmerksam, hielt an und mischte sich ein. Dadurch konnten die Opfer fl\u00fcchten, gegen 19.50 Uhr einen Notruf absetzen und zur nahe gelegenen Dienststelle der Bundespolizei rennen. Die Fahndung lief sofort an \u2013 deswegen die schnellen Festnahmen. Die Ermittlungen laufen, die Tatverd\u00e4chtigen sind wieder auf freiem Fu\u00df. Der Mann, der den Frauen helfen wollte, wurde laut Bundespolizei &#8222;aus der Personengruppe heraus k\u00f6rperlich angegriffen&#8220;. &#8230;<br \/>\n<a href=\"https:\/\/www.morgenpost.de\/vermischtes\/article208510749\/Zwei-Frauen-in-Freiburg-von-17-Maennern-sexuell-belaestigt.html\">https:\/\/www.morgenpost.de\/vermischtes\/article208510749\/Zwei-Frauen-in-Freiburg-von-17-Maennern-sexuell-belaestigt.html<\/a><\/p>\n<p><strong> Warum kommen Wiederholungst\u00e4ter nicht in Haft<\/strong><br \/>\n&#8222;Die drei mutma\u00dflichen T\u00e4ter sind mittlerweile wieder frei.&#8220; Ob der Richter den gesch\u00e4digten Frauen die Freilassung erkl\u00e4rt hat?<br \/>\ndie Frage warum soetwas immer wieder passiert, etc. oder wegsperren was auch immer&#8230;.es stellen sich viele Fragen nach dem Warum und Wieso. Auch warum die &#8222;polizeilich bekannten&#8220; noch auf freiem Fu\u00df sind, obwohl schon h\u00e4ufiger diese Personen in Erscheinung getreten sind.<br \/>\nNach meinem Rechtsempfinden m\u00fcsste es bei Wiederholungst\u00e4tern, auch bei verschiedenen Delikten, unbedingt U-Haft geben. Denn wenn die T\u00e4ter wieder frei sind, dann verstehen sie es so, dass sie mit Straftaten hier in Freiburg weiter machen k\u00f6nnen &#8211; das ist das falsche Signal.<br \/>\n28.10.2016, Volkmar Biniarz<br \/>\n.<br \/>\n<strong>Gewaltt\u00e4tige Fl\u00fcchtlinge bleiben Straffrei auf freiem Fu\u00df<\/strong><br \/>\nAllen voraus stellt sich mir jedoch eher die Frage, nach einer konsequenten SCHNELLEN Abschiebung. Als Zitat von n-TV.de die ebenfalls \u00fcber diesen Fall berichtete: &#8222;Laut Polizei seien sie &#8222;polizeilich bekannt&#8220; und von den Opfern &#8222;eindeutig als tatbeteiligte Personen identifiziert&#8220; worden. Es handele sich um Asylbewerber, die zwischen November 2015 und Februar 2016 nach Deutschland eingereist seien. Zwei wurden abgelehnt, beim dritten Mann l\u00e4uft das Asylverfahren noch.&#8220; Wenn 2 von diesen 3 Personen bereits abgelehnt wurden, warum sind diese dann noch hier? und es liegt nicht an der Hautfarbe oder \u00e4hnliches&#8230;.Fl\u00fcchtlinge sind gerne willkommen, diese fliehen vor Krieg und Gewaltverbrechen. Die Frage ist doch, warum duldet der Staat weiterhin abgeschobene Fl\u00fcchtlinge im Land? Warum werden diese nicht unverz\u00fcglich innerhalb 1 Woche abgeschoben? Selbes auch, mit gewaltbereiten und verbrecherischen Fl\u00fcchtlingen. Konsequent abschieben und direkt abschieben. Nicht erst vor den Richter f\u00fchren, gleich direkt an den Flughafen und zur\u00fcck. Die Frage nach &#8211; ja wohin wenn dieser keine Papiere hat? Die heutigen technischen M\u00f6glichkeiten zur DNA-Analyse etc. sind soweit, dass auch ein &#8222;m\u00f6gliches&#8220; Land herausgefunden werden k\u00f6nnte.<br \/>\n29.10.2016, Robert Wendt<\/p>\n<p><strong>Das dumme Volk<\/strong><br \/>\nEs vergeht fast kein Tag an dem nicht etwas von sexuellen \u00dcbergriffen und Raub etwas zu lesen ist und immer mit dem Zusatz norafrikanischer Herkunft oder von M\u00e4nnern mit schwarzer Hautfarbe. Getan wird nichts und das traurige an der ganzen Sache ist, das diese kriminellen gar nicht abgeschoben werden. Das ist Fakt und wurde schon mehrfach von diversen verantworlichen ge\u00e4u\u00dfert! Und warum geht es jetzt wieder an die Renten? Weil dieses ja auch finanziert werden muss, das n\u00e4chste sind die Krankenkassenbeitr\u00e4ge,dann kommt die Mehrwertsteuer. Aber alles ganz langsam und St\u00fcck f\u00fcr St\u00fcck, damit das dumme kleine Volk es nicht so richtig wahrnimmt und ja nicht aufmuckt! Weiter so,wir schaffen das!<br \/>\n28.10.2016, Ramona Albrecht<br \/>\n.<\/p>\n<p><strong>Kriminalit\u00e4t herunterspielen<\/strong><br \/>\nWas soll diese relativierende Berichterstattung der BZ? Als ob es die Sache irgendwie besser machen w\u00fcrde, dass die sexuellen \u00dcbergriffe nicht aus der urspr\u00fcnglichen Gruppe der 17 heraus begangen wurden, sondern erst sp\u00e4ter von drei T\u00e4tern. Die Frage ist doch: Welche Frau wird gerne bei Dunkelheit im Park von 17 fremden M\u00e4nnern umkreist? Was beabsichtigen diese M\u00e4nner und welche Ma\u00dfnahmen sind n\u00f6tig, um derartige \u00dcbergriffe in Zukunft zu verhindern? Welche Auswirkungen haben solche Vorf\u00e4lle auf das Sicherheits- und Freiheitsgef\u00fchl der Bev\u00f6lkerung? Der St\u00fchlinger-Kirchplatz ist seit Jahren Brennpunkt der Kriminalit\u00e4t im ohnehin nicht mehr besonders sicheren Freiburg. Seit Jahren wird das Problem von den Verantwortlichen heruntergespielt, weil nicht sein kann, was nicht sein darf. Freiburg ist mittlerweile die Stadt mit der h\u00f6chsten Kriminalit\u00e4tsrate in Ba-W\u00fc. Wenn das so weitergeht, ist es bald vorbei mit der Wohlf\u00fchlzone FR. Die Aufgabe der BZ sollte sein, den Verantwortlichen der Stadt unangenehme Fragen zu stellen, anstatt auf peinliche Weise die Polizeiberichterstattung zu kommentieren.<br \/>\n29.10.2016, Hans Riegger<\/p>\n<p><strong>Schweiz nimmt bis zur Abschiebung in Haft<\/strong><br \/>\nDer Staat, und man muss auch hier einen Namen nennen, Frau Merkel, machen die B\u00fcrger immer mehr zur Geiseln ihrer Politik. Illegal sich in Deutschland Aufhaltende, bekommen Sozialleistungen und k\u00f6nnen sich frei im Land bewegen. Sie haben nichts zu verlieren, Gef\u00e4ngnisstrafen schrecken nicht, wenn sie den \u00fcberhaupt verh\u00e4ngt werden. Die pauschal als &#8222;Fl\u00fcchtlinge&#8220; bezeichneten Migranten m\u00fcssen wom\u00f6glich auch keine Angst vor Gef\u00e4ngnisstrafen haben, denn manches Gef\u00e4gnis d\u00fcrfte komfortablere Lebensbedingungen bieten als ein Leben auf der Strasse in Afrika. Im Gegensatz zu manchem afrikanischen Staat bietet ein deutsches Gef\u00e4ngnis geregelte Nahrung und medizinische Versorgung, sowie kostenlose Unterhaltung. Da lobe ich mir die Schweiz, wo abgelehnte Asylbewerber bis zur Abschiebung in Haft genommen werden. Auch wenn nicht alle Probleme damit gel\u00f6st werden, stellen die in Haft genommenen Illegalen keine Gefahr f\u00fcr die Bev\u00f6lkerung dar. Sie haben auch weniger Anreize im Land zu bleiben. Man muss aber auch sagen, dass die Mehrheit der B\u00fcrger in Deutschland durch ihre Wahlentscheidungen die gegenw\u00e4rtige Politik immer noch legitimiert. Wenn man h\u00e4rtere Strafen verh\u00e4ngen wollte, m\u00fcssten allerdings viele neue Gef\u00e4ngnisse gebaut werden. Das w\u00e4re nat\u00fcrlich sehr teuer und unpopul\u00e4r und w\u00fcrde mehr als alles andere die Folgen der merkelschen Politik offen legen. Vertuschen der Probleme ist da die machtpolitisch g\u00fcnstigere Variante.<br \/>\n29.10.2016, Tim Gisler<br \/>\n.<br \/>\n<strong>Frauen k\u00f6nnen sich in FR nicht mehr sicher f\u00fchlen<\/strong><br \/>\nIch habe bereits gestern in einem inzwischen leider gel\u00f6schten Kommentar geschrieben, dass es keine Rolle spielt, ob die Frauen von 3 oder von 17 T\u00e4tern bel\u00e4stigt wurden. Bei 17 T\u00e4tern ist es allerdings schwieriger, den Vorfall wie \u00fcblich zu verharmlosen und als bedauerlichen Einzelfall darzustellen. Auch ich habe bei der BZ den Eindruck, dass f\u00fcr sie die falsche Angabe der T\u00e4teranzahl ein viel gr\u00f6\u00dferes Problem ist, als die Tatsache, dass sich Frauen in Freiburg zu bestimmten Uhrzeiten und in bestimmten Gegenden nicht mehr sicher f\u00fchlen k\u00f6nnen.<br \/>\nNiemand bestreitet, dass sexuelle Gewalt in deutschen Familien noch immer ein gro\u00dfes Problem ist. Ich habe allerdings bis vor einem Jahr noch nie geh\u00f6rt, dass sich ca. 1.000 M\u00e4nner zusammengerottet haben, um gemeinsam Jagd auf Frauen zu machen und diese auf \u00fcbelste Art sexuell zu bel\u00e4stigen. Au\u00dferdem kann ich mich nicht erinnern, dass fr\u00fcher 10- bis 15-j\u00e4hrige M\u00e4dchen beinahe t\u00e4glich in Schwimmb\u00e4dern zwischen den Beinen angefasst wurden. Ein Gro\u00dfteil der Bev\u00f6lkerung hat diese Relativierungen, die Sie betreiben, zunehmend satt und Sie verhindern mit sochen Kommentaren die von Ihnen beklagten rechtsradikalen Tendenzen nicht, sondern Sie forcieren sie geradezu.<br \/>\n29.10.2016, Uwe Laiberg<\/p>\n<p>&nbsp;<\/p>\n","protected":false},"excerpt":{"rendered":"<p>&#8222;Hoffentlich war es kein Fl\u00fcchtling?&#8220; Diese bange Frage stellen sich viele Freiburger, wenn von Anmache, Deal, Mord, N\u00f6tigung, Raub, Vergewaltigung, Gewalt,\u00a0\u00dcberfall zu lesen ist. Die Frage l\u00e4\u00dft sich nicht wegdenken &#8211; auch durch Joga nicht, durch geistige Leere. Sie l\u00e4\u00dft &hellip; <a href=\"https:\/\/www.freiburg-schwarzwald.de\/blog\/hoffentlich-kein-fluechtling\/\">Weiterlesen <span class=\"meta-nav\">&rarr;<\/span><\/a><\/p>\n","protected":false},"author":2,"featured_media":0,"comment_status":"open","ping_status":"closed","sticky":false,"template":"","format":"standard","meta":{"footnotes":""},"categories":[49,14,155,80,19,65],"tags":[602,732,725,622,726,405],"class_list":["post-63184","post","type-post","status-publish","format-standard","hentry","category-freiburg","category-global","category-integration","category-medien","category-religion","category-sexuellermissbrauch","tag-afrika","tag-gewalt","tag-integration","tag-migration","tag-oeffentlicher-raum","tag-polizei"],"_links":{"self":[{"href":"https:\/\/www.freiburg-schwarzwald.de\/blog\/wp-json\/wp\/v2\/posts\/63184","targetHints":{"allow":["GET"]}}],"collection":[{"href":"https:\/\/www.freiburg-schwarzwald.de\/blog\/wp-json\/wp\/v2\/posts"}],"about":[{"href":"https:\/\/www.freiburg-schwarzwald.de\/blog\/wp-json\/wp\/v2\/types\/post"}],"author":[{"embeddable":true,"href":"https:\/\/www.freiburg-schwarzwald.de\/blog\/wp-json\/wp\/v2\/users\/2"}],"replies":[{"embeddable":true,"href":"https:\/\/www.freiburg-schwarzwald.de\/blog\/wp-json\/wp\/v2\/comments?post=63184"}],"version-history":[{"count":0,"href":"https:\/\/www.freiburg-schwarzwald.de\/blog\/wp-json\/wp\/v2\/posts\/63184\/revisions"}],"wp:attachment":[{"href":"https:\/\/www.freiburg-schwarzwald.de\/blog\/wp-json\/wp\/v2\/media?parent=63184"}],"wp:term":[{"taxonomy":"category","embeddable":true,"href":"https:\/\/www.freiburg-schwarzwald.de\/blog\/wp-json\/wp\/v2\/categories?post=63184"},{"taxonomy":"post_tag","embeddable":true,"href":"https:\/\/www.freiburg-schwarzwald.de\/blog\/wp-json\/wp\/v2\/tags?post=63184"}],"curies":[{"name":"wp","href":"https:\/\/api.w.org\/{rel}","templated":true}]}}