{"id":6316,"date":"2012-07-04T20:25:06","date_gmt":"2012-07-04T20:25:06","guid":{"rendered":"https:\/\/www.freiburg-schwarzwald.de\/blog\/?p=6316"},"modified":"2012-07-04T20:25:06","modified_gmt":"2012-07-04T20:25:06","slug":"vandalen-zerstoren-wegzeichen-am-himmelreich-jakobusweg","status":"publish","type":"post","link":"https:\/\/www.freiburg-schwarzwald.de\/blog\/vandalen-zerstoren-wegzeichen-am-himmelreich-jakobusweg\/","title":{"rendered":"Vandalen zerst\u00f6ren Wegzeichen am Himmelreich-Jakobusweg"},"content":{"rendered":"<p>Bei der Jahreshauptversammlung des \u201eF\u00f6rdervereins f\u00fcr den Himmelreich-Jakobusweg\u201c in Kirchzarten konnte der Vorsitzende Erhard Trotter mitteilen, dass inzwischen die Mitgliederzahl auf 60 angestiegen ist. Er spornte die anwesenden Mitglieder an, bis zum Ende des Jahres das 100. Mitglied zu werben.\u00a0Wegewart Albert Schneider wies auf den erheblichen <a title=\"Ehrenamt\" href=\"https:\/\/www.freiburg-schwarzwald.de\/blog\/engagement\/ehrenamt\/\">ehrenamtlichen<\/a> Arbeitsaufwand zur Ausschilderung des Gesamtweges hin. Er konnte der Versammlung mitteilen, dass das Wegenetz bis auf kleine noch vorzunehmende Erg\u00e4nzungen ausgeschildert ist. Mit gro\u00dfem Bedauern und pers\u00f6nlicher Betroffenheit, berichtete Schneider von der Zerst\u00f6rung der Ausschilderung auf einem Teilst\u00fcck im Hochschwarzwald. Tagelange ehrenamtliche Arbeit, verbunden mit finanziellem Aufwand, wurde hier vernichtet. <!--more-->Trotzdem lie\u00df sich sein Team nicht entmutigen und markierte das Teilst\u00fcck bereits wieder neu. Albert Schneider schlug die Aufstellung von \u00dcbersichtstafeln an zentralen Stellen des Weges wie z.B. an den Jakobuskapellen Himmelreich und Eschbach vor. Ihre Anschaffung wurde beschlossen. Die Kosten sollen \u00fcber Spenden aufgebracht werden. Positiven Anklang bei den Anwesenden fanden die drei gef\u00fchrten Wanderungen auf Teilst\u00fccken des Himmelreich-Jakobusweges. Diese gef\u00fchrten Wanderungen sollen fortgesetzt werden.<\/p>\n<div id=\"attachment_6317\" style=\"width: 190px\" class=\"wp-caption alignnone\"><a href=\"https:\/\/www.freiburg-schwarzwald.de\/blog\/2012\/07\/04\/vandalen-zerstoren-wegzeichen-am-himmelreich-jakobusweg\/himmelreich-jakobusweg2012\/\" rel=\"attachment wp-att-6317\"><img loading=\"lazy\" decoding=\"async\" aria-describedby=\"caption-attachment-6317\" class=\"size-thumbnail wp-image-6317\" title=\"himmelreich-jakobusweg2012\" src=\"https:\/\/www.freiburg-schwarzwald.de\/blog\/wp-content\/uploads\/2012\/07\/himmelreich-jakobusweg2012-180x119.jpg\" alt=\"\" width=\"180\" height=\"119\" srcset=\"https:\/\/www.freiburg-schwarzwald.de\/blog\/wp-content\/uploads\/2012\/07\/himmelreich-jakobusweg2012-180x119.jpg 180w, https:\/\/www.freiburg-schwarzwald.de\/blog\/wp-content\/uploads\/2012\/07\/himmelreich-jakobusweg2012.jpg 640w\" sizes=\"auto, (max-width: 180px) 100vw, 180px\" \/><\/a><p id=\"caption-attachment-6317\" class=\"wp-caption-text\">Auch am Giersberg zeigt der Wegweiser vom \u201eHimmelreich-Jakobusweg\u201c die Richtung f\u00fcr den Pilger an \u2013 und das in guter Zusammenarbeit mit dem Schwarzwaldverein.<\/p><\/div>\n<p>F\u00fcr den verstorbenen Schatzmeister Martin Gst\u00e4dtner w\u00e4hlten die Mitglieder Johanna Adrian aus Staufen als neue Kassiererin und entlasteten den Gesamtvorstand einstimmig. Buchenbachs stellvertretender B\u00fcrgermeister, Alfred Wangler, zeigte sich in seinem Gru\u00dfwort beeindruckt von der segensreichen Arbeit des Vereins und dem enormen ehrenamtlichen Arbeitspensum f\u00fcr die Gestaltung des Himmelreich-Jakobusweges. Er sicherte dem Verein die Unterst\u00fctzung der Gemeinde Buchenbach zu. Trotter freute sich, dass sich die Kassenlage des Vereins durch Mitgliedsbeitr\u00e4ge und den Verkauf der Brosch\u00fcren mit den Wegbeschreibungen positiv entwickelt habe.<br \/>\nGerhard L\u00fcck, <a href=\"https:\/\/www.dreisamtaeler.de\">www.dreisamtaeler.de<\/a><\/p>\n<p>&nbsp;<\/p>\n","protected":false},"excerpt":{"rendered":"<p>Bei der Jahreshauptversammlung des \u201eF\u00f6rdervereins f\u00fcr den Himmelreich-Jakobusweg\u201c in Kirchzarten konnte der Vorsitzende Erhard Trotter mitteilen, dass inzwischen die Mitgliederzahl auf 60 angestiegen ist. Er spornte die anwesenden Mitglieder an, bis zum Ende des Jahres das 100. Mitglied zu werben.\u00a0Wegewart &hellip; <a href=\"https:\/\/www.freiburg-schwarzwald.de\/blog\/vandalen-zerstoren-wegzeichen-am-himmelreich-jakobusweg\/\">Weiterlesen <span class=\"meta-nav\">&rarr;<\/span><\/a><\/p>\n","protected":false},"author":2,"featured_media":0,"comment_status":"open","ping_status":"closed","sticky":false,"template":"","format":"standard","meta":{"footnotes":""},"categories":[54,122,126],"tags":[291],"class_list":["post-6316","post","type-post","status-publish","format-standard","hentry","category-ehrenamt","category-wandern","category-wandervereine","tag-jakobusweg"],"_links":{"self":[{"href":"https:\/\/www.freiburg-schwarzwald.de\/blog\/wp-json\/wp\/v2\/posts\/6316","targetHints":{"allow":["GET"]}}],"collection":[{"href":"https:\/\/www.freiburg-schwarzwald.de\/blog\/wp-json\/wp\/v2\/posts"}],"about":[{"href":"https:\/\/www.freiburg-schwarzwald.de\/blog\/wp-json\/wp\/v2\/types\/post"}],"author":[{"embeddable":true,"href":"https:\/\/www.freiburg-schwarzwald.de\/blog\/wp-json\/wp\/v2\/users\/2"}],"replies":[{"embeddable":true,"href":"https:\/\/www.freiburg-schwarzwald.de\/blog\/wp-json\/wp\/v2\/comments?post=6316"}],"version-history":[{"count":0,"href":"https:\/\/www.freiburg-schwarzwald.de\/blog\/wp-json\/wp\/v2\/posts\/6316\/revisions"}],"wp:attachment":[{"href":"https:\/\/www.freiburg-schwarzwald.de\/blog\/wp-json\/wp\/v2\/media?parent=6316"}],"wp:term":[{"taxonomy":"category","embeddable":true,"href":"https:\/\/www.freiburg-schwarzwald.de\/blog\/wp-json\/wp\/v2\/categories?post=6316"},{"taxonomy":"post_tag","embeddable":true,"href":"https:\/\/www.freiburg-schwarzwald.de\/blog\/wp-json\/wp\/v2\/tags?post=6316"}],"curies":[{"name":"wp","href":"https:\/\/api.w.org\/{rel}","templated":true}]}}