{"id":63114,"date":"2016-10-26T15:44:55","date_gmt":"2016-10-26T13:44:55","guid":{"rendered":"https:\/\/www.freiburg-schwarzwald.de\/blog\/?p=63114"},"modified":"2016-10-26T15:47:49","modified_gmt":"2016-10-26T13:47:49","slug":"rechtsbewusstsein-ohne-strafe","status":"publish","type":"post","link":"https:\/\/www.freiburg-schwarzwald.de\/blog\/rechtsbewusstsein-ohne-strafe\/","title":{"rendered":"Rechtsbewusstsein ohne Strafe"},"content":{"rendered":"<p>Zwei Frauen so um die 60 in einem Laden in der <a title=\"Stuehlinger\" href=\"https:\/\/www.freiburg-schwarzwald.de\/blog\/regio\/freiburg\/stuehlinger\/\">Klarastrasse<\/a>. &#8222;Am <a title=\"No-Go-Area Stuehlinger \u2013 Polizei\" href=\"https:\/\/www.freiburg-schwarzwald.de\/blog\/no-go-area-stuehlinger-polizei\/\">Kirchplatz<\/a> wurden schon wieder <a title=\"Sexuellermissbrauch\" href=\"https:\/\/www.freiburg-schwarzwald.de\/blog\/selbsthilfe\/krise\/sexuellermissbrauch\/\">zwei Frauen<\/a> <a title=\"Ueberfall\" href=\"https:\/\/www.freiburg-schwarzwald.de\/blog\/selbsthilfe\/krise\/gewalt\/ueberfall\/\">\u00fcberfallen<\/a>&#8222;. Darauf die andere: &#8222;Waren es <a title=\"Afrika\" href=\"https:\/\/www.freiburg-schwarzwald.de\/blog\/global\/afrika\/\">Schwarzafrikaner<\/a> oder <a title=\"Maghreb\" href=\"https:\/\/www.freiburg-schwarzwald.de\/blog\/global\/maghreb\/\">Araber<\/a>?&#8220; Nach unserer <a title=\"Diskussionskultur\" href=\"https:\/\/www.freiburg-schwarzwald.de\/blog\/kultur\/medien\/diskussionskultur\/\">Diskussions(un)kultur<\/a> und <a title=\"Political-Correctness\" href=\"https:\/\/www.freiburg-schwarzwald.de\/blog\/kultur\/medien\/political-correctness\/\">Political Correctness<\/a> sind diese <a title=\"Frauen-Freiheit\" href=\"https:\/\/www.freiburg-schwarzwald.de\/blog\/selbsthilfe\/frauen\/frauen-freiheit\/\">besorgte Frauen<\/a> <a title=\"Vorverurteilung\" href=\"https:\/\/www.freiburg-schwarzwald.de\/blog\/kultur\/medien\/vorverurteilung\/\">Vorverurteiler<\/a>, <a title=\"Rassismus\" href=\"https:\/\/www.freiburg-schwarzwald.de\/blog\/engagement\/rassismus\/\">Rassisten<\/a> und <a title=\"Ueberfremdung\" href=\"https:\/\/www.freiburg-schwarzwald.de\/blog\/global\/integration\/ueberfremdung\/\">Fremdenfeinde<\/a> (<a title=\"Gender\" href=\"https:\/\/www.freiburg-schwarzwald.de\/blog\/selbsthilfe\/frauen\/gender\/\">genderm\u00e4\u00dfig<\/a> besser: Vorverurteilerinnen, Rassistinnen und Fremdenfeindinnen). <!--more-->.<br \/>\nDabei denken sie doch eher besorgt an ihre eigenen Enkel als daran, irgendjemanden unter <a title=\"Generalverdacht\" href=\"https:\/\/www.freiburg-schwarzwald.de\/blog\/generalverdacht\/\">Generalverdacht<\/a> zu stellen.<br \/>\n<a title=\"Ich kann es nicht mehr hoeren\" href=\"https:\/\/www.freiburg-schwarzwald.de\/blog\/ich-kann-es-nicht-mehr-hoeren\/\">Besorgt<\/a> sind viele vermeintlich &#8218;einfache Menschen&#8216;: Einerseits berichtet die Presse fast tagt\u00e4glich \u00fcber <a title=\"Ueberfall\" href=\"https:\/\/www.freiburg-schwarzwald.de\/blog\/selbsthilfe\/krise\/gewalt\/ueberfall\/\">\u00dcberf\u00e4lle<\/a> (Raub, <a title=\"Islam-Frauen\" href=\"https:\/\/www.freiburg-schwarzwald.de\/blog\/religion\/islam\/islam-frauen\/\">sexuelle Attacke<\/a>) von <a title=\"Jugendarbeitslosigkeit\" href=\"https:\/\/www.freiburg-schwarzwald.de\/blog\/selbsthilfe\/soziales\/arbeit\/jugendarbeitslosigkeit\/\">jungen<\/a> <a title=\"Fluechtlinge\" href=\"https:\/\/www.freiburg-schwarzwald.de\/blog\/global\/integration\/fluechtlinge\/\">Migranten<\/a> aus dem <a title=\"Islam-Sexualitaet\" href=\"https:\/\/www.freiburg-schwarzwald.de\/blog\/religion\/islam\/islam-sexualitaet\/\">islamisch<\/a>-gepr\u00e4gten Kulturkreis in Freiburg. Im Stadtkurier f\u00fcllen solche Gewaltberichte inzwischen fast die gesamte Seite 2.<br \/>\nAndererseits erf\u00e4hrt die B\u00fcrgerschaft, dass T\u00e4ter (<a title=\"Migration-Maenner\" href=\"https:\/\/www.freiburg-schwarzwald.de\/blog\/global\/migration\/migration-maenner\/\">Erwachsene<\/a> wie <a title=\"UMF Unsere Integrations-Luege\" href=\"https:\/\/www.freiburg-schwarzwald.de\/blog\/umf-unsere-integrations-luege\/\">UMF<\/a>) straflos bleiben und frei herumlaufen &#8211; obwohl &#8222;polizeibekannt&#8220;, &#8222;mehrfach \u00fcbergriffig&#8220;, &#8222;sie lachen uns aus&#8220; und &#8222;oft in Erscheinung getreten&#8220;. Ohne <a title=\"Justiz\" href=\"https:\/\/www.freiburg-schwarzwald.de\/blog\/selbsthilfe\/soziales\/justiz\/\">Strafe <\/a>kein Unrechtsbewu\u00dftsein. Wohin soll diese Zunahme von <a title=\"Kriminalitaet\" href=\"https:\/\/www.freiburg-schwarzwald.de\/blog\/selbsthilfe\/krise\/gewalt\/kriminalitaet\/\">Kriminalit\u00e4t<\/a> im <a title=\"Oeffentlicher-Raum\" href=\"https:\/\/www.freiburg-schwarzwald.de\/blog\/kultur\/oeffentlicher-raum\/\">\u00f6ffentlichen Raum<\/a> f\u00fchren bei seit <a title=\"Budapest-Dublin2015\" href=\"https:\/\/www.freiburg-schwarzwald.de\/blog\/global\/eu\/budapest-dublin2015\/\">Budapest 9\/2015<\/a> weiterhin <a title=\"Kontrollierte-Grenzen\" href=\"https:\/\/www.freiburg-schwarzwald.de\/blog\/global\/migration\/kontrollierte-grenzen\/\">offenen Grenzen<\/a> &#8211; 90% der \u00fcbers Mittelmeer kommenden <a title=\"Versorgungsmigration\" href=\"https:\/\/www.freiburg-schwarzwald.de\/blog\/global\/migration\/versorgungsmigration\/\">Migranten<\/a> fahren per <a title=\"Italienroute\" href=\"https:\/\/www.freiburg-schwarzwald.de\/blog\/global\/migration\/italienroute\/\">Italienroute<\/a> nach Deutschland?<\/p>\n<p><strong>Drei Gambier bel\u00e4stigen Frauen am Kirchplatz sexuell<\/strong><br \/>\nZwei junge Frauen im Alter von 21 und 29 Jahren hatten am Montag gegen 19.30 Uhr der Polizei gemeldet, dass sie soeben im Bereich des St\u00fchlinger Kirchplatzes von einer Gruppe bel\u00e4stigt wurden. Neben Beleidigungen sexueller Natur sei es zum Anfassen der Frauen in unterschiedlicher Form gekommen. Ein vorbeikommender Radfahrer mischte sich ein. Dadurch konnten die beiden Opfer fl\u00fcchten. Die beiden Frauen rannten zur nahe gelegenen Dienststelle der Bundespolizei in der Wentzingerstra\u00dfe, wo sie in Sicherheit waren. Im Rahmen der unmittelbar vorgenommenen Kontrollaktion durch hinzugezogene Polizeistreifen mit Unterst\u00fctzung der Bundespolizei konnten die drei Haupttatverd\u00e4chtigen festgenommen werden. Hierbei handelt es sich um drei polizeilich bekannte gambische Staatsangeh\u00f6rige im Alter von 18, 19 und 20 Jahren. &#8230; Alles vom 26.10.2016 bitte lesen auf<br \/>\n<a href=\"https:\/\/www.badische-zeitung.de\/freiburg\/zwei-frauen-wurden-auf-stuehlinger-kirchplatz-durch-maennergruppe-sexuell-belaestigt--129040426.html\">https:\/\/www.badische-zeitung.de\/freiburg\/zwei-frauen-wurden-auf-stuehlinger-kirchplatz-durch-maennergruppe-sexuell-belaestigt&#8211;129040426.html<\/a><\/p>\n<p><strong>Abdel-Samad: Gewaltseuche im Herzen des Islam<\/strong><br \/>\nDer Ausgang meiner Islamkritik ist der Humanismus und die Freiheit. Ich pauschalisiere nicht gegen alle Muslime, sondern thematisiere die Theologie der Gewalt im Koran. Wer einen ehrlichen Blick auf die Welt wirft, stellt fest, dass alle islamischen L\u00e4nder von dieser Seuche befallen sind \u2013 auch alle europ\u00e4ischen Staaten, wo Muslime leben. Wir haben ein ernsthaftes Problem. Wir haben eine richtige Gewaltseuche im Herzen des Islam. Die L\u00f6sung kann nie sein, dass wir unsere humanistische, vern\u00fcnftige Islamkritik verstummen lassen, damit die Islamisten nicht sauer werden oder das rechtsradikale Lager nicht w\u00e4chst. Wir m\u00fcssen diese Debatte in die Mitte der Gesellschaft holen und dort demokratisch und ehrlich zu Ende f\u00fchren. Dann nehmen wir dem rechten Lager den Wind aus den Segeln, die sonst die Debatte \u00fcber Meinungsfreiheit vereinnahmen, als w\u00e4ren sie die Verteidiger der Freiheit, was nicht stimmt.<br \/>\n&#8230;. Komplettes Interview mit Hamed Abdel-Samad vom 25.10.2016 bitte lesen auf<br \/>\n<a href=\"https:\/\/derstandard.at\/2000046415855\/Hamed-Abdel-Samad-Wir-haben-eine-Gewaltseuche-im-Herzen-des\">https:\/\/derstandard.at\/2000046415855\/Hamed-Abdel-Samad-Wir-haben-eine-Gewaltseuche-im-Herzen-des<br \/>\n<\/a>\u00a0 \u00a0.<br \/>\n<strong>Syrer bel\u00e4stigt kleine M\u00e4dchen sexuell<\/strong><br \/>\nDer 29 Jahre alte Mohammad S., der im Januar aus der syrischen Hauptstadt Damaskus nach Deutschland gekommen war, hatte im M\u00e4rz und April in acht F\u00e4llen kleine M\u00e4dchen bedr\u00e4ngt, angefasst und teils an der Hand von Spielpl\u00e4tzen weggef\u00fchrt. &#8230; Beim heftigsten Fall am 22. April hatte der T\u00e4ter das M\u00e4dchen, das vor seinem Haus spielte, laut Anklage ein St\u00fcck auf der Stra\u00dfe mit sich gezogen, sie dann gegen die Motorhaube eines Autos gedr\u00fcckt, sich auf sie gelegt und \u00fcber der Kleidung &#8222;beischlaf\u00e4hnliche Bewegungen&#8220; ausgef\u00fchrt. &#8230;. Alles vom 24.10.2016 auf<br \/>\nhttps:\/\/www.badische-zeitung.de\/haftstrafe-fuer-mann-der-in-freiburg-und-muellheim-kinder-belaestigt-hat<\/p>\n<p><strong>Schwarzafrikaner versucht in KaJo Handy zu rauben<\/strong><br \/>\nIn der Nacht von Freitag auf Samstag kam es gegen halb zwei im Bereich des Starbucks und des Modegesch\u00e4ftes &#8222;Madonna&#8220; in der Kaiser-Joseph-Stra\u00dfe in Freiburg zu einem versuchten Raub. Ein bislang unbekannter T\u00e4ter versuchte dem Gesch\u00e4digten dessen Handy mit erheblichem Kraftaufwand zu entrei\u00dfen. Dies gelang nicht. Es kam zu einem Gerangel. In der Folge ergriff der T\u00e4ter zun\u00e4chst ein Glas, schleuderte es vor dem Gesch\u00e4digten auf den Boden und warf eine Bierbank in dessen Richtung. Im Anschluss fl\u00fcchtete er ohne Beute. Er T\u00e4ter wird von der Polizei wie folgt beschrieben: schwarzafrikanisches Erscheinungsbild, ca. 18-20 Jahre alt, ca. 175 cm gro\u00df, schlank bis kr\u00e4ftig.<br \/>\n23.10.2016<br \/>\n.<br \/>\n<strong>&#8222;S\u00fcdl\u00e4ndische Erscheinung&#8220; ersticht 16-j\u00e4hrigen und st\u00f6\u00dft Freundin in die Alster<\/strong><br \/>\nMitten in der Hamburger Innenstadt ist ein 16-J\u00e4hriger get\u00f6tet worden. Wie die Polizei mitteilte, soll ein unbekannter T\u00e4ter den Jugendlichen am Sonntagabend unter der Kennedybr\u00fccke niedergestochen haben. Der Jugendliche starb kurz darauf im Krankenhaus an seinen schweren Verletzungen. Nach den bisherigen Ermittlungen soll der T\u00e4ter pl\u00f6tzlich von hinten an den Jugendlichen herangetreten sein, er habe dann mehrmals auf sein Opfer eingestochen, vermutlich mit einem Messer. Nach dem Angriff stie\u00df der Mann demnach die 15-j\u00e4hrige Begleiterin des Opfers in die Alster. Das M\u00e4dchen konnte sich selbst aus dem Wasser retten, hie\u00df es. &#8230; Der T\u00e4ter ist laut Polizei zwischen 23 und 25 Jahre alt und 1,80 bis 1,90 Meter gro\u00df. Es handle sich um einen Mann mit &#8222;s\u00fcdl\u00e4ndischer Erscheinung&#8220;. &#8230;. Alles vom 18.10.2016 auf<br \/>\n<a href=\"https:\/\/www.spiegel.de\/panorama\/justiz\/hamburg-jugendlicher-unter-bruecke-erstochen-a-1117109.html\">https:\/\/www.spiegel.de\/panorama\/justiz\/hamburg-jugendlicher-unter-bruecke-erstochen-a-1117109.html<br \/>\n<\/a>\u00a0 \u00a0.<br \/>\n<strong>29j\u00e4hriger Syrer soll mehrere Kinder sexuell bel\u00e4stigt haben<\/strong><br \/>\nSexueller Missbrauch von Kindern, sexuelle N\u00f6tigung, Nachstellung und versuchte Entziehung Minderj\u00e4hriger \u2013 das sind die Anklagepunkte, wegen denen sich von Montag an ein 29 Jahre alter Syrer vor der Jugendschutzkammer des Landgerichts Freiburg verantworten muss. Dem Angeklagten werden damit noch mehr F\u00e4lle zur Last gelegt, als bislang bekannt gewesen war. Er soll im M\u00e4rz und April 2016 innerhalb von f\u00fcnf Wochen in acht F\u00e4llen zehn Kinder in sexueller Absicht angegangen haben. Seine Opfer suchte sich der mutma\u00dfliche T\u00e4ter, der bis zu seiner Festnahme in seiner Asylunterkunft im Markgr\u00e4flerland lebte, in M\u00fcllheim und in Freiburg. Der erste Fall hatte sich am 17. M\u00e4rz in einem Gesch\u00e4ft am Bertoldsbrunnen in Freiburg ereignet, als der Tatverd\u00e4chtige ein neunj\u00e4hriges Kind unsittlich ber\u00fchrte. &#8230;. Alles vom 20.10.2016 bitte lesen auf<br \/>\n<a href=\"https:\/\/www.badische-zeitung.de\/vor-gericht-mann-soll-ingesamt-zehn-kinder-belaestigt-haben\">https:\/\/www.badische-zeitung.de\/vor-gericht-mann-soll-ingesamt-zehn-kinder-belaestigt-haben<\/a><\/p>\n","protected":false},"excerpt":{"rendered":"<p>Zwei Frauen so um die 60 in einem Laden in der Klarastrasse. &#8222;Am Kirchplatz wurden schon wieder zwei Frauen \u00fcberfallen&#8222;. Darauf die andere: &#8222;Waren es Schwarzafrikaner oder Araber?&#8220; Nach unserer Diskussions(un)kultur und Political Correctness sind diese besorgte Frauen Vorverurteiler, Rassisten &hellip; <a href=\"https:\/\/www.freiburg-schwarzwald.de\/blog\/rechtsbewusstsein-ohne-strafe\/\">Weiterlesen <span class=\"meta-nav\">&rarr;<\/span><\/a><\/p>\n","protected":false},"author":2,"featured_media":0,"comment_status":"open","ping_status":"closed","sticky":false,"template":"","format":"standard","meta":{"footnotes":""},"categories":[49,60,80,157,9],"tags":[633,431,732,421,622,405,650],"class_list":["post-63114","post","type-post","status-publish","format-standard","hentry","category-freiburg","category-jugend","category-medien","category-oeffentlicher-raum","category-soziales","tag-demokratie","tag-gerecht","tag-gewalt","tag-islam","tag-migration","tag-polizei","tag-sex"],"_links":{"self":[{"href":"https:\/\/www.freiburg-schwarzwald.de\/blog\/wp-json\/wp\/v2\/posts\/63114","targetHints":{"allow":["GET"]}}],"collection":[{"href":"https:\/\/www.freiburg-schwarzwald.de\/blog\/wp-json\/wp\/v2\/posts"}],"about":[{"href":"https:\/\/www.freiburg-schwarzwald.de\/blog\/wp-json\/wp\/v2\/types\/post"}],"author":[{"embeddable":true,"href":"https:\/\/www.freiburg-schwarzwald.de\/blog\/wp-json\/wp\/v2\/users\/2"}],"replies":[{"embeddable":true,"href":"https:\/\/www.freiburg-schwarzwald.de\/blog\/wp-json\/wp\/v2\/comments?post=63114"}],"version-history":[{"count":0,"href":"https:\/\/www.freiburg-schwarzwald.de\/blog\/wp-json\/wp\/v2\/posts\/63114\/revisions"}],"wp:attachment":[{"href":"https:\/\/www.freiburg-schwarzwald.de\/blog\/wp-json\/wp\/v2\/media?parent=63114"}],"wp:term":[{"taxonomy":"category","embeddable":true,"href":"https:\/\/www.freiburg-schwarzwald.de\/blog\/wp-json\/wp\/v2\/categories?post=63114"},{"taxonomy":"post_tag","embeddable":true,"href":"https:\/\/www.freiburg-schwarzwald.de\/blog\/wp-json\/wp\/v2\/tags?post=63114"}],"curies":[{"name":"wp","href":"https:\/\/api.w.org\/{rel}","templated":true}]}}