{"id":63095,"date":"2016-10-19T21:14:21","date_gmt":"2016-10-19T19:14:21","guid":{"rendered":"https:\/\/www.freiburg-schwarzwald.de\/blog\/?p=63095"},"modified":"2016-10-25T14:43:54","modified_gmt":"2016-10-25T12:43:54","slug":"sag-es-durch-den-fluechtling","status":"publish","type":"post","link":"https:\/\/www.freiburg-schwarzwald.de\/blog\/sag-es-durch-den-fluechtling\/","title":{"rendered":"Sag es durch den Fluechtling"},"content":{"rendered":"<p><a title=\"Fluechtlinge-Islam\" href=\"https:\/\/www.freiburg-schwarzwald.de\/blog\/global\/integration\/fluechtlinge-islam\/\">Fl\u00fcchtlinge<\/a> duerfen kritisieren &#8211; wir\u00a0nicht.<em>\u00a0&#8222;Ich habe mich immer gefragt, warum Fl\u00fcchtlingen offenbar eine bessere Versorgung zukommt als <a title=\"Obdachlos\" href=\"https:\/\/www.freiburg-schwarzwald.de\/blog\/selbsthilfe\/soziales\/obdachlos\/\">Obdachlosen<\/a>&#8222;<\/em> &#8211; dieses durch Zahlen belegte Faktum vermeldet kein deutsch-rechter Fremdenhasser, sondern der Fl\u00fcchtling Bilal Al Dumani im zudem eher <a title=\"Links\" href=\"https:\/\/www.freiburg-schwarzwald.de\/blog\/engagement\/zukunft\/demokratie\/links\/\">linken<\/a> Tagesspiegel: In Deutschland sind Obdachlose als Randgruppe ohne Lobby schlechter gestellt als Migranten.<!--more--><\/p>\n<p>.<br \/>\n<a href=\"https:\/\/www.tagesspiegel.de\/berlin\/wie-fluechtlinge-berlin-sehen-berlin-vergisst-die-obdachlosen\/14692058.html\">https:\/\/www.tagesspiegel.de\/berlin\/wie-fluechtlinge-berlin-sehen-berlin-vergisst-die-obdachlosen\/14692058.html<\/a>. Als ganz normaler einheimischer B\u00fcrger darf man so etwas nicht sagen, man darf die <a title=\"Merkelismus\" href=\"https:\/\/www.freiburg-schwarzwald.de\/blog\/engagement\/zukunft\/demokratie\/merkelismus\/\">Merkel<\/a>&#8217;sche &#8222;<a title=\"Kontrollierte-Grenzen\" href=\"https:\/\/www.freiburg-schwarzwald.de\/blog\/global\/migration\/kontrollierte-grenzen\/\">Politik der offenen Grenzen<\/a>&#8220; nicht kritisieren, ohne sofort in die <a title=\"Rechts\" href=\"https:\/\/www.freiburg-schwarzwald.de\/blog\/engagement\/zukunft\/demokratie\/rechts\/\">rechte Ecke<\/a> gestellt zu werden. Kritikf\u00e4hig sind nur Juden, Muslime, B\u00fcrger mit ausl\u00e4ndischen Wurzeln usw.<br \/>\nAls <a title=\"Juden\" href=\"https:\/\/www.freiburg-schwarzwald.de\/blog\/religion\/juden\/\">Jude<\/a> darf Henryk M. Broder die Landnahme Israels in Pal\u00e4stina in einer Sch\u00e4rfe verurteilen, die keinem Deutschen aufgrund seiner &#8222;unseligen Vergangenheit&#8220; zugestanden wird.<br \/>\n<a title=\"Kelek\" href=\"https:\/\/www.freiburg-schwarzwald.de\/blog\/religion\/islam\/kelek\/\">Necla Kelek<\/a> darf <a title=\"Zwangsheirat\" href=\"https:\/\/www.freiburg-schwarzwald.de\/blog\/selbsthilfe\/frauen\/zwangsheirat\/\">Zwangsheirat<\/a> und Ehrenmord als brutale <a title=\"Islam-Frauen\" href=\"https:\/\/www.freiburg-schwarzwald.de\/blog\/religion\/islam\/islam-frauen\/\">Islam<\/a>-Gepflogenheiten anprangern, nur weil sie selbst t\u00fcrkische Eltern hat.<br \/>\n&#8222;<a title=\"Verschleierung\" href=\"https:\/\/www.freiburg-schwarzwald.de\/blog\/religion\/islam\/verschleierung\/\">Vollverschleierung<\/a> darf nicht unter der Religionsfreiheit debattiert werden&#8220; sagt der Iraner Ismail Tipi in DIE ZEIT, wogegen Claudia Roth und KGE aus jedem Nikab-Sehschlitz eine <a title=\"Frauen-Freiheit\" href=\"https:\/\/www.freiburg-schwarzwald.de\/blog\/selbsthilfe\/frauen\/frauen-freiheit\/\">selbstbestimmte<\/a> muslimische Frau &#8211; gerne auch deutsche Konvertitin\u00a0aus Oberammergau\u00a0&#8211; rauslugen sehen.<br \/>\nEinheimische haben kein Recht zur Kritik, die <a title=\"Nazi\" href=\"https:\/\/www.freiburg-schwarzwald.de\/blog\/religion\/juden\/nazi\/\">Nazi-Keule<\/a> erstickt jede Widerrede. Eine offene und ehrliche <a title=\"Diskussionskultur\" href=\"https:\/\/www.freiburg-schwarzwald.de\/blog\/kultur\/medien\/diskussionskultur\/\">Diskussionskultur<\/a> ist den Deutschen \u00fcber 70 Jahre nach Kriegsende immer noch verwehrt. <a title=\"Nudging\" href=\"https:\/\/www.freiburg-schwarzwald.de\/blog\/engagement\/zukunft\/demokratie\/nudging\/\">Nudging<\/a>\u00a0(&#8222;folget nicht denen &#8230;&#8220;) bl\u00fcht dem <a title=\"Volk\" href=\"https:\/\/www.freiburg-schwarzwald.de\/blog\/engagement\/zukunft\/demokratie\/volk\/\">Volk<\/a>\u00a0(der Begriff steht zwar im Grundgesetz, nun soll &#8222;Volk&#8220; aber durch &#8222;Bev\u00f6lkerung&#8220; ersetzt werden): Von den ca 150 verr\u00fcckten Reichsb\u00fcrgern soll eine gr\u00f6\u00dfere Gefahr f\u00fcr die <a title=\"Demokratie\" href=\"https:\/\/www.freiburg-schwarzwald.de\/blog\/engagement\/zukunft\/demokratie\/\">Demokratie<\/a> ausgehen als von der Massenmigration mit 1,5 Mio Menschen seit <a title=\"Budapest-Dublin2015\" href=\"https:\/\/www.freiburg-schwarzwald.de\/blog\/global\/eu\/budapest-dublin2015\/\">Budapest 9\/2015<\/a>.<br \/>\nAuch <a title=\"Direkte-Demokratie\" href=\"https:\/\/www.freiburg-schwarzwald.de\/blog\/engagement\/zukunft\/demokratie\/direkte-demokratie\/\">direkte Demokratie<\/a> nach Schweizer Vorbild ist hierzulande undenkbar. Man stelle sich ein <a title=\"Brexit\" href=\"https:\/\/www.freiburg-schwarzwald.de\/blog\/global\/eu\/brexit\/\">Brexit<\/a>-Pendant in <a title=\"Deutschland\" href=\"https:\/\/www.freiburg-schwarzwald.de\/blog\/global\/deutschland\/\">Deutschland<\/a> vor &#8211; da w\u00fcrden alle Brexit-Bef\u00fcrworter von unserer Mainstream-Presse kurzerhand zu demokratie-zerst\u00f6renden Rechtsextremisten bzw. Nationalsozialisten erkl\u00e4rt.<br \/>\n.<\/p>\n<p><strong>Sag es durch den Fl\u00fcchtling<\/strong><br \/>\nFl\u00fcchtlinge d\u00fcrfen Dinge sagen, die wir nicht sagen d\u00fcrfen.<br \/>\n\u00c4hnlich wie die fr\u00fcheren Generationen von muslimischen Einwanderern, die mittlerweile jedoch auch hin und wieder schon als Nazis gelten.<br \/>\n<strong>Das politisch Inkorrekte hebt sich durch den politisch korrekten Einsatz des Fl\u00fcchtlings als Sprachrohr auf.<\/strong><br \/>\nEigentlich eine geniale, wenn auch zutiefst verlogene Masche. &#8230;<br \/>\nSo Anabel Schunke am 20,10.2016 in<br \/>\n<a href=\"https:\/\/www.tichyseinblick.de\/meinungen\/sag-es-durch-den-fluechtling\/\">https:\/\/www.tichyseinblick.de\/meinungen\/sag-es-durch-den-fluechtling\/<\/a><\/p>\n<p><strong>Verschleierung hat nichts mit Religionsfreiheit zu tun<\/strong><br \/>\nVollverschleierung darf nicht unter der Religionsfreiheit debattiert werden, denn Verschleierung ist weder im Islam, noch im Koran, noch bei den muslimischen Theologen ein absolutes Muss und hat in der Religion keine Rechtfertigung. Burka sowie Niqab oder auch alle anderen Verh\u00fcllungen sind traditionelle, aufgezwungene Bekleidungsstoffe in manchen antidemokratischen L\u00e4ndern und Gesellschaften. Deswegen ist diese Verh\u00fcllungsform auch nur in wenigen L\u00e4ndern eine orts\u00fcbliche Bekleidungsform, die die Frauen entrechtet und ihnen ihr Gesicht wegnimmt. &#8230; Alles von Ismail Tipi vom 20.10.2016 bitte lesen auf<br \/>\n<a href=\"https:\/\/www.tichyseinblick.de\/meinungen\/ich-sage-ja-zum-verbot-der-vollverschleierung\/\">https:\/\/www.tichyseinblick.de\/meinungen\/ich-sage-ja-zum-verbot-der-vollverschleierung\/<\/a><\/p>\n<p><strong>Obdachlose nicht die einzige Gruppe ohne Lobby in D<\/strong><br \/>\n\u201eObdachlose haben keine Lobby. Niemand k\u00f6nnte mit ihrer Unterbringung Geld verdienen oder sich moralisch vor anderen aufr\u00fcsten. Weit und breit kein Gutmensch, der sie mit Teddyb\u00e4ren bewirft.\u201c Ich gehe noch weiter. Und behaupte, dass die Obdachlosen in Deutschland nicht mehr die einzige Gruppe ohne Lobby in Deutschland sind. Dass es uns zweifelsohne nicht so unmittelbar und hart trifft wie sie, dass wir langfristig aber alle daf\u00fcr zahlen werden, dass man unser aller W\u00fcrde l\u00e4ngst wie ein Flugzeug zum Abschuss freigegeben hat. Die Migrationskrise hat jene heuchlerische Doppelmoral in Bezug auf den Umgang mit der menschlichen W\u00fcrde hierzulande entlarvt. Und sie entlarvt sie t\u00e4glich von Neuem. Immer dann, wenn die Politik wieder den Kniefall vor dem Islam und seinen Vertretern \u00fcbt, w\u00e4hrend sie die Kritiker der Asylpolitik als Pack beschimpft. Immer dann, wenn sich die Kanzlerin Zeit f\u00fcr die unverletzten Opfer eines ungekl\u00e4rten Anschlags auf eine Moschee nimmt, w\u00e4hrend sie mit keinem einzigen Opfer der K\u00f6lner Silvesternacht oder des Terrors in Deutschland je gesprochen hat. &#8230;.<br \/>\nAlles von Anabel Schunke am 20,10.2016 bitte lesen auf<br \/>\n<a href=\"https:\/\/www.tichyseinblick.de\/meinungen\/sag-es-durch-den-fluechtling\/\">https:\/\/www.tichyseinblick.de\/meinungen\/sag-es-durch-den-fluechtling\/<br \/>\n<\/a>\u00a0 \u00a0.<br \/>\n<strong>Obdachlose und Pflegebed\u00fcrftige<\/strong><br \/>\nObdachlose sind genauso wie die Alten und Kranken, die in den Heimen vor sich hinvegetieren. Ich arbeite in einem solchen Haus. Einem der gehobenen Klasse, mit Marmorb\u00f6den und edlen M\u00f6beln. Doch die Einsamkeit ist die Gleiche. Wir, dass Personal, k\u00f6nnen kaum mehr als die Versorgung leisten. Am Wochenende arbeitest Du zu zweit, f\u00fcr 34 Personen und hast dann von 6 Uhr, bis 8.30 Uhr Zeit, alle zu versorgen, anzukleiden und an den Fr\u00fchst\u00fcckstisch zu setzen. Nicht zu vergessen, dass die ersten schon fr\u00fchst\u00fccken, w\u00e4hrend man noch mit den letzten besch\u00e4ftigt ist. Selbstverst\u00e4ndlich ist man nat\u00fcrlich auch daf\u00fcr zust\u00e4ndig, den Leuten ihre Br\u00f6tchen zu schmieren, wenn sie es selbst nicht mehr k\u00f6nnen, Kaffee nachzuschenken usw. Und die Medikamente m\u00fcssen ebenfalls noch verteilt werden, Diabetiker gespritzt usw. usw. In der Woche ist es etwas besser. Dann sind wir zu dritt, was immer noch zu wenig ist, aber sich, f\u00fcr uns wie Luxus anf\u00fchlt. Dies interessiert aber niemanden. Ehrenamtliche haben wir, genau eine Frau, die 2x die Woche kommt.<br \/>\nVon den hippen, progressiven Jugendlichen, die sich so gerne um Fl\u00fcchtlinge k\u00fcmmern, ist weit und breit niemand zu sehen. Verst\u00e4ndlich, denn wenn mal sich um alte Menschen k\u00fcmmert, genau wie bei den Obdachlosen, steht keine TV Team bereit, keine Zeitung und es gibt auch keine Einladung, zu Annebrit Maischillner.<br \/>\n22.10.2016, Randall Flagg, TO<br \/>\n.<br \/>\n<strong>Gleichschaltungs-Deutschland durch Merkel&#8217;s GroKo-Links<\/strong><br \/>\n&#8222;Und behaupte, dass die Obdachlosen in Deutschland nicht mehr die einzige Gruppe ohne Lobby in Deutschland sind.&#8220; In diesem schlanken Satz, steckt das Transformationsprogramm der Machthaber. Dem die geschilderte Episode Anabel Schunkes heute gilt. Es ist die inzwischen weit fortgeschrittene Aufl\u00f6sung der bisherigen, b\u00fcrgerlichen Ordnung, deren Ausdruck ein gem\u00e4\u00dfigtes links-rechts Schema war. Im neuen Gleichschaltungs-Deutschland, soll nurmehr ein kleines Oben und ein unterschiedloses Restunten gelten. Dieses Restunten wird seiner Identit\u00e4t, seines Einkommens und Verm\u00f6gens beraubt. Und damit als Fron-Sklave sein marginalisiertes Dasein fristen. Weshalb das bei den noch Linken so gut ankommt. Da es den Anschein hat, die Deutschen sind in unendlicher Langsamkeit des Verstehens gefangen, kann das &#8217;33 diametral-reloaded des Mainstream und der politischen Gleichschaltung, seinen Kurs gegen Land und Leute unangefochten fortsetzen.<br \/>\n22.10.2016, KicknRush, TO<br \/>\n.<br \/>\n<strong>Die Bibel sagts<\/strong><br \/>\nEs gibt da diese wunderbare Stelle in der Bibel, vom Pharis\u00e4er, der sich in der Synagoge ganz nach vorne stellt und betet: &#8222;Lieber Gott, ich danke dir, da\u00df ich nicht so bin wie der da hinten, der Z\u00f6llner!&#8220; Was war die Konsequenz daraus: Die Ersten werden die Letzten sein, und die Letzten werden die ersten sein. In der Rolle des Z\u00f6llners, der hinten steht und dem\u00fctig ist, sehe ich uns alle, die wir Tag f\u00fcr Tag still um 6 Uhr aufstehen, den ganzen Tag malochen, Steuern zahlen, um das System, das uns verachtet, \u00fcber Wasser zu halten und in diesem Hamsterrad f\u00f6rmlich gefangen sind. Es ist h\u00f6chste Zeit, auszubrechen.<br \/>\n22.10.2016, CG<br \/>\n.<br \/>\n<strong>Der Islam diskriminiert andere Religionen weltweit<\/strong><br \/>\nDe Maiziere fordert eine genaue Statistik \u00fcber Angriffe auf Muslime in D! Das ist in Anbetracht der momentanen Lage (Vertuschung und Verschleierung von Fl\u00fcchtlingskriminalit\u00e4t, Nicht-Benennung vom Migrationshintergrund und R\u00fcgen-Verteilung des Presserates bei Dennoch-Bennenung, Einknicken der Polizei vor Dealerkriminalit\u00e4t im G\u00f6rli und vor der massiv angestiegenen Taschendiebstahl-Kriminalit\u00e4t (hier wird in einigen Regionen bereits nicht mehr ermittelt), usf.) im Grunde ein Schlag in&#8217;s Gesicht der autochthonen Bev\u00f6lkerung. Zitat Ruud Koopmanns aus der FAZ zum Thema: &#8222;Muslimische F\u00fchrer und westliche Politiker reden viel und gerne \u00fcber \u201eIslamophobie\u201c. Aber die Wahrheit ist, dass Muslime nicht nur im Westen, sondern auch in anderen L\u00e4ndern der Welt, wo muslimische Minderheiten leben \u2013 etwa Ghana oder Indien \u2013, ein Ausma\u00df an Gleichberechtigung genie\u00dfen, von dem religi\u00f6se Minderheiten in muslimischen L\u00e4ndern nur tr\u00e4umen k\u00f6nnen. Eine Studie von Jonathan Fox zu den Rechten religi\u00f6ser Minderheiten zeigt, dass unter den zehn Prozent der weltweit am st\u00e4rksten diskriminierten religi\u00f6sen Minderheiten nur zwei F\u00e4lle sind, in denen Muslime von Staaten mit einer nichtmuslimischen Mehrheit unterdr\u00fcckt werden: Myanmar und Russland. Dagegen gibt es vierunddrei\u00dfig F\u00e4lle extremer Diskriminierung nichtmuslimischer Religionsgruppen durch einen Staat mit einer muslimischen Bev\u00f6lkerungsmehrheit, darunter Christen in Saudi-Arabien, Pakistan, Afghanistan, Iran, Turkmenistan, den Malediven, den Komoren, Sudan, Brunei, Kuweit, Qatar, \u00c4gypten, im islamischen Norden Nigerias und in der T\u00fcrkei. Die Daten stammen noch aus der Zeit vor dem Aufmarsch des \u201eIslamischen Staates\u201c. Seitdem sind religi\u00f6se Minderheiten in Syrien, dem Irak und Libyen ihres Lebens nicht mehr sicher.&#8220; Und weiter: &#8222;W\u00e4hrend viele Muslime in nichtmuslimische L\u00e4nder einwandern, wird die muslimische Welt zunehmend zu einer monokulturellen W\u00fcste, weil Minderheiten massenhaft in die Flucht getrieben werden. Wenn es so weitergeht, ist die religi\u00f6se S\u00e4uberung des Nahen Ostens von seiner bereits stark geschrumpften christlichen Population \u2013 und das Gleiche gilt f\u00fcr andere nichtmuslimische Minderheiten wie die Bahai oder die Yeziden \u2013 bald vollendet.&#8220;<br \/>\nDiese geforderte Statistik f\u00fcr \u00dcbergriffe auf Muslime in Deutschland ist nichts weiter als eine groteske Verh\u00f6hnung aller Nicht-Muslime!<br \/>\nE.Verant 22.10.2016, TO<br \/>\n.<br \/>\n<strong>Der Obdachlose und der Fl\u00fcchtling<\/strong><br \/>\n<em>Der Obdachlose: Nicht ich, er hat schuld. <\/em><br \/>\n<em>Der Fl\u00fcchtling: Nicht er, ich habe schuld.<\/em><br \/>\n80 Millionen blutige Teddyb\u00e4ren haben mich umstellt. Sie haben sich ihre rechte Vordertatze abgeschnitten und bieten sie mir zum Geschenk an. Ich bitte meinen Zenlehrer um einen Rat. Sit down and shut up, sagt er.<br \/>\ncfp, 22.10.2016<br \/>\n.<br \/>\n<strong>&#8222;Hoffentlich war es kein Fl\u00fcchtling!&#8220;<\/strong><br \/>\nIch bewundere Anabel Schunke&#8217;s klare, direkte Ausdrucksweise immer wieder. Am wichtigsten ist tats\u00e4chlich die Frage, weshalb nicht nur Merkel sondern auch sonst kein Gutmensch jemals sich mit den weiblichen Opfern der Silvesternacht gezeigt hat und deren Leid angeprangert hat. Nein, man h\u00f6rt oft die Aussage: &#8222;Hoffentlich war es kein Fl\u00fcchtling!&#8220; Das soll hei\u00dfen, man m\u00f6chte gern den Diskussionen und Schuldzuweisungen gegen Fremde ausweichen. Lieber will man einen Deutschen verurteilen. Auff\u00e4llig ist ja, dass bis in das letzte schw\u00e4bische Kaff Anschl\u00e4ge auf die Menschenw\u00fcrde junger Frauen und M\u00e4dchen in den Tageszeitungen als kleine Randnotiz erscheinen. Wenn am ersten Tag noch zugegeben wird, dass der T\u00e4ter ein dunkel-haariger, gebrochenes Deutsch sprechender, junger Mann auf einem Damenfahrrad war, den man dann zuf\u00e4llig in der N\u00e4he einer Asylunterkunft festgenommen hat, ist diese Beschreibung bereits am folgenden Tag aus den Nachrichten verbannt. Man will einfach nicht, dass wir doofen Deutschen mitbekommen, was inzwischen nicht nur in Berlin und K\u00f6ln sondern sogar in unserern D\u00f6rfern abl\u00e4uft. Menschen mit Fl\u00fcchtlings-Status sollen nicht als T\u00e4ter wahrgenommen werden, weil sogar der D\u00fcmmste wei\u00df, dass der deutsche Michel das ganze Mistspiel dann nicht mehr mitspielen will &#8230;<br \/>\nFranz Horste, TO<br \/>\n.<br \/>\n<strong>Frauen und Kinder als Kollateralsch\u00e4den der Links-Ideologien<\/strong><br \/>\nFrau Schunke, Sie sprechen mir so aus dem Herzen. Gerade bei dem Fall des hinterr\u00fccks ermordeten deutschen Jugendlichen (in Hamburg) war es so besch\u00e4mend und erschreckend zu erleben, dass grossteils kaum dar\u00fcber berichtet wurde oder irgendwo versteckt unter &#8222;regional&#8220;. Man stelle sich den tagelangen hysterischen Aufruhr und die massiven politischen Konsequenzen im Fall mit umgekehrten ethnischen Verh\u00e4ltnissen vor &#8211; ein jugendlicher Zuwanderer w\u00e4re so heimt\u00fcckisch von einem Deutschen umgebracht worden. Da h\u00e4tte das ZDF sicher ausnahmsweise doch \u00fcber einen &#8222;Einzelfall&#8220; berichtet, oder? Am Umgang mit diesem Fall wurde wieder klar, was sich seit einem Jahr brutal deutlich abzeichnet: ein Land, das weitgehend gleichg\u00fcltig zul\u00e4sst, dass seine Frauen und Kinder als Kollateralsch\u00e4den von Ideologien inzwischen regelm\u00e4ssig zu Opfern werden, hat f\u00fcr mich keine Ehre und keine W\u00fcrde mehr &#8211; und es verdient sich tatkr\u00e4ftig selbst die Verachtung, die ihm von einigen Zuwanderern entgegengebracht wird. Ein Land oder Volk, das nicht mehr kollektiv aufschreit und sich wehrt, wenn man seine Zukunft, n\u00e4mlich Frauen und Kinder angreift, hat sich f\u00fcr meine Begriffe aufgegeben.<br \/>\n21.10.2016, Maria, TO<\/p>\n","protected":false},"excerpt":{"rendered":"<p>Fl\u00fcchtlinge duerfen kritisieren &#8211; wir\u00a0nicht.\u00a0&#8222;Ich habe mich immer gefragt, warum Fl\u00fcchtlingen offenbar eine bessere Versorgung zukommt als Obdachlosen&#8222; &#8211; dieses durch Zahlen belegte Faktum vermeldet kein deutsch-rechter Fremdenhasser, sondern der Fl\u00fcchtling Bilal Al Dumani im zudem eher linken Tagesspiegel: In &hellip; <a href=\"https:\/\/www.freiburg-schwarzwald.de\/blog\/sag-es-durch-den-fluechtling\/\">Weiterlesen <span class=\"meta-nav\">&rarr;<\/span><\/a><\/p>\n","protected":false},"author":2,"featured_media":0,"comment_status":"open","ping_status":"closed","sticky":false,"template":"","format":"standard","meta":{"footnotes":""},"categories":[36,155,61,157,172],"tags":[633,549,421,622,438],"class_list":["post-63095","post","type-post","status-publish","format-standard","hentry","category-engagement","category-integration","category-kinder","category-oeffentlicher-raum","category-zukunft","tag-demokratie","tag-gesetz","tag-islam","tag-migration","tag-zeitung"],"_links":{"self":[{"href":"https:\/\/www.freiburg-schwarzwald.de\/blog\/wp-json\/wp\/v2\/posts\/63095","targetHints":{"allow":["GET"]}}],"collection":[{"href":"https:\/\/www.freiburg-schwarzwald.de\/blog\/wp-json\/wp\/v2\/posts"}],"about":[{"href":"https:\/\/www.freiburg-schwarzwald.de\/blog\/wp-json\/wp\/v2\/types\/post"}],"author":[{"embeddable":true,"href":"https:\/\/www.freiburg-schwarzwald.de\/blog\/wp-json\/wp\/v2\/users\/2"}],"replies":[{"embeddable":true,"href":"https:\/\/www.freiburg-schwarzwald.de\/blog\/wp-json\/wp\/v2\/comments?post=63095"}],"version-history":[{"count":0,"href":"https:\/\/www.freiburg-schwarzwald.de\/blog\/wp-json\/wp\/v2\/posts\/63095\/revisions"}],"wp:attachment":[{"href":"https:\/\/www.freiburg-schwarzwald.de\/blog\/wp-json\/wp\/v2\/media?parent=63095"}],"wp:term":[{"taxonomy":"category","embeddable":true,"href":"https:\/\/www.freiburg-schwarzwald.de\/blog\/wp-json\/wp\/v2\/categories?post=63095"},{"taxonomy":"post_tag","embeddable":true,"href":"https:\/\/www.freiburg-schwarzwald.de\/blog\/wp-json\/wp\/v2\/tags?post=63095"}],"curies":[{"name":"wp","href":"https:\/\/api.w.org\/{rel}","templated":true}]}}