{"id":63081,"date":"2016-10-19T18:56:41","date_gmt":"2016-10-19T16:56:41","guid":{"rendered":"https:\/\/www.freiburg-schwarzwald.de\/blog\/?p=63081"},"modified":"2016-10-19T18:58:40","modified_gmt":"2016-10-19T16:58:40","slug":"denkmale-wiehre-geroldstal","status":"publish","type":"post","link":"https:\/\/www.freiburg-schwarzwald.de\/blog\/denkmale-wiehre-geroldstal\/","title":{"rendered":"Denkmale &#8211; Wiehre Geroldstal"},"content":{"rendered":"<p>Da trotz ein <a title=\"Immobilien\" href=\"https:\/\/www.freiburg-schwarzwald.de\/blog\/business\/dienste\/immobilien\/\">Haus<\/a> hundert(e) Jahre lang Wind, Wetter und <a title=\"Krieg\" href=\"https:\/\/www.freiburg-schwarzwald.de\/blog\/engagement\/zukunft\/krieg\/\">Ersch\u00fctterungen<\/a> &#8211; es ist ein <a title=\"Denkmal\" href=\"https:\/\/www.freiburg-schwarzwald.de\/blog\/business\/dienste\/immobilien\/denkmal\/\">&#8222;Denkmal&#8220;<\/a> und es gibt uns zu &#8222;denken&#8220;. Dann <a title=\"Philosophie\" href=\"https:\/\/www.freiburg-schwarzwald.de\/blog\/bildung\/philosophie\/\">denken<\/a> sich Leute am Schreibtisch mithilfe von PC, Google und denk1234.de aus, dass das Haus doch kein &#8222;Denkmal&#8220; sei. Wie beim <a title=\"Graffiti-Haus Wiehre \u2013 Kunst?\" href=\"https:\/\/www.freiburg-schwarzwald.de\/blog\/graffiti-haus-wiehre-kunst\/\">Graffiti-Haus<\/a> in Freiburg-<a title=\"Wiehre\" href=\"https:\/\/www.freiburg-schwarzwald.de\/blog\/regio\/freiburg\/wiehre\/\">Wiehre<\/a> an der Kirchstrasse und nun beim <a title=\"Geroldstaler Muehle \u2013 Loewen\" href=\"https:\/\/www.freiburg-schwarzwald.de\/blog\/geroldstaler-muehle-loewen\/\">Gasthaus L\u00f6wen<\/a> in <a title=\"Oberried\" href=\"https:\/\/www.freiburg-schwarzwald.de\/blog\/regio\/orte\/oberried\/\">Oberried<\/a>&#8211;<a title=\"Geroldstal\" href=\"https:\/\/www.freiburg-schwarzwald.de\/blog\/regio\/orte\/oberried\/geroldstal\/\">Geroldstal<\/a> an der <a title=\"Roessle-Dietenbach\" href=\"https:\/\/www.freiburg-schwarzwald.de\/blog\/tourismus\/gastro\/gasthaus\/roessle-dietenbach\/\">Brugga<\/a> . <!--more-->Mit bedenklichen Folgen: In der Kirchstrasse darf der Sprayer und im Geroldstal darf der Abri\u00dfbagger ran.<br \/>\nDenk&#8216; mal.<br \/>\n.<\/p>\n<p><strong>Hoffnung auf &#8222;Geroldst\u00e4ler M\u00fchle&#8220; w\u00e4chst<\/strong><br \/>\nWie das ist, wenn sich pl\u00f6tzlich die Denkmalpflege anders besinnt und einem alten Gasthaus das Pr\u00e4dikat \u201e<a title=\"Bauernhof und Denkmalschutz\" href=\"https:\/\/www.freiburg-schwarzwald.de\/blog\/bauernhof-und-denkmalschutz\/\">sch\u00fctzenswertes Denkmal<\/a>\u201c entzieht, musste Martin Hegar im letzten Jahr schmerzlich erfahren. Der P\u00e4chter des <a title=\"Schauinsland-Halde\" href=\"https:\/\/www.freiburg-schwarzwald.de\/blog\/regio\/berge\/schauinsland\/schauinsland-halde\/\">Hotels \u201eHalde\u201c<\/a>, nicht weit weg vom Schauinsland gelegen, kaufte Ende 2011 von einem B\u00fcrger der Vereinigten Arabischen Emirate das \u201eGasthaus zum L\u00f6wen\u201c im Geroldstal. Der wiederum hatte es Ende 2009 von Irmgard Frey-Mayer, einer Tochter der legend\u00e4ren L\u00f6wenwirtin Sofie, erworben. Nach drei Wirtsfrauen-Generationen im \u201eL\u00f6wen\u201c hatte sie am 22. November 2009 Theke und K\u00fcche f\u00fcr immer geschlossen. Die Dreisamt\u00e4ler verloren ein St\u00fcck \u201eKneipenheimat\u201c. Nachdem sich \u201eunterm Scheich\u201c zwei Jahre lang nichts am Geb\u00e4ude tat, kam im Tal gro\u00dfe Hoffnung durch den Kauf von Hegar auf. Der wollte das rund 250 Jahre alte Geb\u00e4ude sanieren und in ein Restaurant mit Hotel und Wellnessbereich im Gel\u00e4nde verwandeln. Er hatte bei seiner geschichtlichen Recherche entdeckt, dass der L\u00f6wen urspr\u00fcnglich mal eine M\u00fchle war. So liefen alle weiteren Planungen unter dem neuen Projektnamen \u201eGeroldst\u00e4ler M\u00fchle\u201c. Wichtig war &#8211; Hegar dabei, dass die Gastst\u00e4tte ein neues Konzept erhalten sollte, in dem die zahlreichen Radler und Wanderer Rast halten k\u00f6nnen. Im Mai 2014 stellte der \u201eDreisamt\u00e4ler\u201c unter der \u00dcberschrift \u201eL\u00f6wen-Umbau zur Geroldst\u00e4ler M\u00fchle startet bald\u201c die konkreten Bauplanungen von Bauherr und Architekt vor. Im Herbst 2015 sollte das erste Bier gezapft werden.<br \/>\nDoch seitdem tat sich nach ersten Entkernungsarbeiten im Inneren des \u201eL\u00f6wen\u201c und der Planierung des Gel\u00e4ndes nichts mehr. Es wurde ruhig, sehr ruhig. Auf gelegentliche Nachfragen erz\u00e4hlte Martin Hegar dem Redakteur immer wieder von m\u00f6glichen Plan\u00e4nderungen und sp\u00e4ter dann von sch\u00f6pferischen Pausen. Immer wieder fragten Leser beim \u201eDreisamt\u00e4ler\u201c nach. Und in Oberried machten Ger\u00fcchte vom Abriss des \u201eL\u00f6wen\u201c und gar vom neuerlichen Verkauf die Runde. Jetzt endlich ist Hegar in der Lage, die aktuelle Situation zu erkl\u00e4ren. Dabei ist, um die positive Wendung vorwegzunehmen, doch eine Zukunft f\u00fcr die \u201eGeroldst\u00e4ler M\u00fchle\u201c in Sicht, ja sogar gro\u00dfe Hoffnung vorhanden, Ende 2017 zu \u00f6ffnen.<\/p>\n<p>Was war passiert? Die umfassenden Restaurant-, Hotel- und Wellness-Planungen liefen alle auf der Grundlage, dass der alte \u201eL\u00f6wen\u201c unter Bestandschutz erhalten werden musste. Nur so konnte Hegar \u00fcberhaupt an die Altbausanierung gehen. Doch dann kam die Nachricht, dass aufgrund des Geb\u00e4udezustandes die Beh\u00f6rde keine Schutzw\u00fcrdigkeit mehr sieht.<br \/>\nDas war f\u00fcr Martin Hegar ein Tiefschlag: \u201eDer Umbau war nur mit Denkmalschutz umzusetzen; ohne muss v\u00f6llig anders geplant und gebaut werden.\u201c Viel Geld f\u00fcr die Planung war in den Sand gesetzt. \u201eMir ist dann die Lust an dem Projekt erst einmal vergangen, eine l\u00e4ngere Denkpause war n\u00f6tig.\u201c Jetzt ist der Mut wieder da. Der alte \u201eL\u00f6wen\u201c wird abgerissen. Die Bauvoranfrage f\u00fcr einen Neubau ist inzwischen eingereicht. Und mit den Architekten von \u201eHolzbau Bonndorf\u201c steckt Hegar nun in intensiven Planungen. Jetzt wird zwar ohne Hotel geplant, aber es entsteht ein gutes Restaurant \u2013 und ein kleiner Wellnessbereich im Gel\u00e4nde kommt auf jeden Fall hinzu. \u201eDie Bonndorfer setzen tolle Hausprojekte in Holz um\u201c, freut sich Hegar und erinnert an die Sommerau bei Bonndorf, wo sein Bruder ein Hotel mit Restaurant und Wellnessbereich betreibt. Und Holz als Baustoff sei auch im Geroldstal landschaftspr\u00e4gend \u2013 wie der benachbarte <a title=\"Fussehof\" href=\"https:\/\/www.freiburg-schwarzwald.de\/blog\/bauernhof\/fussehof\/\">Fu\u00dfenhof <\/a>beweist.<br \/>\n19.10.2016, Gerhard L\u00fcck, <a href=\"https:\/\/www.dreisamtaeler.de\">www.dreisamtaeler.de<\/a><\/p>\n","protected":false},"excerpt":{"rendered":"<p>Da trotz ein Haus hundert(e) Jahre lang Wind, Wetter und Ersch\u00fctterungen &#8211; es ist ein &#8222;Denkmal&#8220; und es gibt uns zu &#8222;denken&#8220;. Dann denken sich Leute am Schreibtisch mithilfe von PC, Google und denk1234.de aus, dass das Haus doch kein &hellip; <a href=\"https:\/\/www.freiburg-schwarzwald.de\/blog\/denkmale-wiehre-geroldstal\/\">Weiterlesen <span class=\"meta-nav\">&rarr;<\/span><\/a><\/p>\n","protected":false},"author":2,"featured_media":0,"comment_status":"open","ping_status":"closed","sticky":false,"template":"","format":"standard","meta":{"footnotes":""},"categories":[138,139,180,13,201,11],"tags":[190,587,117,407,502,287,331],"class_list":["post-63081","post","type-post","status-publish","format-standard","hentry","category-gastro","category-heimat","category-hochschwarzwald","category-kultur","category-landwirt","category-regio","tag-alter","tag-blackforest","tag-dreisamuferweg","tag-guest","tag-hotel","tag-neubau","tag-tourist"],"_links":{"self":[{"href":"https:\/\/www.freiburg-schwarzwald.de\/blog\/wp-json\/wp\/v2\/posts\/63081","targetHints":{"allow":["GET"]}}],"collection":[{"href":"https:\/\/www.freiburg-schwarzwald.de\/blog\/wp-json\/wp\/v2\/posts"}],"about":[{"href":"https:\/\/www.freiburg-schwarzwald.de\/blog\/wp-json\/wp\/v2\/types\/post"}],"author":[{"embeddable":true,"href":"https:\/\/www.freiburg-schwarzwald.de\/blog\/wp-json\/wp\/v2\/users\/2"}],"replies":[{"embeddable":true,"href":"https:\/\/www.freiburg-schwarzwald.de\/blog\/wp-json\/wp\/v2\/comments?post=63081"}],"version-history":[{"count":0,"href":"https:\/\/www.freiburg-schwarzwald.de\/blog\/wp-json\/wp\/v2\/posts\/63081\/revisions"}],"wp:attachment":[{"href":"https:\/\/www.freiburg-schwarzwald.de\/blog\/wp-json\/wp\/v2\/media?parent=63081"}],"wp:term":[{"taxonomy":"category","embeddable":true,"href":"https:\/\/www.freiburg-schwarzwald.de\/blog\/wp-json\/wp\/v2\/categories?post=63081"},{"taxonomy":"post_tag","embeddable":true,"href":"https:\/\/www.freiburg-schwarzwald.de\/blog\/wp-json\/wp\/v2\/tags?post=63081"}],"curies":[{"name":"wp","href":"https:\/\/api.w.org\/{rel}","templated":true}]}}