{"id":63075,"date":"2016-10-19T14:37:16","date_gmt":"2016-10-19T12:37:16","guid":{"rendered":"https:\/\/www.freiburg-schwarzwald.de\/blog\/?p=63075"},"modified":"2016-10-19T14:42:14","modified_gmt":"2016-10-19T12:42:14","slug":"weniger-lehrer-mehr-polizei","status":"publish","type":"post","link":"https:\/\/www.freiburg-schwarzwald.de\/blog\/weniger-lehrer-mehr-polizei\/","title":{"rendered":"Weniger Lehrer &#8211; mehr Polizei"},"content":{"rendered":"<p>Baden-W\u00fcrttemberg streicht \u00fcber 1100 <a title=\"Lehrer\" href=\"https:\/\/www.freiburg-schwarzwald.de\/blog\/bildung\/lehrer\/\">Lehrerstellen<\/a> und schafft im Gegenzug 381 neue Stellen f\u00fcr die <a title=\"Polizei\" href=\"https:\/\/www.freiburg-schwarzwald.de\/blog\/selbsthilfe\/soziales\/justiz\/polizei\/\">Polizei<\/a>. Damit sendet Gr\u00fcn-Schwarz ein erb\u00e4rmliches Signal in Zeiten von Hochkonjunktur und <a title=\"Steuern\" href=\"https:\/\/www.freiburg-schwarzwald.de\/blog\/engagement\/verbraucher\/steuern\/\">Steuereinnahmerekorde<\/a>n: 1) Mit der Schule\/Bildung ist es bestens bestellt, weshalb man mit weniger Lehrern auskommt. 2) Mit der <a title=\"Sicherheit\" href=\"https:\/\/www.freiburg-schwarzwald.de\/blog\/selbsthilfe\/soziales\/justiz\/sicherheit\/\">Sicherheit<\/a> sieht es nicht gut aus (<a title=\"Migration-Maenner\" href=\"https:\/\/www.freiburg-schwarzwald.de\/blog\/global\/migration\/migration-maenner\/\">Migration<\/a>, <a title=\"Terror\" href=\"https:\/\/www.freiburg-schwarzwald.de\/blog\/religion\/islam\/terror\/\">Terror<\/a>), weshalb man ein paar Polizisten mehr braucht. <!--more--><br \/>\n.<br \/>\nBeide Signale sind grundfalsch:<br \/>\n1) Ohne die Bildung als Produktionsfaktor ist <a title=\"Deutschland\" href=\"https:\/\/www.freiburg-schwarzwald.de\/blog\/global\/deutschland\/\">Deutschland<\/a> bettelarm. Die derzeitigen <a title=\"Export\" href=\"https:\/\/www.freiburg-schwarzwald.de\/blog\/business\/export\/\">Rekord-Export\u00fcbersch\u00fcsse<\/a> (z.B. Luxusautos von Daimler und BMW nach China) haben wir der Bildungspolitik der vergangenen 30 Jahre zu verdanken. Welche Autos exportieren wir in 10 Jahren?<br \/>\n2) Solange die \u00e4u\u00dfere Sicherheit eines Landes nicht gew\u00e4hrleistet ist, helfen auch Tausende von Polizisten im Inneren nicht. Auch im Oktober 2016 sorgen unsere unkontrollierten, offenen Grenzen, dass 99 % aller \u00fcber die Italienroute in die EU einstr\u00f6menden Migranten nach Deutschland einwandern. Und von diesen 99% wiederum sind 70% funktionale Analphabeten aus Maghreb und Afrika. Womit wir wieder bei 1) angekommen sind.<br \/>\n:<br \/>\nSusanne Eisenmann (CDU), seit Mai 2016 Kultusministerin in Stuttgart: &#8222;Der Abbau von \u00fcber 1100 (Lehrer-)Stellen zum Schuljahr 2017\/18 wird nicht einfach zu stemmen sein. Und wenn wir Vorhaben wie den Ausbau der Inklusion und des Ganztagsunterrichts stoppen und die Einf\u00fchrung des Informatikunterrichts verschieben m\u00fcssen, wird das Diskussionen nach sich ziehen.&#8220;\u00a0Hauptsache, Frau Eisenmann hat etwas zu diskutieren.<br \/>\n.<br \/>\n<strong>Das passt nicht in die Landschaft<\/strong><br \/>\nFast 1100 Lehrerstellen weniger \u2013 an dieser Einigung der gr\u00fcn-schwarzen Koalition \u00fcber zentrale Punkte des neuen Landesetats hat die Kultusministerin Susanne Eisenmann (CDU) schwer zu kauen. &#8230;. Alles vom19.10.2016 auf<br \/>\n<a href=\"https:\/\/www.badische-zeitung.de\/suedwest-1\/das-passt-gar-nicht-in-die-landschaft--128764769.html\">https:\/\/www.badische-zeitung.de\/suedwest-1\/das-passt-gar-nicht-in-die-landschaft&#8211;128764769.html<br \/>\n<\/a>.<\/p>\n<p><strong>Mehr Polizisten, weniger Lehrer<\/strong><br \/>\nDie Spitzen der gr\u00fcn-schwarzen Landesregierung haben sich auf die Grundz\u00fcge des Haushalts 2017 geeinigt. Bei Polizei und Justiz gibt es zahlreiche Neustellen, die Gesamtzahl der Lehrer sinkt. Gr\u00fcn-Schwarz will im kommenden Jahr 381 neue Stellen bei der Polizei und weitere 162 in der Justiz schaffen und so die Sicherheit im Land st\u00e4rken. &#8230; Alles vom 18.10.2016 auf<br \/>\n<a href=\"https:\/\/www.badische-zeitung.de\/suedwest-1\/mehr-polizisten-weniger-lehrer--128723517.html\">https:\/\/www.badische-zeitung.de\/suedwest-1\/mehr-polizisten-weniger-lehrer&#8211;128723517.html<\/a><\/p>\n<p>&nbsp;<\/p>\n","protected":false},"excerpt":{"rendered":"<p>Baden-W\u00fcrttemberg streicht \u00fcber 1100 Lehrerstellen und schafft im Gegenzug 381 neue Stellen f\u00fcr die Polizei. Damit sendet Gr\u00fcn-Schwarz ein erb\u00e4rmliches Signal in Zeiten von Hochkonjunktur und Steuereinnahmerekorden: 1) Mit der Schule\/Bildung ist es bestens bestellt, weshalb man mit weniger Lehrern &hellip; <a href=\"https:\/\/www.freiburg-schwarzwald.de\/blog\/weniger-lehrer-mehr-polizei\/\">Weiterlesen <span class=\"meta-nav\">&rarr;<\/span><\/a><\/p>\n","protected":false},"author":2,"featured_media":0,"comment_status":"open","ping_status":"closed","sticky":false,"template":"","format":"standard","meta":{"footnotes":""},"categories":[18,317,24,95],"tags":[341,738,713,622,525,405,585],"class_list":["post-63075","post","type-post","status-publish","format-standard","hentry","category-bildung","category-forschung","category-industrie","category-schulen","tag-export","tag-forschung","tag-industrie","tag-migration","tag-politik","tag-polizei","tag-schule"],"_links":{"self":[{"href":"https:\/\/www.freiburg-schwarzwald.de\/blog\/wp-json\/wp\/v2\/posts\/63075","targetHints":{"allow":["GET"]}}],"collection":[{"href":"https:\/\/www.freiburg-schwarzwald.de\/blog\/wp-json\/wp\/v2\/posts"}],"about":[{"href":"https:\/\/www.freiburg-schwarzwald.de\/blog\/wp-json\/wp\/v2\/types\/post"}],"author":[{"embeddable":true,"href":"https:\/\/www.freiburg-schwarzwald.de\/blog\/wp-json\/wp\/v2\/users\/2"}],"replies":[{"embeddable":true,"href":"https:\/\/www.freiburg-schwarzwald.de\/blog\/wp-json\/wp\/v2\/comments?post=63075"}],"version-history":[{"count":0,"href":"https:\/\/www.freiburg-schwarzwald.de\/blog\/wp-json\/wp\/v2\/posts\/63075\/revisions"}],"wp:attachment":[{"href":"https:\/\/www.freiburg-schwarzwald.de\/blog\/wp-json\/wp\/v2\/media?parent=63075"}],"wp:term":[{"taxonomy":"category","embeddable":true,"href":"https:\/\/www.freiburg-schwarzwald.de\/blog\/wp-json\/wp\/v2\/categories?post=63075"},{"taxonomy":"post_tag","embeddable":true,"href":"https:\/\/www.freiburg-schwarzwald.de\/blog\/wp-json\/wp\/v2\/tags?post=63075"}],"curies":[{"name":"wp","href":"https:\/\/api.w.org\/{rel}","templated":true}]}}