{"id":6299,"date":"2012-07-04T20:05:02","date_gmt":"2012-07-04T20:05:02","guid":{"rendered":"https:\/\/www.freiburg-schwarzwald.de\/blog\/?p=6299"},"modified":"2012-07-04T20:06:37","modified_gmt":"2012-07-04T20:06:37","slug":"althaus-garten-und-landschaftsbau-in-kirchzarten","status":"publish","type":"post","link":"https:\/\/www.freiburg-schwarzwald.de\/blog\/althaus-garten-und-landschaftsbau-in-kirchzarten\/","title":{"rendered":"Althaus Garten- und Landschaftsbau in Kirchzarten"},"content":{"rendered":"<p>Kirchzarten-Zarten (gl\u00fc.) Da Regenschauer f\u00fcr das Wachstum in der <a title=\"Natur\" href=\"https:\/\/www.freiburg-schwarzwald.de\/blog\/natur\/\">Natur<\/a> n\u00fctzlich sind, war es sicher ein gutes Omen, als es am Sonntagmorgen beim \u201eFr\u00fchst\u00fcck in unserem Garten\u201c, zu dem R\u00fcdiger und Felicitas Althaus Freunde und Kunden aus Anlass ihrer Gesch\u00e4ftser\u00f6ffnung von \u201ealthaus GmbH &amp; Co. KG \u2013 Garten- und Landschaftsbau\u201c aus dem wolkengrauen Himmel immer wieder n\u00e4sste. Doch der \u201eMeister im Garten- und Landschaftsbau\u201c w\u00e4re nicht ein echter \u201eMeister\u201c seines Fachs, h\u00e4tte ihn das vor Probleme gestellt. Und so erlebten die zahlreichen G\u00e4ste unter der gro\u00dfen Terrassenmarkise ein genussreiches Fr\u00fchst\u00fcck und konnten sich gleich im Garten der Familie Althaus von den Garten-Gestaltungsk\u00fcnsten des Profis \u00fcberzeugen. <!--more-->Darunter war auch B\u00fcrgermeister Andreas Hall mit seiner Familie. Gegen\u00fcber dem \u201eDreisamt\u00e4ler\u201c zeigte er sich erfreut \u00fcber Wagnis zur Selbst\u00e4ndigkeit von R\u00fcdiger Althaus, der sich auch als Gemeinderat ehrenamtlich engagiert. \u201eIch w\u00fcnsche der Familie Althaus\u201c, so Hall, \u201eviel Freude und Erfolg f\u00fcr den mutigen Schritt. Als Gemeinde freuen wir uns \u00fcber jeden neuen Betrieb.\u201c<\/p>\n<div id=\"attachment_6300\" style=\"width: 190px\" class=\"wp-caption alignnone\"><a href=\"https:\/\/www.freiburg-schwarzwald.de\/blog\/2012\/07\/04\/althaus-garten-und-landschaftsbau-in-kirchzarten\/althaus-garten2012\/\" rel=\"attachment wp-att-6300\"><img loading=\"lazy\" decoding=\"async\" aria-describedby=\"caption-attachment-6300\" class=\"size-thumbnail wp-image-6300\" title=\"althaus-garten2012\" src=\"https:\/\/www.freiburg-schwarzwald.de\/blog\/wp-content\/uploads\/2012\/07\/althaus-garten2012-180x120.jpg\" alt=\"\" width=\"180\" height=\"120\" srcset=\"https:\/\/www.freiburg-schwarzwald.de\/blog\/wp-content\/uploads\/2012\/07\/althaus-garten2012-180x120.jpg 180w, https:\/\/www.freiburg-schwarzwald.de\/blog\/wp-content\/uploads\/2012\/07\/althaus-garten2012.jpg 639w\" sizes=\"auto, (max-width: 180px) 100vw, 180px\" \/><\/a><p id=\"caption-attachment-6300\" class=\"wp-caption-text\">Familienbetrieb \u201ealthaus Garten- und Landschaftsbau\u201c: Felicitas, Florina, R\u00fcdiger und Johanna Althaus (v.l.). Foto: Gerhard L\u00fcck<\/p><\/div>\n<p>R\u00fcdiger Althaus, der dank der kaufm\u00e4nnischen Unterst\u00fctzung von Ehefrau Felicitas und der Begeisterung der T\u00f6chter f\u00fcr Papas Mut gerne von einem \u201eechten Familienbetrieb\u201c spricht, blickt auf 25 Jahre berufliche Praxis im Garten- und Landschaftsbau, lange auch in f\u00fchrender Stellung, zur\u00fcck. Jetzt sei der Zeitpunkt gekommen, eine neue Herausforderung zu suchen. Mit seinem neuen Betrieb, in dem er bereits zwei Mitarbeiter eingestellt und die erste Baustelle abgeschlossen hat, will er das gesamte Spektrum von der Neuanlage \u00fcber Umgestaltungen bis hin zur regelm\u00e4\u00dfigen Pflege abdecken. Da geh\u00f6ren private G\u00e4rten ebenso zu wie \u00f6ffentliche Parkanlagen oder Gr\u00fcnfl\u00e4chen bei Gewerbebetrieben. \u201eIch entwickle nach dem Erstgespr\u00e4ch mit dem Kunden eine Konzeption\u201c, erkl\u00e4rt er im Pressegespr\u00e4ch, \u201emache ihm dann ein konkretes Angebot mit detaillierter Leistungsbeschreibung.\u201c Klar, dass er auch intensiv mit Architekten zusammenarbeitet. F\u00fcr die verschiedenen Arbeiten wie Anlage von G\u00e4rten, Wegen oder Mauern, Rasen- oder Heckenschnitte, Dachbegr\u00fcnungen oder Gro\u00dfholzschnitte steht dem jungen Betrieb ein sachgerechter Maschinenpark zur Verf\u00fcgung.<br \/>\nDie \u201ealthaus GmbH &amp; Co. KG\u201c ist in Zarten in den Aumatten 3 unter der Telefonnummer 07661 903887 zu finden. Die B\u00fcrokauffrau Felicitas Althaus, die T\u00f6chter Johanna und Florina sowie ein Anrufbeantworter nehmen Anfragen gerne an. Im Internet gibt es unter <a href=\"https:\/\/www.althaus-garten.de\">www.althaus-garten.de<\/a> \u00a0eine Visitenkarte.<br \/>\nGerhard L\u00fcck, <a href=\"https:\/\/www.dreisamtaeler.de\">www.dreisamtaeler.de<\/a><\/p>\n","protected":false},"excerpt":{"rendered":"<p>Kirchzarten-Zarten (gl\u00fc.) Da Regenschauer f\u00fcr das Wachstum in der Natur n\u00fctzlich sind, war es sicher ein gutes Omen, als es am Sonntagmorgen beim \u201eFr\u00fchst\u00fcck in unserem Garten\u201c, zu dem R\u00fcdiger und Felicitas Althaus Freunde und Kunden aus Anlass ihrer Gesch\u00e4ftser\u00f6ffnung &hellip; <a href=\"https:\/\/www.freiburg-schwarzwald.de\/blog\/althaus-garten-und-landschaftsbau-in-kirchzarten\/\">Weiterlesen <span class=\"meta-nav\">&rarr;<\/span><\/a><\/p>\n","protected":false},"author":2,"featured_media":0,"comment_status":"open","ping_status":"closed","sticky":false,"template":"","format":"standard","meta":{"footnotes":""},"categories":[140,22],"tags":[],"class_list":["post-6299","post","type-post","status-publish","format-standard","hentry","category-garten","category-handwerk"],"_links":{"self":[{"href":"https:\/\/www.freiburg-schwarzwald.de\/blog\/wp-json\/wp\/v2\/posts\/6299","targetHints":{"allow":["GET"]}}],"collection":[{"href":"https:\/\/www.freiburg-schwarzwald.de\/blog\/wp-json\/wp\/v2\/posts"}],"about":[{"href":"https:\/\/www.freiburg-schwarzwald.de\/blog\/wp-json\/wp\/v2\/types\/post"}],"author":[{"embeddable":true,"href":"https:\/\/www.freiburg-schwarzwald.de\/blog\/wp-json\/wp\/v2\/users\/2"}],"replies":[{"embeddable":true,"href":"https:\/\/www.freiburg-schwarzwald.de\/blog\/wp-json\/wp\/v2\/comments?post=6299"}],"version-history":[{"count":0,"href":"https:\/\/www.freiburg-schwarzwald.de\/blog\/wp-json\/wp\/v2\/posts\/6299\/revisions"}],"wp:attachment":[{"href":"https:\/\/www.freiburg-schwarzwald.de\/blog\/wp-json\/wp\/v2\/media?parent=6299"}],"wp:term":[{"taxonomy":"category","embeddable":true,"href":"https:\/\/www.freiburg-schwarzwald.de\/blog\/wp-json\/wp\/v2\/categories?post=6299"},{"taxonomy":"post_tag","embeddable":true,"href":"https:\/\/www.freiburg-schwarzwald.de\/blog\/wp-json\/wp\/v2\/tags?post=6299"}],"curies":[{"name":"wp","href":"https:\/\/api.w.org\/{rel}","templated":true}]}}