{"id":62988,"date":"2016-10-08T09:15:52","date_gmt":"2016-10-08T07:15:52","guid":{"rendered":"https:\/\/www.freiburg-schwarzwald.de\/blog\/?p=62988"},"modified":"2016-10-08T09:19:58","modified_gmt":"2016-10-08T07:19:58","slug":"dachgeschossausbau-in-fr","status":"publish","type":"post","link":"https:\/\/www.freiburg-schwarzwald.de\/blog\/dachgeschossausbau-in-fr\/","title":{"rendered":"Dachgeschossausbau in FR"},"content":{"rendered":"<p>Jeder will nach <a title=\"Stadtfreiburg\" href=\"https:\/\/www.freiburg-schwarzwald.de\/blog\/regio\/freiburg\/stadtfreiburg\/\">Freiburg<\/a>, Wohnungsknappheit und <a title=\"Vauban \u2013 Quartier in Freiburg \u2013 oekologisch, schoen und teurer wohnen\" href=\"https:\/\/www.freiburg-schwarzwald.de\/blog\/vauban-quartier-in-freiburg-oekologisch-schoen-und-teurer-wohnen\/\">Mieten<\/a> steigen. Das ist die eine Seite, die andere: Jeder, der \u00a0jetzt \u00a0<a title=\"Wohnen\" href=\"https:\/\/www.freiburg-schwarzwald.de\/blog\/business\/dienste\/immobilien\/wohnen\/\">Wohnraum<\/a> schaffen will, ist zun\u00e4chst der <a title=\"Wutbuerger\" href=\"https:\/\/www.freiburg-schwarzwald.de\/blog\/engagement\/wutbuerger\/\">B\u00f6se<\/a>: Die Kommune, wenn sie ein neues <a title=\"Quartier\" href=\"https:\/\/www.freiburg-schwarzwald.de\/blog\/business\/dienste\/immobilien\/quartier\/\">Quartier<\/a> (G\u00fcterbahnhof-Nord) oder gar einen neuen Stadtteil (<a title=\"Dietenbach-Stadtteil\" href=\"https:\/\/www.freiburg-schwarzwald.de\/blog\/regio\/freiburg\/dietenbach-stadtteil\/\">Dietenbach<\/a>) schaffen will; der Privatmann, wenn er in den Garten <a title=\"Nachverdichtung\" href=\"https:\/\/www.freiburg-schwarzwald.de\/blog\/business\/dienste\/immobilien\/nachverdichtung\/\">bauen<\/a> bzw. sein Haus aufstocken m\u00f6chte. <!--more-->.<br \/>\nAnders als bei unserer weit verstreuten Verwandtschaft in den USA: Da wird ein Neubauvorhaben zun\u00e4chst einmal begr\u00fc\u00dft und mit reichlich Tips versehen. Weder Neid, <a title=\"Dagegen\" href=\"https:\/\/www.freiburg-schwarzwald.de\/blog\/engagement\/dagegen\/\">Argwohn<\/a> bzw. <a title=\"Dagegen-Sein und Zeitgeist\" href=\"https:\/\/www.freiburg-schwarzwald.de\/blog\/dagegen-sein-und-zeitgeist\/\">H\u00e4me<\/a> noch Drohung per Rechtsanwalt.<br \/>\nIn Freiburg brauchen wir beides: Neubaugebiet wie <a title=\"Nachverdichtung\" href=\"https:\/\/www.freiburg-schwarzwald.de\/blog\/business\/dienste\/immobilien\/nachverdichtung\/\">Nachverdichtung<\/a>. Dr. L\u00f6ser von <a title=\"Ecotrinova\" href=\"https:\/\/www.freiburg-schwarzwald.de\/blog\/natur\/umwelt\/ecotrinova\/\">Ecotrinova<\/a> hat in einem kleinen Areal in Herdern Wohnraum f\u00fcr 1500 Menschen nachgewiesen, wenn man die \u00fcppigen Beh\u00f6rden-Parkpl\u00e4tze unter die Erde verbannt bzw. den \u00d6PNV f\u00f6rdert. ECOtrinova geht dabei von nur vierst\u00f6ckiger Bebauung aus mit Wohnbl\u00f6cken z.B. \u00e0 16 Wohnungen.<br \/>\n<a href=\"https:\/\/www.freiburg-schwarzwald.de\/blog\/wohnraum-statt-parkplatzorgie\/\">https:\/\/www.freiburg-schwarzwald.de\/blog\/wohnraum-statt-parkplatzorgie\/<\/a><\/p>\n<p>&nbsp;<\/p>\n<p><strong>Dachgescho\u00dfausbau nutzen &#8211; Aktion der Freie W\u00e4hler<\/strong><br \/>\nDie Wohnungsnot ist gro\u00df in Freiburg, zus\u00e4tzlicher Wohnraum wird dringend gebraucht. Die Fraktion der Freien W\u00e4hler will deshalb ein \u201eAktionsprogramm Dachausbau\u201c starten und schl\u00e4gt vor, dass alle mit dem Wohnungsbau befassten Akteure, also die Stadtverwaltung, Wohnungsbauunternehmen, Architektenkammer, Wohnbaugenossenschaften, die Freiburger Stadtbau, Handwerksinnungen, Haus- und Grundbesitzervereinigungen usw. Geld und Arbeitszeit investieren, um kurzfristig ein Dachausbau- und Dachaufstockungskataster f\u00fcr die Stadt Freiburg erstellen zu lassen!<br \/>\nUm aber den Fl\u00e4chenverbrauch und die Abholzung von W\u00e4ldern so gering wie m\u00f6glich zu halten, m\u00fcssen auch die brachliegenden Potentiale im Dachausbau ausgesch\u00f6pft werden. Momentan werden viele Dachgeschosse \u00fcberhaupt nicht oder nur als Abstellkammern genutzt, obwohl dieser Platz in wertvollen Wohnraum umgewandelt werden kann. Es k\u00f6nnten kurzfristig hunderte Wohnungen entstehen, ohne dass ein einziger Quadratmeter Grund und Boden zus\u00e4tzlich ben\u00f6tigt wird.<br \/>\nGleichzeitig m\u00fcssen die Genehmigungsverfahren f\u00fcr Dachausbauten und Aufstockungen so einfach und unb\u00fcrokratisch wie m\u00f6glich gestaltet werden. Konkrete Vorschl\u00e4ge zur Umsetzung w\u00e4re die Beauftragung eines externen Unternehmens zur Erstellung einer Liste aller potentiellen Dachfl\u00e4chen, die f\u00fcr einen Dachausbau oder eine Dachaufstockung geeignet sind. Parallel hierzu m\u00fcssen die Chancen und die F\u00f6rderm\u00f6glichkeiten zur D\u00e4mmung und zum Ausbau von Dachgeschossen beworben werden, um die Eigent\u00fcmer zu animieren, in den Bestand zu investieren.<br \/>\nNicht nur die Verwaltung, auch die sonstigen Akteure auf dem Wohnungsmarkt sollen sich aktiv, auch finanziell beteiligen. Immerhin werden sie auch von einem Erfolg des Programms profitieren. Die Kreishandwerkerschaft Freiburg h\u00e4lt das Aktionsprogramm f\u00fcr eine sinnvolle Initiative. Auch die Handwerkskammer Freiburg sieht Potential im Dachgeschossausbau und die meisten Fraktionen im Freiburger Gemeinderat unterst\u00fctzen unseren Vorschlag. Umso bedauerlicher, dass die Verwaltung bremst und den Standpunkt vertritt, dass die Potentiale f\u00fcr Nachverdichtung und Dachausbau weitgehend ausgenutzt seien. Dennoch hoffen wir, dass ein f\u00fcr November anberaumtes \u201eFraktionsgespr\u00e4ch Dachausbau\u201c, neuen Schwung und Bewegung in das Thema bringt, vor Allem aber zu zus\u00e4tzlichem Wohnraum f\u00fchrt.<br \/>\n7.7.2016, <a href=\"https:\/\/www.freiburg.de\/amtsblatt\">www.freiburg.de\/amtsblatt<\/a><br \/>\n<a href=\"https:\/\/www.freie-waehler-freiburg.de\">www.freie-waehler-freiburg.de<\/a><\/p>\n","protected":false},"excerpt":{"rendered":"<p>Jeder will nach Freiburg, Wohnungsknappheit und Mieten steigen. Das ist die eine Seite, die andere: Jeder, der \u00a0jetzt \u00a0Wohnraum schaffen will, ist zun\u00e4chst der B\u00f6se: Die Kommune, wenn sie ein neues Quartier (G\u00fcterbahnhof-Nord) oder gar einen neuen Stadtteil (Dietenbach) schaffen &hellip; <a href=\"https:\/\/www.freiburg-schwarzwald.de\/blog\/dachgeschossausbau-in-fr\/\">Weiterlesen <span class=\"meta-nav\">&rarr;<\/span><\/a><\/p>\n","protected":false},"author":2,"featured_media":0,"comment_status":"open","ping_status":"closed","sticky":false,"template":"","format":"standard","meta":{"footnotes":""},"categories":[36,49,22,90,9,91,172],"tags":[521,484,460,287,726,278],"class_list":["post-62988","post","type-post","status-publish","format-standard","hentry","category-engagement","category-freiburg","category-handwerk","category-immobilien","category-soziales","category-wohnen","category-zukunft","tag-family","tag-kommune","tag-miete","tag-neubau","tag-oeffentlicher-raum","tag-wohnungslos"],"_links":{"self":[{"href":"https:\/\/www.freiburg-schwarzwald.de\/blog\/wp-json\/wp\/v2\/posts\/62988","targetHints":{"allow":["GET"]}}],"collection":[{"href":"https:\/\/www.freiburg-schwarzwald.de\/blog\/wp-json\/wp\/v2\/posts"}],"about":[{"href":"https:\/\/www.freiburg-schwarzwald.de\/blog\/wp-json\/wp\/v2\/types\/post"}],"author":[{"embeddable":true,"href":"https:\/\/www.freiburg-schwarzwald.de\/blog\/wp-json\/wp\/v2\/users\/2"}],"replies":[{"embeddable":true,"href":"https:\/\/www.freiburg-schwarzwald.de\/blog\/wp-json\/wp\/v2\/comments?post=62988"}],"version-history":[{"count":0,"href":"https:\/\/www.freiburg-schwarzwald.de\/blog\/wp-json\/wp\/v2\/posts\/62988\/revisions"}],"wp:attachment":[{"href":"https:\/\/www.freiburg-schwarzwald.de\/blog\/wp-json\/wp\/v2\/media?parent=62988"}],"wp:term":[{"taxonomy":"category","embeddable":true,"href":"https:\/\/www.freiburg-schwarzwald.de\/blog\/wp-json\/wp\/v2\/categories?post=62988"},{"taxonomy":"post_tag","embeddable":true,"href":"https:\/\/www.freiburg-schwarzwald.de\/blog\/wp-json\/wp\/v2\/tags?post=62988"}],"curies":[{"name":"wp","href":"https:\/\/api.w.org\/{rel}","templated":true}]}}