{"id":6292,"date":"2012-07-04T18:51:40","date_gmt":"2012-07-04T18:51:40","guid":{"rendered":"https:\/\/www.freiburg-schwarzwald.de\/blog\/?p=6292"},"modified":"2012-07-04T19:59:44","modified_gmt":"2012-07-04T19:59:44","slug":"erster-jugend-kunstpreis-kirchzarten-an-sechs-kunstler-verliehen","status":"publish","type":"post","link":"https:\/\/www.freiburg-schwarzwald.de\/blog\/erster-jugend-kunstpreis-kirchzarten-an-sechs-kunstler-verliehen\/","title":{"rendered":"Erster Jugend-Kunstpreis Kirchzarten an sechs K\u00fcnstler verliehen"},"content":{"rendered":"<p>Im Fr\u00fchjahr stellte Dietmar Juninger, Chef des Medienunternehmens \u201ejumediaprint\u201c in Kirchzarten, pl\u00f6tzlich fest: \u201eBei uns gibt es keine Kunstpreise!\u201c Bei den Kunstschaffenden Ines Paegert und Harald Riesterer rannte er mit seiner Idee f\u00fcr den \u201e1. Jugendkunstpreis Kirchzarten\u201c offene T\u00fcren ein und fand in der Sparkasse Hochschwarzwald, der EWK, der Gemeinde Kirchzarten, beim Brillenatelier Helmut L\u2019Occaso sowie bei Helmut Butz und Stefan Lauble potente Sponsoren und Unterst\u00fctzer. In kurzer Zeit reagierten \u00fcber zwanzig junge<a title=\"Kunst\" href=\"https:\/\/www.freiburg-schwarzwald.de\/blog\/kultur\/kunst\/\"> K\u00fcnstler <\/a>aus dem Dreisamtal auf die Ausschreibung und gestalteten Werke der Malerei und Druckgrafik sowie Collagen und Zeichnungen. Jetzt fand in der Talvogtei die Preisverleihung statt, zu der Dietmar Junginger zahlreiche G\u00e4ste begr\u00fc\u00dfen konnte. <!--more-->Sein Dank galt nicht nur den Sponsoren, zu denen auch sein Unternehmen geh\u00f6rt, sondern auch Kunstlehrern verschiedener Schulen, die das Thema \u201eIn welcher Zukunft wollen wir leben?\u201c im Unterricht aufgriffen. B\u00fcrgermeister Andreas Hall zeigte sich von den Arbeiten begeistert und hoffte, dass die Bearbeitung des Themas zum Dialog beitrage.<br \/>\nInes Paegert stellte dann als Sprecherin der Jury, zu der auch Gaby Junginger, Harald Riesterer, Thomas Lefeldt und Heinz Dieter Metzger geh\u00f6rten, die Gewinner vor. Sie zeigte sich erfreut \u00fcber die vielf\u00e4ltigen Aspekte in den einzelnen Arbeiten. In den umgesetzten Ideen stecke eine Mahnung zum bewussten Umgang mit der Umwelt, Hoffnung und Sorge um Frieden und soziales Miteinander und Appelle an eine bl\u00fchende Zukunft. Es seien gelungene Collagen und Objekte, phantasievolle Zeichnungen und gemalte Bilder eingereicht worden. \u201eUm der Vielfalt der eingereichten Arbeiten eine geb\u00fchrende Resonanz zu verleihen\u201c, so Ines Paegert, \u201ewar sich die Jury bald einig, zwei erste, zwei zweite und zwei dritte Preise zu vergeben.\u201c Die ersten Preise im Wert von je 250 Euro gingen an Carina Mauer f\u00fcr ihr Objekt \u201eZukunft in zwei Welten\u201c und an Laura J\u00f6chle f\u00fcr ihre farbige Zeichnung \u201e2011-2111\u201c. Die zweiten Preise mit je 150 Euro erhielten Leona Haxhija f\u00fcr ihre Arbeit mit Pastellkreise auf Papier \u201eBl\u00fchende Zukunft\u201c und an Jenifer Tautz f\u00fcr Acryl auf Papier mit dem Titel \u201eDie zweite Renaissance\u201c. Und jeweils 100 Euro bekamen als Drittplatzierte Vanessa Gerber f\u00fcr ihre Collage \u201eHeute und Morgen\u201c und Eliane Straub f\u00fcr das Triptychon Acyrl auf Leinwand \u201eDie Natur ist unser gr\u00f6\u00dfter Schatz \u2013 der Wald der Zukunft 1-3\u201c.<\/p>\n<div id=\"attachment_6293\" style=\"width: 190px\" class=\"wp-caption alignnone\"><a href=\"https:\/\/www.freiburg-schwarzwald.de\/blog\/2012\/07\/04\/erster-jugend-kunstpreis-kirchzarten-an-sechs-kunstler-verliehen\/jugend-kunstpreis2012\/\" rel=\"attachment wp-att-6293\"><img loading=\"lazy\" decoding=\"async\" aria-describedby=\"caption-attachment-6293\" class=\"size-thumbnail wp-image-6293\" title=\"jugend-kunstpreis2012\" src=\"https:\/\/www.freiburg-schwarzwald.de\/blog\/wp-content\/uploads\/2012\/07\/jugend-kunstpreis2012-180x119.jpg\" alt=\"\" width=\"180\" height=\"119\" srcset=\"https:\/\/www.freiburg-schwarzwald.de\/blog\/wp-content\/uploads\/2012\/07\/jugend-kunstpreis2012-180x119.jpg 180w, https:\/\/www.freiburg-schwarzwald.de\/blog\/wp-content\/uploads\/2012\/07\/jugend-kunstpreis2012.jpg 640w\" sizes=\"auto, (max-width: 180px) 100vw, 180px\" \/><\/a><p id=\"caption-attachment-6293\" class=\"wp-caption-text\">Gewinnerinnen des \u201e1. Jugend-Kunstpreises Kirchzarten 2012\u201c: Leona Haxhija und Jenifer Tautz (2. Preis); Carina Mauer und Laura J\u00f6chle (1. Preis) sowie Elina Straub und Vanessa Gerber (3. Preis) (v.l.).<\/p><\/div>\n<p>Im November werden die Arbeiten des \u201e1. Jugend-Kunstpreises Kirchzarten 2012\u201c in einer Ausstellung in der Sparkasse Kirchzarten zu sehen sein. Dann wird Dietmar Junginger auch das Thema f\u00fcr den 2. Kunstpreis 2013 bekanntgeben.<br \/>\nGerhard L\u00fcck, <a href=\"https:\/\/www.dreisamtaeler.de\">www.dreisamtaeler.de<\/a><\/p>\n","protected":false},"excerpt":{"rendered":"<p>Im Fr\u00fchjahr stellte Dietmar Juninger, Chef des Medienunternehmens \u201ejumediaprint\u201c in Kirchzarten, pl\u00f6tzlich fest: \u201eBei uns gibt es keine Kunstpreise!\u201c Bei den Kunstschaffenden Ines Paegert und Harald Riesterer rannte er mit seiner Idee f\u00fcr den \u201e1. Jugendkunstpreis Kirchzarten\u201c offene T\u00fcren ein &hellip; <a href=\"https:\/\/www.freiburg-schwarzwald.de\/blog\/erster-jugend-kunstpreis-kirchzarten-an-sechs-kunstler-verliehen\/\">Weiterlesen <span class=\"meta-nav\">&rarr;<\/span><\/a><\/p>\n","protected":false},"author":2,"featured_media":0,"comment_status":"open","ping_status":"closed","sticky":false,"template":"","format":"standard","meta":{"footnotes":""},"categories":[60,119],"tags":[289],"class_list":["post-6292","post","type-post","status-publish","format-standard","hentry","category-jugend","category-kunst","tag-preis"],"_links":{"self":[{"href":"https:\/\/www.freiburg-schwarzwald.de\/blog\/wp-json\/wp\/v2\/posts\/6292","targetHints":{"allow":["GET"]}}],"collection":[{"href":"https:\/\/www.freiburg-schwarzwald.de\/blog\/wp-json\/wp\/v2\/posts"}],"about":[{"href":"https:\/\/www.freiburg-schwarzwald.de\/blog\/wp-json\/wp\/v2\/types\/post"}],"author":[{"embeddable":true,"href":"https:\/\/www.freiburg-schwarzwald.de\/blog\/wp-json\/wp\/v2\/users\/2"}],"replies":[{"embeddable":true,"href":"https:\/\/www.freiburg-schwarzwald.de\/blog\/wp-json\/wp\/v2\/comments?post=6292"}],"version-history":[{"count":0,"href":"https:\/\/www.freiburg-schwarzwald.de\/blog\/wp-json\/wp\/v2\/posts\/6292\/revisions"}],"wp:attachment":[{"href":"https:\/\/www.freiburg-schwarzwald.de\/blog\/wp-json\/wp\/v2\/media?parent=6292"}],"wp:term":[{"taxonomy":"category","embeddable":true,"href":"https:\/\/www.freiburg-schwarzwald.de\/blog\/wp-json\/wp\/v2\/categories?post=6292"},{"taxonomy":"post_tag","embeddable":true,"href":"https:\/\/www.freiburg-schwarzwald.de\/blog\/wp-json\/wp\/v2\/tags?post=6292"}],"curies":[{"name":"wp","href":"https:\/\/api.w.org\/{rel}","templated":true}]}}