{"id":62873,"date":"2016-09-30T11:48:25","date_gmt":"2016-09-30T09:48:25","guid":{"rendered":"https:\/\/www.freiburg-schwarzwald.de\/blog\/?p=62873"},"modified":"2016-09-30T11:50:37","modified_gmt":"2016-09-30T09:50:37","slug":"planeten-und-wasserweg-kaputt","status":"publish","type":"post","link":"https:\/\/www.freiburg-schwarzwald.de\/blog\/planeten-und-wasserweg-kaputt\/","title":{"rendered":"Planeten und Wasserweg kaputt"},"content":{"rendered":"<p>An der <a title=\"Dreisam\" href=\"https:\/\/www.freiburg-schwarzwald.de\/blog\/regio\/fluss\/dreisam\/\">Dreisam<\/a> zwischen <a title=\"Ebnet\" href=\"https:\/\/www.freiburg-schwarzwald.de\/blog\/regio\/freiburg\/ebnet\/\">Ebnet<\/a> und <a title=\"Sandfang\" href=\"https:\/\/www.freiburg-schwarzwald.de\/blog\/regio\/freiburg\/sandfang\/\">Sandfang<\/a> gibt es zwei interessante <a title=\"Lehrpfad\" href=\"https:\/\/www.freiburg-schwarzwald.de\/blog\/sport\/wandern\/lehrpfad\/\">Lehrpfade<\/a>: Der <a title=\"Wasser\" href=\"https:\/\/www.freiburg-schwarzwald.de\/blog\/natur\/wasser\/\">Wasser<\/a>weg und der <a title=\"Lehrpfad\" href=\"https:\/\/www.freiburg-schwarzwald.de\/blog\/sport\/wandern\/lehrpfad\/\">Planetenweg<\/a>. Nun wurde das &#8222;gibt&#8220; zum &#8222;gab&#8220;: Nachdem Vandalen die mit so viel <a title=\"Ehrenamt\" href=\"https:\/\/www.freiburg-schwarzwald.de\/blog\/engagement\/ehrenamt\/\">ehrenamtlichem<\/a> Engagement und <a title=\"Freiwillig\" href=\"https:\/\/www.freiburg-schwarzwald.de\/blog\/engagement\/freiwillig\/\">Liebe<\/a> gefertigten <a title=\"Bildung\" href=\"https:\/\/www.freiburg-schwarzwald.de\/blog\/bildung\/\">Schautafeln<\/a> immer wieder <a title=\"Vandalismus\" href=\"https:\/\/www.freiburg-schwarzwald.de\/blog\/selbsthilfe\/krise\/gewalt\/vandalismus\/\">sinnlos zerst\u00f6rten<\/a>, wurden die \u00fcbrig gebliebenen Reste abmontiert. Traurig.<!--more--><\/p>\n<p>.<br \/>\n&#8222;Das war ein wahnsinnig sch\u00f6nes Projekt damals&#8220;, so der Initiator und Ausbilder Armin Keller, der mit seinen Sch\u00fclern (zuk\u00fcnftige Gartenbauer, Maler, Metallarbeiter) in m\u00fchsamer Arbeit das Sonnensystem ma\u00dfstabsgenau nachgebildet und in acht Planetenmodellen GPS-exakt auf S\u00e4ulen am <a title=\"Dreisamuferweg\" href=\"https:\/\/www.freiburg-schwarzwald.de\/blog\/regio\/verkehr\/fahrradwege\/dreisamuferweg\/\">Dreisamuferweg<\/a> aufgestellt hatte. 12000 Euro wurden \u00fcber Spenden aufgebracht, dazu kamen die vielen vielen Stunden ehrenamtlicher T\u00fcftelei. Warum d\u00fcrfen <a title=\"Vandalismus\" href=\"https:\/\/www.freiburg-schwarzwald.de\/blog\/selbsthilfe\/krise\/gewalt\/vandalismus\/\">Vandalen<\/a> weiter ungestraft w\u00fcten?<\/p>\n<p><a href=\"https:\/\/www.freiburg-schwarzwald.de\/lehrpfad.htm#Planetenweg%20an der Dreisam in Freiburg\">https:\/\/www.freiburg-schwarzwald.de\/lehrpfad.htm#Planetenweg an der Dreisam in Freiburg<\/a><br \/>\n.<\/p>\n<p><strong>Badenova gibt den Wasserweg an der Dreisam auf<\/strong><br \/>\nDer Wasserweg an der Dreisam ist weg. Das Versorgungsunternehmen <a title=\"badenova\" href=\"https:\/\/www.freiburg-schwarzwald.de\/blog\/energie\/strom\/badenova\/\">Badenova<\/a> hat die Nase voll von st\u00e4ndigem Vandalismus und montiert die Infotafeln des Lehrwegs ab. Auch vom Planetenweg ist nicht mehr viel \u00fcbrig. &#8230;.Bis zu 7000 Euro im Jahr haben die Reparaturen am Wasserweg gekostet, sagte Yvonne Schweickhardt von Badenova am Dienstag. &#8222;Das geht auf keine Kuhhaut, da m\u00fcssen wir die Rei\u00dfleine ziehen.&#8220; &#8230;..<br \/>\nBeim Freiburger Planetenweg sieht es ebenfalls nicht gut aus. &#8230;.Drei Wochen nach der Er\u00f6ffnung im Oktober 2008 fehlten schon drei Planeten. &#8230; Wie und wann der Planetenweg repariert wird, stand damals noch in den Sternen. Jetzt ist klar: Das wird wohl nichts mehr. \u00a0&#8230;.<br \/>\nAlles vom 28.9.2016 auf<br \/>\n<a href=\"https:\/\/www.badische-zeitung.de\/freiburg\/badenova-gibt-den-wasserweg-an-der-dreisam-auf--127779209.html\">https:\/\/www.badische-zeitung.de\/freiburg\/badenova-gibt-den-wasserweg-an-der-dreisam-auf&#8211;127779209.html<\/a><\/p>\n<p><a href=\"https:\/\/www.freiburger-planetenweg.de\">https:\/\/www.freiburger-planetenweg.de<\/a><\/p>\n","protected":false},"excerpt":{"rendered":"<p>An der Dreisam zwischen Ebnet und Sandfang gibt es zwei interessante Lehrpfade: Der Wasserweg und der Planetenweg. Nun wurde das &#8222;gibt&#8220; zum &#8222;gab&#8220;: Nachdem Vandalen die mit so viel ehrenamtlichem Engagement und Liebe gefertigten Schautafeln immer wieder sinnlos zerst\u00f6rten, wurden &hellip; <a href=\"https:\/\/www.freiburg-schwarzwald.de\/blog\/planeten-und-wasserweg-kaputt\/\">Weiterlesen <span class=\"meta-nav\">&rarr;<\/span><\/a><\/p>\n","protected":false},"author":2,"featured_media":0,"comment_status":"open","ping_status":"closed","sticky":false,"template":"","format":"standard","meta":{"footnotes":""},"categories":[18,378,60,141,12,11,242],"tags":[117,717,208,732,585],"class_list":["post-62873","post","type-post","status-publish","format-standard","hentry","category-bildung","category-fluss","category-jugend","category-nachhaltigkeit","category-natur","category-regio","category-wasser","tag-dreisamuferweg","tag-ehrenamt","tag-ehrlichkeit","tag-gewalt","tag-schule"],"_links":{"self":[{"href":"https:\/\/www.freiburg-schwarzwald.de\/blog\/wp-json\/wp\/v2\/posts\/62873","targetHints":{"allow":["GET"]}}],"collection":[{"href":"https:\/\/www.freiburg-schwarzwald.de\/blog\/wp-json\/wp\/v2\/posts"}],"about":[{"href":"https:\/\/www.freiburg-schwarzwald.de\/blog\/wp-json\/wp\/v2\/types\/post"}],"author":[{"embeddable":true,"href":"https:\/\/www.freiburg-schwarzwald.de\/blog\/wp-json\/wp\/v2\/users\/2"}],"replies":[{"embeddable":true,"href":"https:\/\/www.freiburg-schwarzwald.de\/blog\/wp-json\/wp\/v2\/comments?post=62873"}],"version-history":[{"count":0,"href":"https:\/\/www.freiburg-schwarzwald.de\/blog\/wp-json\/wp\/v2\/posts\/62873\/revisions"}],"wp:attachment":[{"href":"https:\/\/www.freiburg-schwarzwald.de\/blog\/wp-json\/wp\/v2\/media?parent=62873"}],"wp:term":[{"taxonomy":"category","embeddable":true,"href":"https:\/\/www.freiburg-schwarzwald.de\/blog\/wp-json\/wp\/v2\/categories?post=62873"},{"taxonomy":"post_tag","embeddable":true,"href":"https:\/\/www.freiburg-schwarzwald.de\/blog\/wp-json\/wp\/v2\/tags?post=62873"}],"curies":[{"name":"wp","href":"https:\/\/api.w.org\/{rel}","templated":true}]}}