{"id":62860,"date":"2016-09-30T09:01:47","date_gmt":"2016-09-30T07:01:47","guid":{"rendered":"https:\/\/www.freiburg-schwarzwald.de\/blog\/?p=62860"},"modified":"2016-10-14T12:52:31","modified_gmt":"2016-10-14T10:52:31","slug":"graffiti-haus-wiehre-kunst","status":"publish","type":"post","link":"https:\/\/www.freiburg-schwarzwald.de\/blog\/graffiti-haus-wiehre-kunst\/","title":{"rendered":"Graffiti-Haus Wiehre &#8211; Kunst?"},"content":{"rendered":"<p>Das <a title=\"Denkmal\" href=\"https:\/\/www.freiburg-schwarzwald.de\/blog\/business\/dienste\/immobilien\/denkmal\/\">denkmalgesch\u00fctze<\/a> Eckhaus Kirch-\/Konradstrasse in der <a title=\"Wiehre\" href=\"https:\/\/www.freiburg-schwarzwald.de\/blog\/regio\/freiburg\/wiehre\/\">Wiehre<\/a> wurde vom <a title=\"Ehrenamtlicher Kampf gegen illegale Graffiti \u2013 Verein Sicheres Freiburg\" href=\"https:\/\/www.freiburg-schwarzwald.de\/blog\/ehrenamtlicher-kampf-gegen-illegale-graffiti-verein-sicheres-freiburg\/\">Graffiti<\/a>-K\u00fcnstler Tom Brane bemalt. Nach dem Malstop aufgrund einer anonymen Anzeige: Tagt\u00e4glich diskutieren <a title=\"Oeffentlicher-Raum\" href=\"https:\/\/www.freiburg-schwarzwald.de\/blog\/kultur\/oeffentlicher-raum\/\">B\u00fcrger<\/a> vor dem Haus. Presse und TV berichten. <a title=\"Kultur\" href=\"https:\/\/www.freiburg-schwarzwald.de\/blog\/kultur\/\">Kunst<\/a> hat, was Kunst ausmacht: <a title=\"Diskussionskultur\" href=\"https:\/\/www.freiburg-schwarzwald.de\/blog\/kultur\/medien\/diskussionskultur\/\">Diskussion<\/a>, kreativer Impuls, Protest, Auseinandersetzung, Eine Initiative f\u00fcr den Erhalt des gr\u00fcnen Gem\u00e4ldes hat am 29.9. bereits 800 <a title=\"Petitionen\" href=\"https:\/\/www.freiburg-schwarzwald.de\/blog\/kultur\/internet\/petitionen\/\">Unterschriften<\/a> gesammelt.<!--more--><br \/>\n. \u00a0.<br \/>\nStell Dir vor, es h\u00e4tte keine anonyme Anzeige incl. Malverbot gegeben und die Zeitungen h\u00e4tten nichts berichtet &#8211; die\u00a0gr\u00fcne Wandmalerei in der Kirchstrasse w\u00e4re kaum wahrgenommen worden. Nun aber wird an\u00a0der Strassenecke zur Konradstrasse diskutiert. Die Wiehremer sprechen miteinander, freundlich, lange, daf\u00fcr oder dagegen, voller Leidenschaft oder im Plauderton. Man hat pl\u00f6tzlich Zeit, die Meinung des anderen wahrzunehmen und mit ihm, dem Fremden, zu reden.\u00a0Ein bi\u00dfchen wie beim <a title=\"Pokemon\" href=\"https:\/\/www.freiburg-schwarzwald.de\/blog\/selbsthilfe\/sucht\/pokemon\/\">Pokemon<\/a>-Stop in der Herrenstrasse &#8211; nur gl\u00fccklicherweise ohne <a title=\"Smartphone\" href=\"https:\/\/www.freiburg-schwarzwald.de\/blog\/kultur\/medien\/smartphone\/\">Smartphone<\/a>.<\/p>\n<p>Kunst auf Lein- und Steinwand, Tom Brane,<br \/>\n<a href=\"https:\/\/www.tombrane.de\">www.tombrane.de<\/a> , <a href=\"mailto:tombrane@gmx.de\">tombrane@gmx.de<\/a><\/p>\n<p>Initiative f\u00fcr den Erhalt des Graffito:<br \/>\n<a href=\"mailto:MaxlTrommsdorff@gmail.com\">MaxlTrommsdorff@gmail.com<\/a>, Tel 0171\/4858850<\/p>\n<p>&nbsp;<\/p>\n<p><a href=\"https:\/\/www.freiburg-schwarzwald.de\/blog\/graffiti-haus-wiehre-kunst\/graffitihaus3kirchstrasse160929\/\" rel=\"attachment wp-att-62863\"><img loading=\"lazy\" decoding=\"async\" class=\"alignnone size-thumbnail wp-image-62863\" src=\"https:\/\/www.freiburg-schwarzwald.de\/blog\/wp-content\/uploads\/2016\/09\/graffitihaus3kirchstrasse160929-180x135.jpg\" alt=\"graffitihaus3kirchstrasse160929\" width=\"180\" height=\"135\" srcset=\"https:\/\/www.freiburg-schwarzwald.de\/blog\/wp-content\/uploads\/2016\/09\/graffitihaus3kirchstrasse160929-180x135.jpg 180w, https:\/\/www.freiburg-schwarzwald.de\/blog\/wp-content\/uploads\/2016\/09\/graffitihaus3kirchstrasse160929.jpg 640w\" sizes=\"auto, (max-width: 180px) 100vw, 180px\" \/><\/a>\u00a0 \u00a0 \u00a0 \u00a0 \u00a0\u00a0<a href=\"https:\/\/www.freiburg-schwarzwald.de\/blog\/graffiti-haus-wiehre-kunst\/graffitihaus2kirchstrasse160929\/\" rel=\"attachment wp-att-62864\"><img loading=\"lazy\" decoding=\"async\" class=\"alignnone size-thumbnail wp-image-62864\" src=\"https:\/\/www.freiburg-schwarzwald.de\/blog\/wp-content\/uploads\/2016\/09\/graffitihaus2kirchstrasse160929-135x180.jpg\" alt=\"graffitihaus2kirchstrasse160929\" width=\"135\" height=\"180\" srcset=\"https:\/\/www.freiburg-schwarzwald.de\/blog\/wp-content\/uploads\/2016\/09\/graffitihaus2kirchstrasse160929-135x180.jpg 135w, https:\/\/www.freiburg-schwarzwald.de\/blog\/wp-content\/uploads\/2016\/09\/graffitihaus2kirchstrasse160929.jpg 480w\" sizes=\"auto, (max-width: 135px) 100vw, 135px\" \/><\/a>\u00a0 \u00a0 \u00a0 \u00a0 \u00a0 \u00a0<a href=\"https:\/\/www.freiburg-schwarzwald.de\/blog\/graffiti-haus-wiehre-kunst\/graffitihaus1kirchstrasse160929\/\" rel=\"attachment wp-att-62865\"><img loading=\"lazy\" decoding=\"async\" class=\"alignnone size-thumbnail wp-image-62865\" src=\"https:\/\/www.freiburg-schwarzwald.de\/blog\/wp-content\/uploads\/2016\/09\/graffitihaus1kirchstrasse160929-180x135.jpg\" alt=\"graffitihaus1kirchstrasse160929\" width=\"180\" height=\"135\" srcset=\"https:\/\/www.freiburg-schwarzwald.de\/blog\/wp-content\/uploads\/2016\/09\/graffitihaus1kirchstrasse160929-180x135.jpg 180w, https:\/\/www.freiburg-schwarzwald.de\/blog\/wp-content\/uploads\/2016\/09\/graffitihaus1kirchstrasse160929.jpg 640w\" sizes=\"auto, (max-width: 180px) 100vw, 180px\" \/><\/a><br \/>\n(1) Tom Brane am 29.9.2016 \u00a0 \u00a0 \u00a0 \u00a0 \u00a0 \u00a0 \u00a0 \u00a0 \u00a0(2) &#8230; die Ente \u00a0 \u00a0 \u00a0 \u00a0 \u00a0 \u00a0 \u00a0 \u00a0 \u00a0 \u00a0 \u00a0 \u00a0 \u00a0 \u00a0 \u00a0 (3) Graffiti-Haus Kirchstrasse<\/p>\n<p>.<br \/>\n.<br \/>\n<strong>R\u00fcckendeckung f\u00fcrs Baurechtsamt in Sachen Graffitihaus<\/strong><br \/>\n&#8222;Die Wiehre lebt davon, dass sie ein programmatisch homogener Stadtteil ist&#8220;, sagt Angeli Janhsen, die der gemeinder\u00e4tlichen Kunstkommission vorsitzt. Deshalb k\u00f6nne nicht jeder sein Haus nach Belieben gestalten. &#8222;Das g\u00e4be eine Inflation an Individualismen.&#8220; &#8230;. Alles vom 29.9.2016 bitte lesen auf<br \/>\n<a href=\"https:\/\/www.badische-zeitung.de\/rueckendeckung-fuers-baurechtsamt-in-sachen-graffitihaus\">https:\/\/www.badische-zeitung.de\/rueckendeckung-fuers-baurechtsamt-in-sachen-graffitihaus<\/a><\/p>\n<p><strong>Wutb\u00fcrgertum contra Amtsschimmel?<\/strong><br \/>\nIch verstehe den ganzen Wirbel nicht. Aus meiner Sicht ist das &#8222;Kunstwerk&#8220; aus gestalterischer Sicht fragw\u00fcrdig und aus \u00e4stethischer Sicht in etwa so wertvoll wie eine Fototapete. Mir dr\u00e4ngt sich der Eindruck auf, dass das Wutb\u00fcrgertum sich mal wieder aufregen will \u00fcber den &#8222;Amtsschimmel&#8220;.<br \/>\nAuch das Argument &#8222;vorher war es noch h\u00e4\u00dflicher&#8220; zieht aus meiner Sicht nicht. Schlimm anzusehen sind beide Versionen&#8230;.<br \/>\n29.9.2016, Ria Herzog<\/p>\n<p>.<br \/>\n<strong>Warum ein Graffiti-K\u00fcnstler &#8230;<\/strong><br \/>\nHier an der Ecke Kirch-\/Konradstra\u00dfe entstand in den vergangenen zwei Wochen ein riesiges Gem\u00e4lde \u2013 eine ganze Hausfassade strahlt in gr\u00fcnen, blau, wei\u00dfen Naturmotiven. Ein wahrer Blumenteppich mit Wildtieren, Bl\u00fcten, Farnen und dar\u00fcber ein strahlend blauer Himmel. Doch diesen Anblick wird es nicht mehr lange geben: Das Graffito muss entfernt und die Hauswand neu \u00fcbermalt werden. Verantwortlich daf\u00fcr sei eine Entscheidung des Baurechtsamts, erz\u00e4hlt Brane entnervt. Das Amt habe diese Anweisung mit dem Denkmalschutz begr\u00fcndet, unter dem das Haus teilweise stehe. Eigentlicher Ausl\u00f6ser aber sei ein anonymer Einspruch eines Anwohners gewesen, der zuvor beim Amt eingegangen sei. &#8230; Alles vom 28.9.2016 bitte lesen auf<br \/>\n<a href=\"https:\/\/www.badische-zeitung.de\/freiburg\/warum-ein-graffiti-kuenstler-ein-haus-in-der-wiehre-nicht-fertig-bespruehen-darf--127784359.html\">https:\/\/www.badische-zeitung.de\/freiburg\/warum-ein-graffiti-kuenstler-ein-haus-in-der-wiehre-nicht-fertig-bespruehen-darf&#8211;127784359.html<\/a><\/p>\n<p><strong>Kunstwerk contra Sprayer?<\/strong><br \/>\nIch sch\u00e4tze mal die weniger talentierten Sprayer stehen schon in den Startl\u00f6chern und freuen sich auf die neue in Einheitsfarbe gestrichene Fassade. Da kommen dann Kraftausdr\u00fccke und diverse (verfassungsfeindlichen) Symbole auch wieder viel besser zur Geltung.<br \/>\nNormal m\u00fcsste die Stadt f\u00fcr dieses Kunstwerk dem K\u00fcnstler eine Belobigung aussprechen und ihm zumindest die Unkosten erstatten. Ein Bauherr, der seine Fassade so verziert haben wollte, m\u00fcsste wohl tief in die Tasche greifen. Ich hoffe Herr Brane findet in einer anderen Stadt dankbarere Beh\u00f6rden und der Artikel hat etwas Werbung f\u00fcr ihn gemacht.<br \/>\n28.9.2016, Markus Vonderstra\u00df<\/p>\n<p><strong>Denkmalschutz und &#8222;Denk mal&#8220;<\/strong><br \/>\n&#8230; in dem Wort &#8222;Denkmalschutz&#8220; sind auch die Worte &#8222;DENK MAL&#8220; enthalten.. &#8222;IM Denkmal&#8220; hat die Beh\u00f6rden erst mit der Nase draufgestossen, die h\u00e4ttens wohl in hundert Jahren nicht bemerkt. Der Petzer ist dann noch so feige und machts anonym. Dem Bericht nach zufolge hats jahrelang keinen interessiert, und pl\u00f6tzlich hektische Betriebsamkeit; letztlich muss es aber jemand gewesen sein, der Kenntnis davon haben muss, dass hier der Denkmalschutz eine Rolle spielt&#8230; naja, vielleicht verr\u00e4t sich dieser ja irgendwann, wenn er sich verplappert&#8230;<br \/>\nFassen wir mal zusammen &#8211; wenn das Geb\u00e4ude bunt ist, verst\u00f6sst das gegen Regeln des Denkmalschutzes? und wenns unifarben ist nicht ??? Hauptsache doch, wenn die Bausubstanz erhalten bleibt, doch halt &#8211; vielleicht wird bald festgestellt, dass das Geb\u00e4ude nicht erhalten werden und vielleicht sogar abgerissen werden muss.. aber erstmal STOPP, bis irgendwann in der Zukunft eine Entscheidung getroffen wird. Ich als Besitzer w\u00fcrde darauf dringen, dass UMGEHEND eine Entscheidung der Beh\u00f6rde f\u00e4llt..<br \/>\nIn Island gibts eine Elfenbeauftragte, die durch ihren Einspruch erwirken kann, dass eine Strasse um einen bestimmten Felsen herumgebaut werden muss, weil da angeblich Elfen wohnen.. und hier in Deutschland wird ein Baustopp erwirkt, weil ein &#8222;Fachmann&#8220; festgestellt hat, dass die schwarzbraunlila gefiederte Gelbbauchunke abgelaicht hat&#8230; man darf gespannt sein, wie in diesem Falle entschieden wird&#8230;<br \/>\nThomas Reinacher, 28.9.2016<\/p>\n<p>.<br \/>\n<strong>Kein Denkmal: Graffiti-Haus in der Wiehre kann bleiben<\/strong><br \/>\nDas Graffiti-Haus in der Wiehre ist gar kein Denkmal \u2013 und die Graffiti m\u00fcssen gar nicht entfernt werden. Diese \u00fcberraschende Neuigkeit teilte die Stadtverwaltung am Mittwoch mit. &#8230;\u00a0Alles vom 12.10.2016 auf<br \/>\n<a href=\"https:\/\/www.badische-zeitung.de\/freiburg\/kein-denkmal-graffiti-haus-in-der-wiehre-kann-bleiben--128524366.html\">https:\/\/www.badische-zeitung.de\/freiburg\/kein-denkmal-graffiti-haus-in-der-wiehre-kann-bleiben&#8211;128524366.html<\/a><br \/>\n<strong>Fauxpass am besten rasch vergessen<\/strong><br \/>\nStarke Ver\u00e4nderungen im Inneren? W\u00e4re dies \u00fcberhaupt erlaubt gewesen, im Sinne des Denmalschutzes? &#8211; H\u00e4tte man nicht, bevor man die Entfernung der Graffiti anordnet, eventuell die M\u00f6glichkeit gehabt, die jetzt stattgefundene Begehung zu machen? W\u00e4re nicht ganz so blamabel gewesen. K\u00f6nnte man nun nicht dieses Graffiti Haus zum Kunstwerk erkl\u00e4ren? Hoffentlich nicht, denn sonst beissen sich noch mehr Verordnungen und Paragrafen. Am besten wird sein, ganz still zu sein und zu hoffen, dass dieser Fauxpas bald vergessen ist.<br \/>\n12.10.2016, Michael Kirschner<br \/>\n.<br \/>\n<strong>Rechtsbeugung?<\/strong><br \/>\nIn der Freiburger Rechtswelt gibt es bekannterweise zwischen richtig und falsch immer noch eine sogenannte &#8222;badische L\u00f6sung&#8220;, die irgendwo zwischen faulen Kompromi\u00dfen, Vermeidung von Gesichtsverlust und Beamtenangst vor gerichtlichen Niederlagen angesiedelt ist, zuweilen zwar an Rechtsbeugung grenzt, aber manchmal (siehe Graffitihaus) im Sinne aller Beteiligten ist.<br \/>\nThomas Muschiol, 12.102016<\/p>\n","protected":false},"excerpt":{"rendered":"<p>Das denkmalgesch\u00fctze Eckhaus Kirch-\/Konradstrasse in der Wiehre wurde vom Graffiti-K\u00fcnstler Tom Brane bemalt. Nach dem Malstop aufgrund einer anonymen Anzeige: Tagt\u00e4glich diskutieren B\u00fcrger vor dem Haus. Presse und TV berichten. Kunst hat, was Kunst ausmacht: Diskussion, kreativer Impuls, Protest, Auseinandersetzung, &hellip; <a href=\"https:\/\/www.freiburg-schwarzwald.de\/blog\/graffiti-haus-wiehre-kunst\/\">Weiterlesen <span class=\"meta-nav\">&rarr;<\/span><\/a><\/p>\n","protected":false},"author":2,"featured_media":0,"comment_status":"open","ping_status":"closed","sticky":false,"template":"","format":"standard","meta":{"footnotes":""},"categories":[49,13,119,157,91],"tags":[557,194,392,301],"class_list":["post-62860","post","type-post","status-publish","format-standard","hentry","category-freiburg","category-kultur","category-kunst","category-oeffentlicher-raum","category-wohnen","tag-baustelle","tag-graffiti","tag-kleinkunst","tag-culture"],"_links":{"self":[{"href":"https:\/\/www.freiburg-schwarzwald.de\/blog\/wp-json\/wp\/v2\/posts\/62860","targetHints":{"allow":["GET"]}}],"collection":[{"href":"https:\/\/www.freiburg-schwarzwald.de\/blog\/wp-json\/wp\/v2\/posts"}],"about":[{"href":"https:\/\/www.freiburg-schwarzwald.de\/blog\/wp-json\/wp\/v2\/types\/post"}],"author":[{"embeddable":true,"href":"https:\/\/www.freiburg-schwarzwald.de\/blog\/wp-json\/wp\/v2\/users\/2"}],"replies":[{"embeddable":true,"href":"https:\/\/www.freiburg-schwarzwald.de\/blog\/wp-json\/wp\/v2\/comments?post=62860"}],"version-history":[{"count":0,"href":"https:\/\/www.freiburg-schwarzwald.de\/blog\/wp-json\/wp\/v2\/posts\/62860\/revisions"}],"wp:attachment":[{"href":"https:\/\/www.freiburg-schwarzwald.de\/blog\/wp-json\/wp\/v2\/media?parent=62860"}],"wp:term":[{"taxonomy":"category","embeddable":true,"href":"https:\/\/www.freiburg-schwarzwald.de\/blog\/wp-json\/wp\/v2\/categories?post=62860"},{"taxonomy":"post_tag","embeddable":true,"href":"https:\/\/www.freiburg-schwarzwald.de\/blog\/wp-json\/wp\/v2\/tags?post=62860"}],"curies":[{"name":"wp","href":"https:\/\/api.w.org\/{rel}","templated":true}]}}