{"id":62851,"date":"2016-09-26T10:46:39","date_gmt":"2016-09-26T08:46:39","guid":{"rendered":"https:\/\/www.freiburg-schwarzwald.de\/blog\/?p=62851"},"modified":"2016-10-08T09:06:33","modified_gmt":"2016-10-08T07:06:33","slug":"wohnungsnot-fr-studierende","status":"publish","type":"post","link":"https:\/\/www.freiburg-schwarzwald.de\/blog\/wohnungsnot-fr-studierende\/","title":{"rendered":"Wohnungsnot FR Studierende"},"content":{"rendered":"<p>Wie immer zu Beginn des <a title=\"Universitaet\" href=\"https:\/\/www.freiburg-schwarzwald.de\/blog\/bildung\/hochschulen\/universitaet\/\">Wintersemesters<\/a>, in diesem Jahr besonders <a title=\"Wohnungsnot \u2013 Neubau in FR\" href=\"https:\/\/www.freiburg-schwarzwald.de\/blog\/wohnungsnot-neubau-in-fr\/\">schlimm<\/a>: Die <a title=\"Wohnen\" href=\"https:\/\/www.freiburg-schwarzwald.de\/blog\/business\/dienste\/immobilien\/wohnen\/\">Wohnungsnot<\/a> f\u00fcr <a title=\"Wohnungsnot \u2013 nur bauen hilft\" href=\"https:\/\/www.freiburg-schwarzwald.de\/blog\/wohnungsnot-nur-bauen-hilft\/\">Studierende<\/a> in Freiburg. Da hilft auch Ironie kaum weiter: &#8222;Im Osten gibt es Gemeinden, da stehen seit Jahren tolle <a title=\"Immobilien\" href=\"https:\/\/www.freiburg-schwarzwald.de\/blog\/business\/dienste\/immobilien\/\">H\u00e4user<\/a> leer, keiner will sie. Man k\u00f6nnte doch die <a title=\"Hochschulen\" href=\"https:\/\/www.freiburg-schwarzwald.de\/blog\/bildung\/hochschulen\/\">Unis<\/a> dort bauen, w\u00fcrde den Osten verj\u00fcngen, vielleicht w\u00fcrde dann dort der eine oder andere wohnen bleiben, statt in den <a title=\"Vergreisung Landflucht bis 2030\" href=\"https:\/\/www.freiburg-schwarzwald.de\/blog\/vergreisung-landflucht-bis-2030\/\">\u00fcberf\u00fcllten St\u00e4dten<\/a>. <!--more-->Auch w\u00fcrden die Studenten dort sicher f\u00fcr Peace und gute Laune sorgen und die dortige Bev\u00f6lkerung vielleicht umerziehen zu solidarischen Gr\u00fcnen (wie man es in Freiburg gemacht hat). Ah, und H\u00e4user k\u00f6nnte man dort zuhauf besetzen. Dann w\u00e4r auch wieder mehr Ruhe nachts f\u00fcr geplagte Stadtbewohner und es g\u00e4be auch nicht mehr so laute Grillfeten, die den studierten Juristen \u00e4rgern&#8220; (Brigitte M\u00fcller in der BZ, s.u.).<br \/>\nWas tun gegen die studentische Wohnungsnot?<br \/>\n1) Bauen f\u00f6rdern: Neubau, Umbau, Sanierung.<br \/>\n2) Vermietung erleichtern (in der Heidelberger Weststadt &#8211; das Pendant in Freiburg ist die Wiehre &#8211; stehen \u00fcber 700 Zimmer leer, da die privaten Vermieter sich wegen der vielen Vorschriften nicht mehr getrauen, diese an Studenten zu vermieten). In Freiburg d\u00fcrfte es nicht anders sein.<br \/>\n3) Neue Wohnformen wie &#8222;Wohnen f\u00fcr Hilfe&#8220;, &#8222;WGs mit Behinderten&#8220;<\/p>\n<p><strong>Wohnungsnot f\u00fcr Studenten spitzt sich zu<\/strong><br \/>\n&#8222;Der Bedarf ist riesig&#8220;, sagte die Vize-Gesch\u00e4ftsf\u00fchrerin des Studierendenwerkes Freiburg, Renate Heyberger. In Freiburg sind rund 33 000 Studenten eingeschrieben; Wohnheimpl\u00e4tze gibt es 3860. Wartelisten f\u00fchrt das Studentenwerk nicht &#8211; wenn alle Wohnungen vergeben und danach unerwartet doch eine frei wird, &#8222;wird verlost&#8220;, sagte Heyberger. Schlimmstenfalls gibt es Notunterk\u00fcnfte mit Stockbetten f\u00fcr acht Euro pro Nacht. Die einzige L\u00f6sung w\u00e4re &#8222;bauen, bauen, bauen&#8220;, sagt sie. Preise f\u00fcr WG-Zimmer erh\u00f6hen sich auf durchschnittlich 436 Euro. &#8230;. Alles vom 26.9.2016 bitte lesen auf<br \/>\n<a href=\"https:\/\/www.badische-zeitung.de\/bleibe-dringend-gesucht-wohnungsnot-fuer-studenten-spitzt-sich-zu\">https:\/\/www.badische-zeitung.de\/bleibe-dringend-gesucht-wohnungsnot-fuer-studenten-spitzt-sich-zu<\/a><\/p>\n<p><strong>Wohnungsnot bei Studenten und Einheimischen<\/strong><br \/>\nVerstehe ich nicht. Hier werden doch massenhaft &#8222;Luxuswohnungen&#8220; f\u00fcr Studenten gebaut. In Z\u00e4hringen 3 Geb\u00e4ude, in der Habsburgerstra\u00dfe 1 gro\u00dfes Geb\u00e4ude &#8230; Ach, den Luxus k\u00f6nnen sich nicht alle leisten? Eure Armut kotzt mich an. Es ist besch\u00e4mend, dass Deutschland es nicht schafft bezahlbaren Wohnraum bereit zu stellen. Eine Gruppe scheint davon ausgeklammert zu sein (legale und illegale Fl\u00fcchtlingen). Und dann wird sich \u00fcber Wahlergebnisse gewundert. Auf der einen Seite wird Toleranz und N\u00e4chstenliebe Fremden gegen\u00fcber in \u00fcbertriebener Art und Weise gezeigt und oft auch nur aus Profilierungssucht vorget\u00e4uscht und auf der anderen Seite (bestehende Probleme der deutschen Bev\u00f6lkerung) wird die sozialkalte Schulter gezeigt. Das finde ich pervers und zutiefst asozial.<br \/>\n26.9.2016, Uwe Hahn, BO<\/p>\n<p><strong>Multi-Kulti-Student in Fl\u00fcchtlingserstaufnahme &#8211; gelebte Integration<\/strong><br \/>\nAls Multi-Kulti Student sollte man doch in die Erstaufnahme Einrichtungen des Landratsamtes einziehen k\u00f6nnen. Es wird doch schon geklagt, da\u00df die vorhandenen Container leer stehen. Das nenne ich gelebte Intergration und Empatie.<br \/>\n,26.9.2016,\u00a0olfgang Rothmann<\/p>\n<p><strong>Wohnungen f\u00fcr 3500 Fl\u00fcchtlinge gibt es<\/strong><br \/>\nWenn man aus dem Stand heraus wie in Freiburg geschehen Wohnungen f\u00fcr 3500 Fl\u00fcchtlinge bauen oder bereitstellen kann &#8211; wieso ist das nicht f\u00fcr finanziell ebenso schwache Studenten m\u00f6glich? Warum haben die nicht ebenso Anspruch auf Hilfe vom Staat beim Wohnen, Herr Salomon?<br \/>\n26.9.2016, Fabio Rossi<\/p>\n<p><strong>Die Vermieter von preiswerten Zimmern haben es immer schwerer<\/strong><br \/>\nWir vermieten in einem Wiehre-Altbau privaten Wohnraum an zehn Studierende. Preis deutlich unter dem im Artikel angegebenen Durchschnittspreis, alle Wohnungen sind in ordentlichem Zustand, Balkon, EBK etc.. Die Mieter sind gl\u00fccklich, bleiben auch entsprechend lange. Aber leicht macht es uns der Staat dabei wahrlich nicht: Es beginnt mit Kleinigkeiten der Stadt Freiburg. Es gibt keinen Parkausweis f\u00fcr unsere sporadischen Aufenthalte, um die Verwaltung, Instandhaltung, Anlieferungen etc. durchf\u00fchren zu k\u00f6nnen. F\u00fcr die uns selbst verbliebenen Zimmer im Haus sollen wir Zweitwohnungssteuer zahlen oder sie besser noch ebenfalls vermieten, obwohl wir die R\u00e4ume (nur) als B\u00fcro\/Werkstatt f\u00fcr die Verwaltung im Haus ben\u00f6tigen; &#8222;gewohnt&#8220; wird da jedenfalls nicht.<br \/>\nAuch auf Bundesebene kamen tolle \u00c4nderungen, z.B. d\u00fcrfen wir defekte Gasheizungen in den Altbauzimmern nicht mehr ersetzen, sonden m\u00fcssen dann nach ENEV neue Etagenthermen einbauen, obwohl die aktuellen Heizungen durchaus effizient betrieben werden (nach Verbrauch Stufe C oder D; mein eigenes Haus von 2006 aus Ytong mit angeblich supereffizienter Gasheizung und Hausl\u00fcftung mit W\u00e4rmer\u00fcckgewinnung etc. kommt bei realistischer Rechnung auch nur auf C). Dann noch die fast schon turnusm\u00e4\u00dfigen \u00c4nderungen im Mietrecht, die vor allem dem privaten Vermieter das Leben immer schwerer machen.<br \/>\nHilfen vom Staat braucht der kleine Vermieter also nicht zu erwarten, nur immer feste druff. Die Gr\u00f6\u00dfe vom Unm\u00fcssig haben wir halt auch nicht, da muss man dann halt zur\u00fcckstecken (z.B. https:\/\/bit.ly\/2d09z2o .\/. https:\/\/bit.ly\/2ddMSGb). Der Herr Mohlberg hat&#8217;s auch gemerkt und die privaten Vermieter offenbar schon abgeschrieben.<br \/>\nWarum genau machen wir den ganzen K\u00e4se also \u00fcberhaupt noch mit? Entkernt, luxussaniert und verkauft h\u00e4tten wir deutlich mehr von dem Haus und w\u00e4ren den \u00c4rger mit Instandhaltung, Vermietung und Verwaltung obendrein endg\u00fcltig los&#8230;<br \/>\n26.9.2016, Michael Keller<\/p>\n<p>.<br \/>\n<strong>Studenten wohnen mit Fl\u00fcchtlingen<\/strong>\u00a0<strong>&#8211; Integration<\/strong><br \/>\nJedes Jahr dasselbe Problem! Wenn bald wieder das Wintersemester beginnt, stellt man erstaunt und entsetzt fest, dass Wohnraum f\u00fcr die Studenten fehlt. Und, laut Bericht in der BZ, ist in keinem anderen Bundesland der Wohnungsmarkt so angespannt wie in Baden-W\u00fcrttemberg. Man werde wieder Notunterk\u00fcnfte errichten, sagt Frau Heyberger, die stellvertretende Gesch\u00e4ftsf\u00fchrerin des Studierendenwerkes.<br \/>\nWieso Notunterk\u00fcnfte f\u00fcr Studenten? Warum bringt man die Studenten nicht gemeinsam mit den Fl\u00fcchtlingen in den neuerbauten Fl\u00fcchtlingsh\u00e4usern in Kappel oder Merzhausen unter? W\u00e4re mein Vorschlag und wurde doch auch schon mal in einem Artikel in der BZ sowie vom Studierendenwerk in Erw\u00e4gung gezogen! Warum passiert nichts? Sind die b\u00fcrokratischen H\u00fcrden oder die Brandschutzvorschriften wieder mal so hoch?<br \/>\nDabei w\u00e4re das doch auch die Chance f\u00fcr die <a title=\"Integrieren\" href=\"https:\/\/www.freiburg-schwarzwald.de\/blog\/global\/integration\/integrieren\/\">Integration der Fl\u00fcchtlinge<\/a>. Junge studierende Menschen, die ja oftmals auch offener und vorurteilsfreier sind, zusammen mit den Menschen, die durch den brutalen Krieg in Syrien gezwungen wurden zu fl\u00fcchten, miteinander wohnen zu lassen. So w\u00e4re doch beiden Gruppen geholfen: den Fl\u00fcchtlingen und den Studenten.<br \/>\n1.10.2016, Elisabeth Mauthe, Freiburg<\/p>\n","protected":false},"excerpt":{"rendered":"<p>Wie immer zu Beginn des Wintersemesters, in diesem Jahr besonders schlimm: Die Wohnungsnot f\u00fcr Studierende in Freiburg. Da hilft auch Ironie kaum weiter: &#8222;Im Osten gibt es Gemeinden, da stehen seit Jahren tolle H\u00e4user leer, keiner will sie. Man k\u00f6nnte &hellip; <a href=\"https:\/\/www.freiburg-schwarzwald.de\/blog\/wohnungsnot-fr-studierende\/\">Weiterlesen <span class=\"meta-nav\">&rarr;<\/span><\/a><\/p>\n","protected":false},"author":2,"featured_media":0,"comment_status":"open","ping_status":"closed","sticky":false,"template":"","format":"standard","meta":{"footnotes":""},"categories":[49,267,90,60,157,91],"tags":[598,388,338,92,278],"class_list":["post-62851","post","type-post","status-publish","format-standard","hentry","category-freiburg","category-hochschulen","category-immobilien","category-jugend","category-oeffentlicher-raum","category-wohnen","tag-immo","tag-social","tag-uni","tag-wohnformen","tag-wohnungslos"],"_links":{"self":[{"href":"https:\/\/www.freiburg-schwarzwald.de\/blog\/wp-json\/wp\/v2\/posts\/62851","targetHints":{"allow":["GET"]}}],"collection":[{"href":"https:\/\/www.freiburg-schwarzwald.de\/blog\/wp-json\/wp\/v2\/posts"}],"about":[{"href":"https:\/\/www.freiburg-schwarzwald.de\/blog\/wp-json\/wp\/v2\/types\/post"}],"author":[{"embeddable":true,"href":"https:\/\/www.freiburg-schwarzwald.de\/blog\/wp-json\/wp\/v2\/users\/2"}],"replies":[{"embeddable":true,"href":"https:\/\/www.freiburg-schwarzwald.de\/blog\/wp-json\/wp\/v2\/comments?post=62851"}],"version-history":[{"count":0,"href":"https:\/\/www.freiburg-schwarzwald.de\/blog\/wp-json\/wp\/v2\/posts\/62851\/revisions"}],"wp:attachment":[{"href":"https:\/\/www.freiburg-schwarzwald.de\/blog\/wp-json\/wp\/v2\/media?parent=62851"}],"wp:term":[{"taxonomy":"category","embeddable":true,"href":"https:\/\/www.freiburg-schwarzwald.de\/blog\/wp-json\/wp\/v2\/categories?post=62851"},{"taxonomy":"post_tag","embeddable":true,"href":"https:\/\/www.freiburg-schwarzwald.de\/blog\/wp-json\/wp\/v2\/tags?post=62851"}],"curies":[{"name":"wp","href":"https:\/\/api.w.org\/{rel}","templated":true}]}}