{"id":62805,"date":"2016-09-23T21:32:22","date_gmt":"2016-09-23T19:32:22","guid":{"rendered":"https:\/\/www.freiburg-schwarzwald.de\/blog\/?p=62805"},"modified":"2016-09-23T21:32:22","modified_gmt":"2016-09-23T19:32:22","slug":"uwc-schule-kartaus-offenetuer","status":"publish","type":"post","link":"https:\/\/www.freiburg-schwarzwald.de\/blog\/uwc-schule-kartaus-offenetuer\/","title":{"rendered":"UWC Schule Kartaus OffeneTuer"},"content":{"rendered":"<p><a title=\"UWC-Freiburg\" href=\"https:\/\/www.freiburg-schwarzwald.de\/blog\/bildung\/schulen\/uwc-freiburg\/\">UWC Robert Bosch College<\/a> in der <a title=\"Kartaus\" href=\"https:\/\/www.freiburg-schwarzwald.de\/blog\/natur\/garten\/kartaus\/\">Kartaus<\/a>, n\u00f6rdlich der <a title=\"Dreisam-Renaturierung\" href=\"https:\/\/www.freiburg-schwarzwald.de\/blog\/regio\/fluss\/dreisam\/dreisam-renaturierung\/\">Dreisam<\/a> zwischen <a title=\"Sandfang\" href=\"https:\/\/www.freiburg-schwarzwald.de\/blog\/regio\/freiburg\/sandfang\/\">Sandfangbr\u00fccke<\/a> und <a title=\"Dreisamuferweg\" href=\"https:\/\/www.freiburg-schwarzwald.de\/blog\/regio\/verkehr\/fahrradwege\/dreisamuferweg\/\">Jugendherberg-Steg<\/a>, l\u00e4dt am 24. September 2016 zum &#8222;Tag der offenen T\u00fcr &amp; Herbstfest&#8220;, ein. Sch\u00fclerInnen werden zwischen 12 und 17 Uhr aus dem <a title=\"Bildungsplan\" href=\"https:\/\/www.freiburg-schwarzwald.de\/blog\/bildung\/bildungsplan\/\">Schulalltag<\/a> berichten, es gibt kulturelle Veranstaltungen rund um den <a title=\"Kartaus-Baustelle\" href=\"https:\/\/www.freiburg-schwarzwald.de\/blog\/bildung\/schulen\/uwc-freiburg\/kartaus-baustelle\/\">Campus<\/a> sowie internationale Gerichte. Programm auf\u00a0 <a href=\"https:\/\/www.uwcrobertboschcollege.de\">www.uwcrobertboschcollege.de<\/a><!--more--><\/p>\n<p>. \u00a0 \u00a0 .<br \/>\nEva-Maria Sch\u00fcle, <a title=\"Kartausgarten bietet alles \u2013 Obst, Gemuese, Heilkraeuter, Blumen\" href=\"https:\/\/www.freiburg-schwarzwald.de\/blog\/kartausgarten-bietet-alles-obst-gemuese-heilkraeuter-blumen\/\">Head Gardener<\/a> and Pedagogue, UWC Robert Bosch College, Kart\u00e4userstr. 119, 79104 Freiburg\/ Br., Tel.: +49 (0)761 70839500,\u00a0Robert Bosch College UWC GmbH, Freiburg i. Br.,<\/p>\n","protected":false},"excerpt":{"rendered":"<p>UWC Robert Bosch College in der Kartaus, n\u00f6rdlich der Dreisam zwischen Sandfangbr\u00fccke und Jugendherberg-Steg, l\u00e4dt am 24. September 2016 zum &#8222;Tag der offenen T\u00fcr &amp; Herbstfest&#8220;, ein. Sch\u00fclerInnen werden zwischen 12 und 17 Uhr aus dem Schulalltag berichten, es gibt &hellip; <a href=\"https:\/\/www.freiburg-schwarzwald.de\/blog\/uwc-schule-kartaus-offenetuer\/\">Weiterlesen <span class=\"meta-nav\">&rarr;<\/span><\/a><\/p>\n","protected":false},"author":2,"featured_media":0,"comment_status":"open","ping_status":"closed","sticky":false,"template":"","format":"standard","meta":{"footnotes":""},"categories":[379,36,49,140,249,60,95],"tags":[27,149,585,146],"class_list":["post-62805","post","type-post","status-publish","format-standard","hentry","category-dreisam","category-engagement","category-freiburg","category-garten","category-hock","category-jugend","category-schulen","tag-ausland","tag-kartaus","tag-schule","tag-schulgarten"],"_links":{"self":[{"href":"https:\/\/www.freiburg-schwarzwald.de\/blog\/wp-json\/wp\/v2\/posts\/62805","targetHints":{"allow":["GET"]}}],"collection":[{"href":"https:\/\/www.freiburg-schwarzwald.de\/blog\/wp-json\/wp\/v2\/posts"}],"about":[{"href":"https:\/\/www.freiburg-schwarzwald.de\/blog\/wp-json\/wp\/v2\/types\/post"}],"author":[{"embeddable":true,"href":"https:\/\/www.freiburg-schwarzwald.de\/blog\/wp-json\/wp\/v2\/users\/2"}],"replies":[{"embeddable":true,"href":"https:\/\/www.freiburg-schwarzwald.de\/blog\/wp-json\/wp\/v2\/comments?post=62805"}],"version-history":[{"count":0,"href":"https:\/\/www.freiburg-schwarzwald.de\/blog\/wp-json\/wp\/v2\/posts\/62805\/revisions"}],"wp:attachment":[{"href":"https:\/\/www.freiburg-schwarzwald.de\/blog\/wp-json\/wp\/v2\/media?parent=62805"}],"wp:term":[{"taxonomy":"category","embeddable":true,"href":"https:\/\/www.freiburg-schwarzwald.de\/blog\/wp-json\/wp\/v2\/categories?post=62805"},{"taxonomy":"post_tag","embeddable":true,"href":"https:\/\/www.freiburg-schwarzwald.de\/blog\/wp-json\/wp\/v2\/tags?post=62805"}],"curies":[{"name":"wp","href":"https:\/\/api.w.org\/{rel}","templated":true}]}}