{"id":62747,"date":"2016-09-16T07:12:50","date_gmt":"2016-09-16T05:12:50","guid":{"rendered":"https:\/\/www.freiburg-schwarzwald.de\/blog\/?p=62747"},"modified":"2016-09-16T13:27:20","modified_gmt":"2016-09-16T11:27:20","slug":"boris-palmer-und-die-gruenen","status":"publish","type":"post","link":"https:\/\/www.freiburg-schwarzwald.de\/blog\/boris-palmer-und-die-gruenen\/","title":{"rendered":"Boris Palmer und die Gruenen"},"content":{"rendered":"<p><a title=\"Palmer gegen Migrationspolitik\" href=\"https:\/\/www.freiburg-schwarzwald.de\/blog\/palmer-gegen-migrationspolitik\/\">Boris Palmer<\/a> hat&#8217;s schwer: Mit seinen Genen, die ihm vom Vater, dem <a title=\"Demokratie\" href=\"https:\/\/www.freiburg-schwarzwald.de\/blog\/engagement\/zukunft\/demokratie\/\">&#8222;Rebell vom Remstal&#8220;<\/a>, den <a title=\"Diskussionskultur\" href=\"https:\/\/www.freiburg-schwarzwald.de\/blog\/kultur\/medien\/diskussionskultur\/\">Querdenker<\/a> vererbt haben. Mit den <a title=\"Gruene\" href=\"https:\/\/www.freiburg-schwarzwald.de\/blog\/vereine\/partei\/gruene\/\">Gr\u00fcnen<\/a>, die als bequeme <a title=\"Gutmenschen\" href=\"https:\/\/www.freiburg-schwarzwald.de\/blog\/engagement\/gutmenschen\/\">Gutmenschen<\/a> das <a title=\"Opposition\" href=\"https:\/\/www.freiburg-schwarzwald.de\/blog\/engagement\/zukunft\/demokratie\/opposition\/\">Querdenken<\/a> ablehnen und Palmer den Wechsel zur <a title=\"AfD\" href=\"https:\/\/www.freiburg-schwarzwald.de\/blog\/vereine\/partei\/afd\/\">AfD<\/a> nahelegen. Mit der <a title=\"Migration-Maenner\" href=\"https:\/\/www.freiburg-schwarzwald.de\/blog\/global\/migration\/migration-maenner\/\">Masseneinwanderung<\/a> \u00fcber offene <a title=\"Kontrollierte-Grenzen\" href=\"https:\/\/www.freiburg-schwarzwald.de\/blog\/global\/migration\/kontrollierte-grenzen\/\">unkontrollierte<\/a> <a title=\"Grenzen\" href=\"https:\/\/www.freiburg-schwarzwald.de\/blog\/global\/eu\/grenzen\/\">Grenzen<\/a>: &#8222;Ich glaube indessen, dass wir es auf Dauer in dieser <a title=\"Groessenwahn\" href=\"https:\/\/www.freiburg-schwarzwald.de\/blog\/engagement\/zukunft\/groessenwahn\/\">Gro\u00dfz\u00fcgigkeit<\/a> nicht durchhalten k\u00f6nnen&#8220;. <!--more--><br \/>\nMit der <a title=\"Fluechtlinge-Kriminalitaet\" href=\"https:\/\/www.freiburg-schwarzwald.de\/blog\/global\/integration\/fluechtlinge-kriminalitaet\/\">Gewaltt\u00e4tigkeit<\/a> von Fl\u00fcchtlingen: &#8222;Es ist aber nicht zu leugnen, dass eine potenzielle Gewaltbedrohung durch einzelne Fl\u00fcchtlinge hier ein qualitativ anderes Problem f\u00fcr den Zusammenhalt unserer Gesellschaft stellt als eine solche durch Inl\u00e4nder mit einem verfestigten Aufenthaltsrecht.&#8220;<br \/>\nMit dem <a title=\"Volksislam\" href=\"https:\/\/www.freiburg-schwarzwald.de\/blog\/religion\/islam\/volksislam\/\">Volksislam<\/a> seines Chefs Kretschmann.<br \/>\nMit den T\u00fcbingern, die als ganz besondere Schwaben (sprich als &#8222;Gogen&#8220;, also geborene Besserwisser) es noch <a title=\"Wutbuerger\" href=\"https:\/\/www.freiburg-schwarzwald.de\/blog\/engagement\/wutbuerger\/\">besser wissen<\/a> wollen als ihr OB Palmer.<br \/>\n12.9.2016,<\/p>\n<p>\u201eNur ein Prozent der Asylbewerber werden nach dem Grundgesetz anerkannt. Kein Syrer erh\u00e4lt Asyl nach dem <a title=\"Grundgesetz\" href=\"https:\/\/www.freiburg-schwarzwald.de\/blog\/engagement\/zukunft\/demokratie\/grundgesetz\/\">Grundgesetz<\/a>. Nahezu alle erhalten subsidi\u00e4ren Schutz nach der Genfer Fl\u00fcchtlingskonvention. Und f\u00fcr diese kann ein Staat Grenzen setzen. Das nennt man <a title=\"Migration\" href=\"https:\/\/www.freiburg-schwarzwald.de\/blog\/global\/migration\/\">Kontingente<\/a>.\u201c Boris Palmer (Gr\u00fcne) am 3.9.2016<\/p>\n","protected":false},"excerpt":{"rendered":"<p>Boris Palmer hat&#8217;s schwer: Mit seinen Genen, die ihm vom Vater, dem &#8222;Rebell vom Remstal&#8220;, den Querdenker vererbt haben. Mit den Gr\u00fcnen, die als bequeme Gutmenschen das Querdenken ablehnen und Palmer den Wechsel zur AfD nahelegen. Mit der Masseneinwanderung \u00fcber &hellip; <a href=\"https:\/\/www.freiburg-schwarzwald.de\/blog\/boris-palmer-und-die-gruenen\/\">Weiterlesen <span class=\"meta-nav\">&rarr;<\/span><\/a><\/p>\n","protected":false},"author":2,"featured_media":0,"comment_status":"open","ping_status":"closed","sticky":false,"template":"","format":"standard","meta":{"footnotes":""},"categories":[36,172],"tags":[633,208,626,525],"class_list":["post-62747","post","type-post","status-publish","format-standard","hentry","category-engagement","category-zukunft","tag-demokratie","tag-ehrlichkeit","tag-partei","tag-politik"],"_links":{"self":[{"href":"https:\/\/www.freiburg-schwarzwald.de\/blog\/wp-json\/wp\/v2\/posts\/62747","targetHints":{"allow":["GET"]}}],"collection":[{"href":"https:\/\/www.freiburg-schwarzwald.de\/blog\/wp-json\/wp\/v2\/posts"}],"about":[{"href":"https:\/\/www.freiburg-schwarzwald.de\/blog\/wp-json\/wp\/v2\/types\/post"}],"author":[{"embeddable":true,"href":"https:\/\/www.freiburg-schwarzwald.de\/blog\/wp-json\/wp\/v2\/users\/2"}],"replies":[{"embeddable":true,"href":"https:\/\/www.freiburg-schwarzwald.de\/blog\/wp-json\/wp\/v2\/comments?post=62747"}],"version-history":[{"count":0,"href":"https:\/\/www.freiburg-schwarzwald.de\/blog\/wp-json\/wp\/v2\/posts\/62747\/revisions"}],"wp:attachment":[{"href":"https:\/\/www.freiburg-schwarzwald.de\/blog\/wp-json\/wp\/v2\/media?parent=62747"}],"wp:term":[{"taxonomy":"category","embeddable":true,"href":"https:\/\/www.freiburg-schwarzwald.de\/blog\/wp-json\/wp\/v2\/categories?post=62747"},{"taxonomy":"post_tag","embeddable":true,"href":"https:\/\/www.freiburg-schwarzwald.de\/blog\/wp-json\/wp\/v2\/tags?post=62747"}],"curies":[{"name":"wp","href":"https:\/\/api.w.org\/{rel}","templated":true}]}}