{"id":62671,"date":"2016-09-10T19:50:22","date_gmt":"2016-09-10T17:50:22","guid":{"rendered":"https:\/\/www.freiburg-schwarzwald.de\/blog\/?p=62671"},"modified":"2016-09-10T21:17:23","modified_gmt":"2016-09-10T19:17:23","slug":"abschiebung-verantwortung","status":"publish","type":"post","link":"https:\/\/www.freiburg-schwarzwald.de\/blog\/abschiebung-verantwortung\/","title":{"rendered":"Abschiebung &#8211; Verantwortung"},"content":{"rendered":"<p>Wir sind es inzwischen <a title=\"Nudging\" href=\"https:\/\/www.freiburg-schwarzwald.de\/blog\/engagement\/zukunft\/demokratie\/nudging\/\">gewohnt<\/a>, dass in der <a title=\"BZ\" href=\"https:\/\/www.freiburg-schwarzwald.de\/blog\/kultur\/medien\/zeitung\/bz\/\">BZ<\/a> regelm\u00e4\u00dfig umfangreiche, <a title=\"Gesinnungsethik\" href=\"https:\/\/www.freiburg-schwarzwald.de\/blog\/engagement\/zukunft\/demokratie\/gesinnungsethik\/\">Mitgef\u00fchl heischende Berichte<\/a> \u00fcber von <a title=\"Abschiebung\" href=\"https:\/\/www.freiburg-schwarzwald.de\/blog\/global\/integration\/abschiebung\/\">Abschiebung<\/a> bedrohte <a title=\"Fluechtlinge\" href=\"https:\/\/www.freiburg-schwarzwald.de\/blog\/global\/integration\/fluechtlinge\/\">Fl\u00fcchtlinge<\/a> erscheinen, die die <a title=\"Merkelismus\" href=\"https:\/\/www.freiburg-schwarzwald.de\/blog\/engagement\/zukunft\/demokratie\/merkelismus\/\">Unbilligkeit<\/a> solcher Aktionen im <a title=\"Political-Correctness\" href=\"https:\/\/www.freiburg-schwarzwald.de\/blog\/kultur\/medien\/political-correctness\/\">Einzelfall<\/a> breit thematisieren, aber die umfassendere <a title=\"Wir-schaffen-das\" href=\"https:\/\/www.freiburg-schwarzwald.de\/blog\/global\/migration\/wir-schaffen-das\/\">Problematik<\/a> einer gerechten <a title=\"Versorgungsmigration\" href=\"https:\/\/www.freiburg-schwarzwald.de\/blog\/global\/migration\/versorgungsmigration\/\">Fl\u00fcchtlingsversorgung<\/a> ausblenden. Dies ist offensichtlich auch im Fall der Familie Beqiri (<a title=\"Ohmenkapelle\" href=\"https:\/\/www.freiburg-schwarzwald.de\/blog\/religion\/kirchen\/kapellen\/ohmenkapelle\/\">St.M\u00e4rgen<\/a>) so. <!--more-->Aus dieser einseitigen Sicht ist es <a title=\"Gutmenschen\" href=\"https:\/\/www.freiburg-schwarzwald.de\/blog\/engagement\/gutmenschen\/\">einfach und emotional befriedigend<\/a>, die Aussetzung der als zu hart empfundenen Entscheidung zur Abschiebung zu fordern, ohne sich <a title=\"Diskussionskultur\" href=\"https:\/\/www.freiburg-schwarzwald.de\/blog\/kultur\/medien\/diskussionskultur\/\">die M\u00fche<\/a> zu machen, \u00fcber den Einzelfall hinaus zu denken.<\/p>\n<p>Die zu einer gerechten Behandlung aller vergleichbaren F\u00e4lle verpflichteten Beh\u00f6rden haben jedoch eine weitergehende Verantwortung, die oft nicht gesehen oder nicht zur Kenntnis genommen wird. Wie w\u00e4re es, wenn die Familie Beqiri \u2013 best\u00e4rkt und begleitet von ihrer Unterst\u00fctzergemeinde \u2013 ihren Dank an <a title=\"Deutschland\" href=\"https:\/\/www.freiburg-schwarzwald.de\/blog\/global\/deutschland\/\">Deutschland<\/a> f\u00fcr die Hilfe in der Not dadurch zum Ausdruck bringen w\u00fcrde, dass sie freiwillig ihren Platz f\u00fcr eine neu zu versorgende, <a title=\"Schleuser\" href=\"https:\/\/www.freiburg-schwarzwald.de\/blog\/global\/eu\/schleuser\/\">hilfsbed\u00fcrftigere Fl\u00fcchtlingsfamilie<\/a> frei machte? Hilfsbereitschaft ist schlie\u00dflich keine Einbahnstra\u00dfe.<br \/>\n11.9.2016, Dr. Peter Schopfer, Waldsee<\/p>\n<p><strong>Gut integrierter Familie droht die Abschiebung<\/strong><br \/>\nSchock f\u00fcr Familie und Gemeinde: Den Beqiris, einer in St. M\u00e4rgen gut integrierten Fl\u00fcchtlingsfamilie aus dem Kosovo, droht die Abschiebung. Ihr Asylantrag wurde abgelehnt, jetzt bleibt nur noch die Anrufung der H\u00e4rtefallkommission. &#8230;.. Alles vom 26.8.2016 bitte lesen auf<br \/>\n<a href=\"https:\/\/www.badische-zeitung.de\/st-maergen\/gut-integrierter-familie-droht-die-abschiebung--126574493.html\">https:\/\/www.badische-zeitung.de\/st-maergen\/gut-integrierter-familie-droht-die-abschiebung&#8211;126574493.html<\/a><\/p>\n","protected":false},"excerpt":{"rendered":"<p>Wir sind es inzwischen gewohnt, dass in der BZ regelm\u00e4\u00dfig umfangreiche, Mitgef\u00fchl heischende Berichte \u00fcber von Abschiebung bedrohte Fl\u00fcchtlinge erscheinen, die die Unbilligkeit solcher Aktionen im Einzelfall breit thematisieren, aber die umfassendere Problematik einer gerechten Fl\u00fcchtlingsversorgung ausblenden. Dies ist offensichtlich &hellip; <a href=\"https:\/\/www.freiburg-schwarzwald.de\/blog\/abschiebung-verantwortung\/\">Weiterlesen <span class=\"meta-nav\">&rarr;<\/span><\/a><\/p>\n","protected":false},"author":2,"featured_media":0,"comment_status":"open","ping_status":"closed","sticky":false,"template":"","format":"standard","meta":{"footnotes":""},"categories":[58,14,180,155,80,172],"tags":[633,577,725,622,712],"class_list":["post-62671","post","type-post","status-publish","format-standard","hentry","category-familie","category-global","category-hochschwarzwald","category-integration","category-medien","category-zukunft","tag-demokratie","tag-hilfe-2","tag-integration","tag-migration","tag-selbsthilfe"],"_links":{"self":[{"href":"https:\/\/www.freiburg-schwarzwald.de\/blog\/wp-json\/wp\/v2\/posts\/62671","targetHints":{"allow":["GET"]}}],"collection":[{"href":"https:\/\/www.freiburg-schwarzwald.de\/blog\/wp-json\/wp\/v2\/posts"}],"about":[{"href":"https:\/\/www.freiburg-schwarzwald.de\/blog\/wp-json\/wp\/v2\/types\/post"}],"author":[{"embeddable":true,"href":"https:\/\/www.freiburg-schwarzwald.de\/blog\/wp-json\/wp\/v2\/users\/2"}],"replies":[{"embeddable":true,"href":"https:\/\/www.freiburg-schwarzwald.de\/blog\/wp-json\/wp\/v2\/comments?post=62671"}],"version-history":[{"count":0,"href":"https:\/\/www.freiburg-schwarzwald.de\/blog\/wp-json\/wp\/v2\/posts\/62671\/revisions"}],"wp:attachment":[{"href":"https:\/\/www.freiburg-schwarzwald.de\/blog\/wp-json\/wp\/v2\/media?parent=62671"}],"wp:term":[{"taxonomy":"category","embeddable":true,"href":"https:\/\/www.freiburg-schwarzwald.de\/blog\/wp-json\/wp\/v2\/categories?post=62671"},{"taxonomy":"post_tag","embeddable":true,"href":"https:\/\/www.freiburg-schwarzwald.de\/blog\/wp-json\/wp\/v2\/tags?post=62671"}],"curies":[{"name":"wp","href":"https:\/\/api.w.org\/{rel}","templated":true}]}}