{"id":62444,"date":"2016-08-29T10:57:19","date_gmt":"2016-08-29T08:57:19","guid":{"rendered":"https:\/\/www.freiburg-schwarzwald.de\/blog\/?p=62444"},"modified":"2017-01-07T20:13:17","modified_gmt":"2017-01-07T19:13:17","slug":"zweiklassengesellschaft-obdach","status":"publish","type":"post","link":"https:\/\/www.freiburg-schwarzwald.de\/blog\/zweiklassengesellschaft-obdach\/","title":{"rendered":"Zweiklassengesellschaft Obdach"},"content":{"rendered":"<p>Haben wir eine\u00a0<a title=\"Leitkultur\" href=\"https:\/\/www.freiburg-schwarzwald.de\/blog\/kultur\/leitkultur\/\">Zweiklassengesellschaft<\/a>?\u00a0<a title=\"Obdachlos\" href=\"https:\/\/www.freiburg-schwarzwald.de\/blog\/selbsthilfe\/soziales\/obdachlos\/\">Obdachlose<\/a> Einheimische und <a title=\"Versorgungsmigration\" href=\"https:\/\/www.freiburg-schwarzwald.de\/blog\/global\/migration\/versorgungsmigration\/\">Fl\u00fcchtlinge<\/a>.\u00a0Zwischen Einheimischen und <a title=\"Einwanderungsland\" href=\"https:\/\/www.freiburg-schwarzwald.de\/blog\/engagement\/zukunft\/demokratie\/einwanderungsland\/\">Zuwanderern<\/a> machten die Verwaltungsmitarbeiter (der Stadt <a title=\"Bodensee\" href=\"https:\/\/www.freiburg-schwarzwald.de\/blog\/regio\/bodensee\/\">Friedrichshafen<\/a>) keinen <a title=\"Gleichheit\" href=\"https:\/\/www.freiburg-schwarzwald.de\/blog\/engagement\/zukunft\/demokratie\/gleichheit\/\">Unterschied<\/a>. Wie ein Deutscher ohne Wohnsitz sollte auch der <a title=\"UMF\" href=\"https:\/\/www.freiburg-schwarzwald.de\/blog\/global\/integration\/umf\/\">junge Gambier<\/a> in das <a title=\"Armut\" href=\"https:\/\/www.freiburg-schwarzwald.de\/blog\/selbsthilfe\/soziales\/armut\/\">Obdachlosenheim<\/a> im Wachirweg einziehen. <a title=\"Fluechtlingshelfer\" href=\"https:\/\/www.freiburg-schwarzwald.de\/blog\/global\/integration\/fluechtlingshelfer\/\">Sabine Wuermeling<\/a> begleitete ihn und war dort \u00fcber die Zust\u00e4nde so entsetzt, <!--more-->dass sie den <a title=\"Migration-Paradoxon\" href=\"https:\/\/www.freiburg-schwarzwald.de\/blog\/global\/migration\/migration-paradoxon\/\">jungen Mann<\/a> nicht dort einziehen lassen konnte, sondern ihn stattdessen <a title=\"Fluechtlingsaktivisten\" href=\"https:\/\/www.freiburg-schwarzwald.de\/blog\/global\/migration\/fluechtlingsaktivisten\/\">zu sich nach Hause<\/a> nahm. Zum Obdachlosenheim schrieb sie in ihrem Brief: Der Allgemeinzustand des Hauses sei \u201eein Armutszeugnis\u201c, \u201eeine Situation, die f\u00fcr einen 18 Jahre alten Gambier, der durch die <a title=\"Migranten-Fluechtlinge\" href=\"https:\/\/www.freiburg-schwarzwald.de\/blog\/global\/migration\/migranten-fluechtlinge\/\">Flucht<\/a> und die damit verbundenen Gr\u00e4uel zutiefst traumatisiert wurde, nicht tragbar ist.\u201c Deshalb fordert die \u201eFl\u00fcchtlingshelferin\u201c eine andere L\u00f6sung f\u00fcr ihren Sch\u00fctzling. Ihren Brief an den B\u00fcrgermeister leitete Frau Wuermeling mit nichts geringerem ein, als dem <a title=\"Grundgesetz\" href=\"https:\/\/www.freiburg-schwarzwald.de\/blog\/engagement\/zukunft\/demokratie\/grundgesetz\/\">Grundgesetzzitat<\/a> \u201e<em>Die W\u00fcrde des Menschen ist unantastbar<\/em>\u201c. Wenn das Obdachlosenheim als Quartier aber die W\u00fcrde des jungen Gambiers verletzt, ist es dann nicht auch f\u00fcr deutsche Obdachlose menschenunw\u00fcrdig? Es gibt doch keine unterschiedliche Menschenw\u00fcrde f\u00fcr Deutsche und Zuwanderer, oder? &#8230;. &lt;<br \/>\nAlles vom 25.8.2016 bitte lesen auf<br \/>\n<a href=\"https:\/\/www.achgut.com\/artikel\/obdachlose_1._und_2.klasse\">https:\/\/www.achgut.com\/artikel\/obdachlose_1._und_2.klasse<\/a><\/p>\n<p>Die Scheinheiligkeit der selbsternannten <a title=\"Gutmenschen\" href=\"https:\/\/www.freiburg-schwarzwald.de\/blog\/engagement\/gutmenschen\/\">Gutmenschen<\/a> ist grenzenlos. Ein obdachloser Deutscher ist ein Asozialer, ein Versager, schlicht ein Penner.<br \/>\nDagegen ein obdachloser \u201cFl\u00fcchtling\u201d ist die ersehnte Fachkraft, die Zukunft des Landes. Es ist also logisch, dass er besser behandelt werden muss, als ein deutscher Penner.<br \/>\nJ.Becker, 25.8.2016, AO<\/p>\n<p><strong>Fl\u00fcchtling als Obdachloser dreimal so viel wert wie Deutscher als Obdachloser?<\/strong><br \/>\nDiese Geschichte ist unfa\u00dfbar und zugleich typisch f\u00fcr den Irrsinn unserer Gesellschaft im Jahr 2016. Es gibt eine Zweiklassengesellschaft von Opfern und aus dem deutschen Prekariat zu stammen ist ein doppelter Standortnachteil. &#8230;.. Ich habe in N\u00fcrnberg einen Bekannten, der ein Obdachlosenheim betreibt (24 Betten). Er bekommt f\u00fcr die \u00dcbernachtung eines (deutschen) Obdachlosen pro Nacht von der Stadt N\u00fcrnberg 9,80 \u20ac. Ein obdachloser Migrant wird von der Stadt N\u00fcrnberg mit 28,90 bis 35,90 \u20ac \u201cbedacht\u201d. Ist das nicht nachdenkenswert?<br \/>\nRolf Krahmer, AO<\/p>\n","protected":false},"excerpt":{"rendered":"<p>Haben wir eine\u00a0Zweiklassengesellschaft?\u00a0Obdachlose Einheimische und Fl\u00fcchtlinge.\u00a0Zwischen Einheimischen und Zuwanderern machten die Verwaltungsmitarbeiter (der Stadt Friedrichshafen) keinen Unterschied. Wie ein Deutscher ohne Wohnsitz sollte auch der junge Gambier in das Obdachlosenheim im Wachirweg einziehen. Sabine Wuermeling begleitete ihn und war dort &hellip; <a href=\"https:\/\/www.freiburg-schwarzwald.de\/blog\/zweiklassengesellschaft-obdach\/\">Weiterlesen <span class=\"meta-nav\">&rarr;<\/span><\/a><\/p>\n","protected":false},"author":2,"featured_media":0,"comment_status":"open","ping_status":"closed","sticky":false,"template":"","format":"standard","meta":{"footnotes":""},"categories":[104,60,11,9,91],"tags":[654,725,622,251,388,278],"class_list":["post-62444","post","type-post","status-publish","format-standard","hentry","category-hilfe","category-jugend","category-regio","category-soziales","category-wohnen","tag-arm","tag-integration","tag-migration","tag-obdachlos","tag-social","tag-wohnungslos"],"_links":{"self":[{"href":"https:\/\/www.freiburg-schwarzwald.de\/blog\/wp-json\/wp\/v2\/posts\/62444","targetHints":{"allow":["GET"]}}],"collection":[{"href":"https:\/\/www.freiburg-schwarzwald.de\/blog\/wp-json\/wp\/v2\/posts"}],"about":[{"href":"https:\/\/www.freiburg-schwarzwald.de\/blog\/wp-json\/wp\/v2\/types\/post"}],"author":[{"embeddable":true,"href":"https:\/\/www.freiburg-schwarzwald.de\/blog\/wp-json\/wp\/v2\/users\/2"}],"replies":[{"embeddable":true,"href":"https:\/\/www.freiburg-schwarzwald.de\/blog\/wp-json\/wp\/v2\/comments?post=62444"}],"version-history":[{"count":0,"href":"https:\/\/www.freiburg-schwarzwald.de\/blog\/wp-json\/wp\/v2\/posts\/62444\/revisions"}],"wp:attachment":[{"href":"https:\/\/www.freiburg-schwarzwald.de\/blog\/wp-json\/wp\/v2\/media?parent=62444"}],"wp:term":[{"taxonomy":"category","embeddable":true,"href":"https:\/\/www.freiburg-schwarzwald.de\/blog\/wp-json\/wp\/v2\/categories?post=62444"},{"taxonomy":"post_tag","embeddable":true,"href":"https:\/\/www.freiburg-schwarzwald.de\/blog\/wp-json\/wp\/v2\/tags?post=62444"}],"curies":[{"name":"wp","href":"https:\/\/api.w.org\/{rel}","templated":true}]}}