{"id":62325,"date":"2016-08-18T12:50:56","date_gmt":"2016-08-18T10:50:56","guid":{"rendered":"https:\/\/www.freiburg-schwarzwald.de\/blog\/?p=62325"},"modified":"2018-09-01T10:53:20","modified_gmt":"2018-09-01T08:53:20","slug":"muenster-turmhelm-geruestfrei","status":"publish","type":"post","link":"https:\/\/www.freiburg-schwarzwald.de\/blog\/muenster-turmhelm-geruestfrei\/","title":{"rendered":"Muenster Turmhelm geruestfrei"},"content":{"rendered":"<p>Am 18. Juli 2016 startete die <a title=\"M\u00fcnsterturm FR \u2013 Ger\u00fcstabbau\" href=\"https:\/\/www.freiburg-schwarzwald.de\/blog\/muensterturm-fr-geruestabbau\/\">Umbauaktion<\/a> des Ger\u00fcsts am <a title=\"Muensterturm\" href=\"https:\/\/www.freiburg-schwarzwald.de\/blog\/religion\/kirchen\/muenster\/muensterturm\/\">Turmhelm<\/a> des <a title=\"Freiburg\" href=\"https:\/\/www.freiburg-schwarzwald.de\/blog\/regio\/freiburg\/\">Freiburger<\/a> <a title=\"Muenster\" href=\"https:\/\/www.freiburg-schwarzwald.de\/blog\/religion\/kirchen\/muenster\/\">M\u00fcnsters<\/a> und sollte eigentlich bis 31. August dauern. Unter anderem dank des sch\u00f6nen Wetters konnten die Arbeiten fr\u00fcher beendet werden. Ab Freitag, 19. August, findet der M\u00fcnstermarkt wieder <a title=\"Oeffentlicher-Raum\" href=\"https:\/\/www.freiburg-schwarzwald.de\/blog\/kultur\/oeffentlicher-raum\/\">wie gewohnt<\/a> statt, auch f\u00fcr M\u00fcnster- und M\u00fcnsterturmbesucher sowie Anwohner sind alle Einschr\u00e4nkungen (<a title=\"Muensterwurst\" href=\"https:\/\/www.freiburg-schwarzwald.de\/blog\/business\/markt\/muensterwurst\/\">M\u00fcnsterwurst<\/a>) ab Freitag behoben.<!--more--><br \/>\n.<br \/>\nAm heutigen Donnerstag wird nach Ende des <a title=\"Muenstermarkt\" href=\"https:\/\/www.freiburg-schwarzwald.de\/blog\/business\/markt\/muenstermarkt\/\">M\u00fcnstermarkts<\/a> der Bauzaun, welcher die Sicherheitszone um den M\u00fcnsterturm im Radius von 30 Metern markierte, abgebaut. Somit k\u00f6nnen sich am Freitag wieder alle wie gewohnt rund um den <a title=\"Muensterplatz\" href=\"https:\/\/www.freiburg-schwarzwald.de\/blog\/regio\/freiburg\/muensterplatz\/\">M\u00fcnsterplatz<\/a> bewegen: Die Marktbeschicker k\u00f6nnen an ihre Stammpl\u00e4tze zur\u00fcck, die Anwohner ihre gewohnten Wege fahren und M\u00fcnsterbesucher die Kathedrale auch durch das Hauptportal betreten.<br \/>\n\u201eNat\u00fcrlich hat uns das sonnige und windarme Wetter der letzten Wochen in die Karten gespielt\u201c, berichtet Thomas Laubscher, Betriebsleiter des f\u00fcr die Bauma\u00dfnahme verantwortlichen M\u00fcnsterbauvereins. Er f\u00fcgt hinzu, dass das vorzeitige Ende der Arbeiten auch \u201edem eingespielten Team aus Ger\u00fcstbauern und Steinmetzen der <a title=\"Muensterbauhuette\" href=\"https:\/\/www.freiburg-schwarzwald.de\/blog\/religion\/kirchen\/muenster\/muensterbauhuette\/\">Bauh\u00fctte<\/a>\u201c zu verdanken ist.<br \/>\nAllen Betroffenen, insbesondere den Marktbeschickern, Gesch\u00e4ftsleuten vom M\u00fcnsterplatz und den Anwohnern m\u00f6chte Laubscher im Namen des M\u00fcnsterbauvereins f\u00fcr ihre Geduld danken \u2013 \u201ewir wissen, dass solche Ma\u00dfnahmen extrem in den Alltag der Betroffenen eingreifen, sie sind aber f\u00fcr die Sicherheit aller unumg\u00e4nglich\u201c.\u00a0Im Zuge des Umbaus wurde das Ger\u00fcst um zw\u00f6lf Meter verkleinert und endet jetzt in einer H\u00f6he von 82 Metern. Daf\u00fcr wurden unter anderem\u00a0fast 140 laufende Meter Eisentr\u00e4ger mit einem Gewicht von rund f\u00fcnf Tonnen entfernt.<br \/>\n18.8.2016, <a title=\"Muensterbauverein\" href=\"https:\/\/www.freiburg-schwarzwald.de\/blog\/religion\/kirchen\/muenster\/muensterbauverein\/\">M\u00fcnsterbauverein Freiburg<\/a><\/p>\n","protected":false},"excerpt":{"rendered":"<p>Am 18. Juli 2016 startete die Umbauaktion des Ger\u00fcsts am Turmhelm des Freiburger M\u00fcnsters und sollte eigentlich bis 31. August dauern. Unter anderem dank des sch\u00f6nen Wetters konnten die Arbeiten fr\u00fcher beendet werden. Ab Freitag, 19. August, findet der M\u00fcnstermarkt &hellip; <a href=\"https:\/\/www.freiburg-schwarzwald.de\/blog\/muenster-turmhelm-geruestfrei\/\">Weiterlesen <span class=\"meta-nav\">&rarr;<\/span><\/a><\/p>\n","protected":false},"author":2,"featured_media":0,"comment_status":"open","ping_status":"closed","sticky":false,"template":"","format":"standard","meta":{"footnotes":""},"categories":[49,427,491,157],"tags":[557,503,739,480,223],"class_list":["post-62325","post","type-post","status-publish","format-standard","hentry","category-freiburg","category-markt","category-muenster-kirchen","category-oeffentlicher-raum","tag-baustelle","tag-church","tag-markt","tag-munster","tag-munsterturm"],"_links":{"self":[{"href":"https:\/\/www.freiburg-schwarzwald.de\/blog\/wp-json\/wp\/v2\/posts\/62325","targetHints":{"allow":["GET"]}}],"collection":[{"href":"https:\/\/www.freiburg-schwarzwald.de\/blog\/wp-json\/wp\/v2\/posts"}],"about":[{"href":"https:\/\/www.freiburg-schwarzwald.de\/blog\/wp-json\/wp\/v2\/types\/post"}],"author":[{"embeddable":true,"href":"https:\/\/www.freiburg-schwarzwald.de\/blog\/wp-json\/wp\/v2\/users\/2"}],"replies":[{"embeddable":true,"href":"https:\/\/www.freiburg-schwarzwald.de\/blog\/wp-json\/wp\/v2\/comments?post=62325"}],"version-history":[{"count":0,"href":"https:\/\/www.freiburg-schwarzwald.de\/blog\/wp-json\/wp\/v2\/posts\/62325\/revisions"}],"wp:attachment":[{"href":"https:\/\/www.freiburg-schwarzwald.de\/blog\/wp-json\/wp\/v2\/media?parent=62325"}],"wp:term":[{"taxonomy":"category","embeddable":true,"href":"https:\/\/www.freiburg-schwarzwald.de\/blog\/wp-json\/wp\/v2\/categories?post=62325"},{"taxonomy":"post_tag","embeddable":true,"href":"https:\/\/www.freiburg-schwarzwald.de\/blog\/wp-json\/wp\/v2\/tags?post=62325"}],"curies":[{"name":"wp","href":"https:\/\/api.w.org\/{rel}","templated":true}]}}