{"id":62045,"date":"2016-08-03T12:05:59","date_gmt":"2016-08-03T10:05:59","guid":{"rendered":"https:\/\/www.freiburg-schwarzwald.de\/blog\/?p=62045"},"modified":"2016-08-09T21:02:19","modified_gmt":"2016-08-09T19:02:19","slug":"papst-relativiert-islam-gewalt","status":"publish","type":"post","link":"https:\/\/www.freiburg-schwarzwald.de\/blog\/papst-relativiert-islam-gewalt\/","title":{"rendered":"Papst relativiert Islam-Gewalt"},"content":{"rendered":"<p>Die <a title=\"Katholisch\" href=\"https:\/\/www.freiburg-schwarzwald.de\/blog\/religion\/katholisch\/\">kath. Kirchen<\/a> in <a title=\"Rechtsstaat\" href=\"https:\/\/www.freiburg-schwarzwald.de\/blog\/selbsthilfe\/soziales\/justiz\/rechtsstaat\/\">Deutschland<\/a> wie <a title=\"France\" href=\"https:\/\/www.freiburg-schwarzwald.de\/blog\/global\/france\/\">Frankreich<\/a> (mit gerade mal 100 Neupriestern in 2015) kr\u00e4nkeln. Dass sie vom Erstarken des <a title=\"Scharia\" href=\"https:\/\/www.freiburg-schwarzwald.de\/blog\/religion\/islam\/scharia\/\">Islams<\/a> profitieren m\u00f6chten, ich verst\u00e4ndlich. Dass der <a title=\"Papst\" href=\"https:\/\/www.freiburg-schwarzwald.de\/blog\/religion\/katholisch\/papst\/\">Papst<\/a> jetzt aber mit &#8222;Wenn ich \u00fcber <a title=\"Islam\" href=\"https:\/\/www.freiburg-schwarzwald.de\/blog\/religion\/islam\/\">islamische<\/a> <a title=\"Terror\" href=\"https:\/\/www.freiburg-schwarzwald.de\/blog\/religion\/islam\/terror\/\">Gewalt<\/a> spreche, dann muss ich auch \u00fcber <a title=\"Christen\" href=\"https:\/\/www.freiburg-schwarzwald.de\/blog\/religion\/christen\/\">christliche<\/a> Gewalt sprechen&#8220; die Gewalt der <a title=\"IS\" href=\"https:\/\/www.freiburg-schwarzwald.de\/blog\/religion\/islam\/is\/\">Muslime<\/a> relativiert, hilft dem <a title=\"Religionskrieg\" href=\"https:\/\/www.freiburg-schwarzwald.de\/blog\/religion\/religionskrieg\/\">Religionsfrieden<\/a> nicht. Denn wo sind die brutalen Attent\u00e4ter, die beim Morden nicht &#8222;Allahu akbar&#8220; rufen, sondern &#8222;Jesus ist der Gr\u00f6\u00dfte&#8220;? Es gibt sie nicht &#8211; <a title=\"Gott\" href=\"https:\/\/www.freiburg-schwarzwald.de\/blog\/religion\/gott\/\">Gott<\/a> und der <a title=\"Aufklaerung\" href=\"https:\/\/www.freiburg-schwarzwald.de\/blog\/kultur\/aufklaerung\/\">Aufkl\u00e4rung<\/a> sei dank!<br \/>\n2.8.2016<\/p>\n<p><strong>Nur kurz im Entsetzen vereint<\/strong><br \/>\nDie katholische Kirche in Frankreich kr\u00e4nkelt. Dar\u00fcber kann auch die gemeinsame Trauer nach dem Terroranschlag in der Normandie (bei <a title=\"Rouen26July2016\" href=\"https:\/\/www.freiburg-schwarzwald.de\/blog\/engagement\/zukunft\/demokratie\/rouen26july2016\/\">Rouen<\/a>) nicht hinwegt\u00e4uschen. Ihr fehlt vor allem eines. &#8230;<br \/>\nAlles vom 2.8.2016 bitte lesen auf<br \/>\n<a href=\"https:\/\/www.faz.net\/aktuell\/politik\/die-katholische-kirche-in-frankreich-kraenkelt-14368916.html\">https:\/\/www.faz.net\/aktuell\/politik\/die-katholische-kirche-in-frankreich-kraenkelt-14368916.html<\/a><\/p>\n<p><strong>Papst &#8211; Banalit\u00e4ten<\/strong><br \/>\nDer S\u00fcdamerika Papst h\u00f6rt sich an wie Mao oder die Pravda bzw. wie ein \u00f6konomischer Analphabet:<br \/>\n\u201cMoney is at the center of the human economy\u201d.<br \/>\nBei solch banalem Schwachsinn drehen sich wahrscheinlich selbst Marx und Engels im Grabe herum. Die 80ger hatten Johannes Paul II, Ronald Reagan und Margaret Thatcher, wir haben Barry \u201cObama\u201d, Angie Merkel und einen \u201cBefreiungstheologen\u201d. Das tragische 20. Jahrhundert wiederholt sich f\u00fcr die sp\u00e4tgeborenen Wohlstandskinder als Farce. Schade dass ich schon vor 25 Jahren aus der Kirche ausgetreten bin.<br \/>\nChristian Speicher, 3.8.2016, WO<br \/>\n.<br \/>\n<strong>\u00dcber den politischen Charakter des Koran<\/strong><br \/>\nDer Islam ist eine politische Ideologie. Um das zu verstehen ist es hilfreich, ein bisschen was \u00fcber den Anfang dieser Religion zu wissen. In einer wirklich sehenswerten Serie, die 2015 auf Arte lief, meint der franz\u00f6sische Orientalist Guillaume Dye: \u201eDie Geschichte des Koran ist nur zu verstehen, wenn man ber\u00fccksichtigt, dass er ein extrem politischer Text ist. Das gilt sowohl f\u00fcr seinen Inhalt als auch auf die Art und Weise wie er eine Verbindung zwischen Gott und seinen Gesch\u00f6pfen herstellt &#8230;\u201c Siehe hier:<br \/>\n<a href=\"https:\/\/sites.arte.tv\/jesusundderislam\/de\">https:\/\/sites.arte.tv\/jesusundderislam\/de<\/a><br \/>\n<a href=\"https:\/\/vimeo.com\/176504586\">https:\/\/vimeo.com\/176504586<\/a><br \/>\nAls Leseempfehlung dazu: \u00bbIslam: Nicht in Mekka und Medina entstanden\u00ab von Barbara K\u00f6ster bei Tichys Einblick. Ihre Darstellungen decken sich mit den Aussagen der meisten der 26 Wissenschaftler aus aller Welt, die in der rund sechsst\u00fcndigen Arte Doko-Serie zu Wort kommen. Jeder bl\u00f6de Guido Knopp Film wird tausend mal im TV wiederholt, warum nicht so ein Highlight wie diese Doku-Serie \u00bbJesus und der Islam\u00ab? Siehe hier.<br \/>\n<a href=\"https:\/\/www.rolandtichy.de\/gastbeitrag\/islam-nicht-in-mekka-und-medina-entstanden\/\">https:\/\/www.rolandtichy.de\/gastbeitrag\/islam-nicht-in-mekka-und-medina-entstanden\/<\/a><br \/>\nDer Islam ist seinem Charakter nach politisiert, es geht immer um die Macht. Er ist eine Religion des Krieges, wie auch schon Elias Canetti anmerkte.<br \/>\n<a href=\"https:\/\/glitzerwasser.blogspot.de\/2014\/07\/der-islam-als-kriegsreligion.html\">https:\/\/glitzerwasser.blogspot.de\/2014\/07\/der-islam-als-kriegsreligion.html<\/a><br \/>\nAlles von Quentin Quencher vom 3.8.2016 bitte lesen auf<br \/>\n<a href=\"https:\/\/www.achgut.com\/artikel\/ueber_den_politischen_charakter_des_koran\">https:\/\/www.achgut.com\/artikel\/ueber_den_politischen_charakter_des_koran<\/a><\/p>\n<p><strong>Argumente<\/strong><br \/>\nDas Argument des Papstes w\u00e4re allerdings etwas \u00fcberzeugender ausgefallen, wenn er auch gesagt h\u00e4tte, wann zuletzt eine Gruppe radikaler Christen eine M\u00e4dchenschule \u00fcberfallen, ein Blutbad in einem Flughafen angerichtet oder eine Ehebrecherin gesteinigt hat. Taufe sch\u00fctzt vor Torheit nicht. Nicht einmal den Stellvertreter Gottes auf Erden.<br \/>\nHenryk A. Broder, 7.8.2016<\/p>\n","protected":false},"excerpt":{"rendered":"<p>Die kath. Kirchen in Deutschland wie Frankreich (mit gerade mal 100 Neupriestern in 2015) kr\u00e4nkeln. Dass sie vom Erstarken des Islams profitieren m\u00f6chten, ich verst\u00e4ndlich. Dass der Papst jetzt aber mit &#8222;Wenn ich \u00fcber islamische Gewalt spreche, dann muss ich &hellip; <a href=\"https:\/\/www.freiburg-schwarzwald.de\/blog\/papst-relativiert-islam-gewalt\/\">Weiterlesen <span class=\"meta-nav\">&rarr;<\/span><\/a><\/p>\n","protected":false},"author":2,"featured_media":0,"comment_status":"open","ping_status":"closed","sticky":false,"template":"","format":"standard","meta":{"footnotes":""},"categories":[210,261,19],"tags":[732,421,503,320],"class_list":["post-62045","post","type-post","status-publish","format-standard","hentry","category-gewalt","category-katholisch","category-religion","tag-gewalt","tag-islam","tag-church","tag-papst"],"_links":{"self":[{"href":"https:\/\/www.freiburg-schwarzwald.de\/blog\/wp-json\/wp\/v2\/posts\/62045","targetHints":{"allow":["GET"]}}],"collection":[{"href":"https:\/\/www.freiburg-schwarzwald.de\/blog\/wp-json\/wp\/v2\/posts"}],"about":[{"href":"https:\/\/www.freiburg-schwarzwald.de\/blog\/wp-json\/wp\/v2\/types\/post"}],"author":[{"embeddable":true,"href":"https:\/\/www.freiburg-schwarzwald.de\/blog\/wp-json\/wp\/v2\/users\/2"}],"replies":[{"embeddable":true,"href":"https:\/\/www.freiburg-schwarzwald.de\/blog\/wp-json\/wp\/v2\/comments?post=62045"}],"version-history":[{"count":0,"href":"https:\/\/www.freiburg-schwarzwald.de\/blog\/wp-json\/wp\/v2\/posts\/62045\/revisions"}],"wp:attachment":[{"href":"https:\/\/www.freiburg-schwarzwald.de\/blog\/wp-json\/wp\/v2\/media?parent=62045"}],"wp:term":[{"taxonomy":"category","embeddable":true,"href":"https:\/\/www.freiburg-schwarzwald.de\/blog\/wp-json\/wp\/v2\/categories?post=62045"},{"taxonomy":"post_tag","embeddable":true,"href":"https:\/\/www.freiburg-schwarzwald.de\/blog\/wp-json\/wp\/v2\/tags?post=62045"}],"curies":[{"name":"wp","href":"https:\/\/api.w.org\/{rel}","templated":true}]}}