{"id":61978,"date":"2016-08-02T17:33:26","date_gmt":"2016-08-02T15:33:26","guid":{"rendered":"https:\/\/www.freiburg-schwarzwald.de\/blog\/?p=61978"},"modified":"2016-08-02T17:34:40","modified_gmt":"2016-08-02T15:34:40","slug":"grundvertrauen-in-den-staat","status":"publish","type":"post","link":"https:\/\/www.freiburg-schwarzwald.de\/blog\/grundvertrauen-in-den-staat\/","title":{"rendered":"Grundvertrauen in den Staat"},"content":{"rendered":"<p>In den 70 Jahre nach <a title=\"Demokratie\" href=\"https:\/\/www.freiburg-schwarzwald.de\/blog\/engagement\/zukunft\/demokratie\/\">1945<\/a> gab es so eine Art <a title=\"Rechtsstaat\" href=\"https:\/\/www.freiburg-schwarzwald.de\/blog\/selbsthilfe\/soziales\/justiz\/rechtsstaat\/\">Grundvertrauen der B\u00fcrger<\/a> darauf, dass man sich im <a title=\"Oeffentlicher-Raum\" href=\"https:\/\/www.freiburg-schwarzwald.de\/blog\/kultur\/oeffentlicher-raum\/\">\u00f6ffentlichen Raum<\/a>\u00a0 eigenerma\u00dfen <a title=\"Kriminalitaet\" href=\"https:\/\/www.freiburg-schwarzwald.de\/blog\/selbsthilfe\/krise\/gewalt\/kriminalitaet\/\">sicher<\/a> f\u00fchlte. Seit <a title=\"Budapest-Dublin2015\" href=\"https:\/\/www.freiburg-schwarzwald.de\/blog\/global\/eu\/budapest-dublin2015\/\">Budapest 9\/2015<\/a> und <a title=\"Ueberfremdung\" href=\"https:\/\/www.freiburg-schwarzwald.de\/blog\/global\/integration\/ueberfremdung\/\">Migrationswelle<\/a> war dieses angekratzt, seit dem <a title=\"Terror\" href=\"https:\/\/www.freiburg-schwarzwald.de\/blog\/religion\/islam\/terror\/\">Terror<\/a> in <a title=\"Koeln-Silvester2015\" href=\"https:\/\/www.freiburg-schwarzwald.de\/blog\/global\/integration\/koeln-silvester2015\/\">K\u00f6l<\/a>n, <a title=\"Bruessel22-3-2016\" href=\"https:\/\/www.freiburg-schwarzwald.de\/blog\/engagement\/zukunft\/demokratie\/bruessel22-3-2016\/\">Br\u00fcssel<\/a>, Paris, Nizza, <a title=\"Wuerzburg2016Axt\" href=\"https:\/\/www.freiburg-schwarzwald.de\/blog\/selbsthilfe\/krise\/gewalt\/wuerzburg2016axt\/\">W\u00fcrzburg<\/a>, &#8230; wird von diesem Vertrauenskonto abgehoben: Nicht durch die <a title=\"Migration\" href=\"https:\/\/www.freiburg-schwarzwald.de\/blog\/global\/migration\/\">Migranten<\/a> (die besa\u00dfen ja noch kein Konto), sondern durch <a title=\"Merkelismus\" href=\"https:\/\/www.freiburg-schwarzwald.de\/blog\/engagement\/zukunft\/demokratie\/merkelismus\/\">Politik<\/a> und <a title=\"Diskussionskultur\" href=\"https:\/\/www.freiburg-schwarzwald.de\/blog\/kultur\/medien\/diskussionskultur\/\">Medien<\/a> mit all ihren <a title=\"Relativierung\" href=\"https:\/\/www.freiburg-schwarzwald.de\/blog\/kultur\/medien\/relativierung\/\">Relativierungen<\/a>, <!--more-->L\u00fcgen, <a title=\"Political-Correctness\" href=\"https:\/\/www.freiburg-schwarzwald.de\/blog\/kultur\/medien\/political-correctness\/\">Political-Correctness<\/a>-Tricks und gutmenschlichen Verharmlosungen. Politiker wissen, dass die \u00d6ffnung der Grenzen f\u00fcr 2 Millionen aus bildungsfernen muslimischen Kulturen von keinem Volk der Welt, auch nicht dem deutschen, akzeptiert wird. Deshalb wird zur Rettung des Vertrauens eine mediale Inszenierung gestartet mit Alternativlosigkeit, &#8222;<a title=\"Wir-schaffen-das\" href=\"https:\/\/www.freiburg-schwarzwald.de\/blog\/global\/migration\/wir-schaffen-das\/\">Wir schaffen das<\/a>&#8222;, &#8222;Migration zur Behebung von Facharbeitermangel und \u00dcberalterung&#8220;, EU-Fl\u00fcchtlingsquoten.<br \/>\nB\u00fcrger mit Diskussionswunsch oder gar anderer Meinung werden als ewig gestrig Rechte mit der <a title=\"Nazi-Keule Islamophobie-Keule\" href=\"https:\/\/www.freiburg-schwarzwald.de\/blog\/nazi-keule-islamophobie-keule\/\">Ausl\u00e4nderfeinde-, Islamophobie- bis hin zur Nazi-Keule<\/a> erschlagen. Aber dass die B\u00fcrger sich nicht auf Dauer bel\u00fcgen lassen, wu\u00dfte schon Abraham Lincoln:<br \/>\n<em>&#8222;Man kann einen Teil des Volkes die ganze Zeit t\u00e4uschen und das ganze Volk einen Teil der Zeit. Aber man kann nicht das gesamte Volk die ganze Zeit t\u00e4uschen&#8220;<\/em>.<br \/>\nWie wahr, wir sollten Albraham Lincoln als Bundeskanzler-Kandidat vorschlagen.<\/p>\n<p><strong>Von der Migrationskrise in die Vertrauenskrise<\/strong><br \/>\nDie Demokratie wird so an ihre Grenzen gef\u00fchrt. Der B\u00fcrger hat das Grundvertrauen in seinen Staat verloren. Er erkennt, dass dieses Gebilde, das seine B\u00fcrger, sein Sozialsystem, seine Kultur und seine Grenzen nicht mehr verteidigen will, auch nicht mehr sein Staat ist.<br \/>\nDas Wichtigste, was der Staat vom B\u00fcrger will, ist sein Geld, um es an seine Klientel weiterzugeben. Auch bleibt beim Umverteilen ein ger\u00fcttelt Ma\u00df bei den Misanthropen h\u00e4ngen.<br \/>\nDer B\u00fcrger f\u00fchlt sich ausgeliefert und hilflos, er sieht kein Licht am Ende des Tunnels mehr. Er hat gelernt, dass ihn die Etablierten und ihr Staat bei Angriffen auf seine W\u00fcrde, auf sein Verm\u00f6gen, auf seinen Leib und sein Leben einfach im Stich lassen.<br \/>\nDer \u00f6ffentliche Raum ist l\u00e4ngst kein sicherer Ort mehr: nicht f\u00fcr Frauen, nicht f\u00fcr Kinder, nicht f\u00fcr Steuerzahler, schon gar nicht f\u00fcr Christen oder Juden. Und es braucht gar nicht alle zu treffen. Es gibt so etwas wie eine <strong>Generalisierung des Misstrauens durch Akkumulation von Negativerfahrungen<\/strong>. Die B\u00fcrger beobachten, wie einer von ihnen im Stich gelassen wird und wissen dann \u2013 das kann genauso mich treffen. &#8230;.<br \/>\nDie Schulden auf dem Vertrauenskonto der Etablierten sind &#8211; wie die Staatsschulden &#8211; ins Gigantische angewachsen. Unm\u00f6glich durch die Schuldenmacher je zur\u00fcckzuzahlen. Vertrauen ist ein empfindliches Pfl\u00e4nzchen: \u201eWer einmal l\u00fcgt, dem traut man nicht, auch wenn er die Wahrheit spricht\u201c, sagt der Volksmund. &#8230;.<br \/>\nAlles vom 22.7.2016 bitte lesen auf<br \/>\n<a href=\"https:\/\/www.achgut.com\/artikel\/von_der_migrationskrise_in_die_vertrauenskrise\">https:\/\/www.achgut.com\/artikel\/von_der_migrationskrise_in_die_vertrauenskrise<\/a><br \/>\n.<br \/>\n<strong>Es wird ganz schnell gehen &#8230;.<\/strong><br \/>\nWas Sie hier schreiben, trifft meine ungeteilte Zustimmung. Drau\u00dfen in \u201cSchland\u201d sehe ich allerdings vorwiegend Menschen, die <a title=\"Pokemon und Pokestops in FR\" href=\"https:\/\/www.freiburg-schwarzwald.de\/blog\/pokemon-und-pokestops-in-fr\/\">Pokemon Go<\/a> spielen oder anderen Formen des Eskapismus fr\u00f6nen, aber die Herrschenden nicht in Frage stellen. Wir Deutschen sind in unserer H\u00f6rigkeit gegen\u00fcber den Machthabern eben kaum zu \u00fcbertreffen. Noch am 7.05.1945 d\u00fcrften viele in Sorge um ihren \u201cgeliebten F\u00fchrer\u201d gewesen sein und am 8.11.1989 von der \u201chundertj\u00e4hrigen\u201d Mauer in Berlin getr\u00e4umt haben. Und dann ging es immer ganz schnell, und so wird es auch jetzt kommen\u2026 aufwachen, Pikachu!<br \/>\nAndreas Hofer, 23.7.2016, AU<\/p>\n","protected":false},"excerpt":{"rendered":"<p>In den 70 Jahre nach 1945 gab es so eine Art Grundvertrauen der B\u00fcrger darauf, dass man sich im \u00f6ffentlichen Raum\u00a0 eigenerma\u00dfen sicher f\u00fchlte. Seit Budapest 9\/2015 und Migrationswelle war dieses angekratzt, seit dem Terror in K\u00f6ln, Br\u00fcssel, Paris, Nizza, &hellip; <a href=\"https:\/\/www.freiburg-schwarzwald.de\/blog\/grundvertrauen-in-den-staat\/\">Weiterlesen <span class=\"meta-nav\">&rarr;<\/span><\/a><\/p>\n","protected":false},"author":2,"featured_media":0,"comment_status":"open","ping_status":"closed","sticky":false,"template":"","format":"standard","meta":{"footnotes":""},"categories":[18,181,139,155,157,9,171,172],"tags":[281,633,485,431,388,631],"class_list":["post-61978","post","type-post","status-publish","format-standard","hentry","category-bildung","category-buergerbeteiligung","category-heimat","category-integration","category-oeffentlicher-raum","category-soziales","category-verbraucher","category-zukunft","tag-burgerinitiativen","tag-demokratie","tag-refugee","tag-gerecht","tag-social","tag-staat"],"_links":{"self":[{"href":"https:\/\/www.freiburg-schwarzwald.de\/blog\/wp-json\/wp\/v2\/posts\/61978","targetHints":{"allow":["GET"]}}],"collection":[{"href":"https:\/\/www.freiburg-schwarzwald.de\/blog\/wp-json\/wp\/v2\/posts"}],"about":[{"href":"https:\/\/www.freiburg-schwarzwald.de\/blog\/wp-json\/wp\/v2\/types\/post"}],"author":[{"embeddable":true,"href":"https:\/\/www.freiburg-schwarzwald.de\/blog\/wp-json\/wp\/v2\/users\/2"}],"replies":[{"embeddable":true,"href":"https:\/\/www.freiburg-schwarzwald.de\/blog\/wp-json\/wp\/v2\/comments?post=61978"}],"version-history":[{"count":0,"href":"https:\/\/www.freiburg-schwarzwald.de\/blog\/wp-json\/wp\/v2\/posts\/61978\/revisions"}],"wp:attachment":[{"href":"https:\/\/www.freiburg-schwarzwald.de\/blog\/wp-json\/wp\/v2\/media?parent=61978"}],"wp:term":[{"taxonomy":"category","embeddable":true,"href":"https:\/\/www.freiburg-schwarzwald.de\/blog\/wp-json\/wp\/v2\/categories?post=61978"},{"taxonomy":"post_tag","embeddable":true,"href":"https:\/\/www.freiburg-schwarzwald.de\/blog\/wp-json\/wp\/v2\/tags?post=61978"}],"curies":[{"name":"wp","href":"https:\/\/api.w.org\/{rel}","templated":true}]}}