{"id":61933,"date":"2016-07-30T18:59:43","date_gmt":"2016-07-30T16:59:43","guid":{"rendered":"https:\/\/www.freiburg-schwarzwald.de\/blog\/?p=61933"},"modified":"2016-08-01T21:24:26","modified_gmt":"2016-08-01T19:24:26","slug":"maenner-braucht-das-land-no","status":"publish","type":"post","link":"https:\/\/www.freiburg-schwarzwald.de\/blog\/maenner-braucht-das-land-no\/","title":{"rendered":"Maenner braucht das Land &#8211; no"},"content":{"rendered":"<p>Das <a title=\"Migration\" href=\"https:\/\/www.freiburg-schwarzwald.de\/blog\/global\/migration\/\">Migrationsproblem<\/a> sind nicht die <a title=\"Fluechtlinge2016\" href=\"https:\/\/www.freiburg-schwarzwald.de\/blog\/global\/integration\/fluechtlinge2016\/\">Familien mit Kindern<\/a> (30%), sondern die <a title=\"Migration-Maenner\" href=\"https:\/\/www.freiburg-schwarzwald.de\/blog\/global\/migration\/migration-maenner\/\">jungen M\u00e4nner<\/a> (70%): \u00dcberwiegend <a title=\"Syrer sind zu 2\/3 Analphabeten\" href=\"https:\/\/www.freiburg-schwarzwald.de\/blog\/syrer-sind-zu-23-analphabeten\/\">funktionale Analphabeten<\/a> und &#8222;aus extrem gewaltbereiten, <a title=\"Islam-Frauen\" href=\"https:\/\/www.freiburg-schwarzwald.de\/blog\/religion\/islam\/islam-frauen\/\">islam-frauenfeindlichen<\/a> und <a title=\"Islam-Antisemitismus\" href=\"https:\/\/www.freiburg-schwarzwald.de\/blog\/religion\/islam\/islam-antisemitismus\/\">antisemitischen<\/a> Kulturen&#8220;. Diese <a title=\"Wir-schaffen-das\" href=\"https:\/\/www.freiburg-schwarzwald.de\/blog\/global\/migration\/wir-schaffen-das\/\">\u00fcberfordern<\/a> unsere Gesellschaft im Hinblick auf Kosten wie inneren Frieden: Alleine die ca 60000 unter 18-j\u00e4hrigen Migranten (<a title=\"UMF\" href=\"https:\/\/www.freiburg-schwarzwald.de\/blog\/global\/integration\/umf\/\">UMF<\/a> bzw. <a title=\"UMA\" href=\"https:\/\/www.freiburg-schwarzwald.de\/blog\/global\/integration\/uma\/\">UMA<\/a>) kosten 4000 * 60000 = 240.000.000 Euro im Monat <!--more-->bzw. 2.880.000.000 Euro (2,88 Mrd Euro) im Jahr.<br \/>\nBei der inneren Sicherheit &#8222;geht es nicht einmal nur um den Terror im engeren Sinn, also etwa vom IS angeordnete Massaker. Dabei geht es vor allem um jene bestialische Alltagsgewalt, in der Frauen mit der Machete geschlachtet, Juden t\u00e4tlich angegriffen, Schwule in Asylheimen gemessert oder Festivalbesucher schwer verletzt werden.&#8220;<br \/>\nUnser gesellschaftlicher\u00a0Friede und unsere kleinen Freiheiten werden Tag f\u00fcr Tag etwas weniger. Wird der Zuzug nicht sofort gestoppt, signalisiert dies \u00fcbers mobile Internet den Zuzug weiterer M\u00e4nner -, also wohlgen\u00e4hrte und gesunde<a title=\"Youth bulges \u2013 Jugend und Krieg\" href=\"https:\/\/www.freiburg-schwarzwald.de\/blog\/youth-bulges-jugend-und-krieg\/\"> nachgeborene S\u00f6hne<\/a> <a title=\"Jugendarbeitslosigkeit\" href=\"https:\/\/www.freiburg-schwarzwald.de\/blog\/selbsthilfe\/soziales\/arbeit\/jugendarbeitslosigkeit\/\">ohne Arbeit<\/a> (<a title=\"Youth-Bulges\" href=\"https:\/\/www.freiburg-schwarzwald.de\/blog\/engagement\/zukunft\/krieg\/youth-bulges\/\">Youth Bulges<\/a>).<br \/>\n30.7.2016<br \/>\n.<br \/>\n<strong>Keine jungen M\u00e4nner aus gewaltaffinen Kulturen<\/strong><br \/>\n&#8222;Da das Problem im Kern eine viel zu gro\u00dfe Zahl von jungen M\u00e4nnern aus gewaltaffinen Kulturen in Europa ist, wird es aus logischen Gr\u00fcnden nicht anders zu l\u00f6sen sein als dadurch, diese Zahl so weit wie m\u00f6glich zu reduzieren. Alles andere ist Larifari.<br \/>\nDas bedeutet erstens, den illegalen Zuzug junger M\u00e4nner aus der arabisch-islamischen Welt ab sofort auf das absolute Minimum zu beschr\u00e4nken, ja im Idealfall auf null zu senken.<br \/>\nDas ist technisch m\u00f6glich, erfordert aber Politiker mit angemessen dimensionierten Cojones, die sich das \u2013 Stichwort Australien \u2013 endlich trauen. Auch Spanien hat bis heute bewiesen, dass das durchaus funktioniert. Man muss nur wollen.<br \/>\nDas bedeutet zweitens, dass der von den Willkommenspolitikern missbrauchte <a title=\"Rechtsstaat\" href=\"https:\/\/www.freiburg-schwarzwald.de\/blog\/selbsthilfe\/soziales\/justiz\/rechtsstaat\/\">Rechtsstaat<\/a> wieder robust angewandt wird. Etwa durch R\u00fcckbesinnung auf den Grundsatz, dass Recht auf Asyl nur hat, wer glaubhaft machen kann, in seiner Heimat von der Regierung verfolgt zu werden. Und sonst niemand.&#8220;&#8230;&#8230;<br \/>\nAlles vom 30.7.2016 auf<br \/>\n<a href=\"https:\/\/www.achgut.com\/artikel\/willkommenskultur_eine_leistung_von_herausragenden_dimensionen\">https:\/\/www.achgut.com\/artikel\/willkommenskultur_eine_leistung_von_herausragenden_dimensionen<\/a><\/p>\n","protected":false},"excerpt":{"rendered":"<p>Das Migrationsproblem sind nicht die Familien mit Kindern (30%), sondern die jungen M\u00e4nner (70%): \u00dcberwiegend funktionale Analphabeten und &#8222;aus extrem gewaltbereiten, islam-frauenfeindlichen und antisemitischen Kulturen&#8220;. Diese \u00fcberfordern unsere Gesellschaft im Hinblick auf Kosten wie inneren Frieden: Alleine die ca 60000 &hellip; <a href=\"https:\/\/www.freiburg-schwarzwald.de\/blog\/maenner-braucht-das-land-no\/\">Weiterlesen <span class=\"meta-nav\">&rarr;<\/span><\/a><\/p>\n","protected":false},"author":2,"featured_media":0,"comment_status":"open","ping_status":"closed","sticky":false,"template":"","format":"standard","meta":{"footnotes":""},"categories":[79,155,162,60],"tags":[732,421,568,622],"class_list":["post-61933","post","type-post","status-publish","format-standard","hentry","category-arbeit","category-integration","category-internet","category-jugend","tag-gewalt","tag-islam","tag-jugend-2","tag-migration"],"_links":{"self":[{"href":"https:\/\/www.freiburg-schwarzwald.de\/blog\/wp-json\/wp\/v2\/posts\/61933","targetHints":{"allow":["GET"]}}],"collection":[{"href":"https:\/\/www.freiburg-schwarzwald.de\/blog\/wp-json\/wp\/v2\/posts"}],"about":[{"href":"https:\/\/www.freiburg-schwarzwald.de\/blog\/wp-json\/wp\/v2\/types\/post"}],"author":[{"embeddable":true,"href":"https:\/\/www.freiburg-schwarzwald.de\/blog\/wp-json\/wp\/v2\/users\/2"}],"replies":[{"embeddable":true,"href":"https:\/\/www.freiburg-schwarzwald.de\/blog\/wp-json\/wp\/v2\/comments?post=61933"}],"version-history":[{"count":0,"href":"https:\/\/www.freiburg-schwarzwald.de\/blog\/wp-json\/wp\/v2\/posts\/61933\/revisions"}],"wp:attachment":[{"href":"https:\/\/www.freiburg-schwarzwald.de\/blog\/wp-json\/wp\/v2\/media?parent=61933"}],"wp:term":[{"taxonomy":"category","embeddable":true,"href":"https:\/\/www.freiburg-schwarzwald.de\/blog\/wp-json\/wp\/v2\/categories?post=61933"},{"taxonomy":"post_tag","embeddable":true,"href":"https:\/\/www.freiburg-schwarzwald.de\/blog\/wp-json\/wp\/v2\/tags?post=61933"}],"curies":[{"name":"wp","href":"https:\/\/api.w.org\/{rel}","templated":true}]}}