{"id":6190,"date":"2012-07-03T08:37:56","date_gmt":"2012-07-03T08:37:56","guid":{"rendered":"https:\/\/www.freiburg-schwarzwald.de\/blog\/?p=6190"},"modified":"2012-07-03T08:37:56","modified_gmt":"2012-07-03T08:37:56","slug":"25-jahre-freiburger-naturschutzjugend-naju-mit-gisela-friederich","status":"publish","type":"post","link":"https:\/\/www.freiburg-schwarzwald.de\/blog\/25-jahre-freiburger-naturschutzjugend-naju-mit-gisela-friederich\/","title":{"rendered":"25 Jahre Freiburger Naturschutzjugend (Naju) mit Gisela Friederich"},"content":{"rendered":"<p>25 Jahre Freiburger Naturschutzjugend (Naju), das wurde am Samstag gefeiert: Zun\u00e4chst mit einer kleinen Exkursion auf dem <a title=\"Alter Friedhof in Herdern \u2013 Gesellschaft der Freunde rettete 140 Grabmale\" href=\"https:\/\/www.freiburg-schwarzwald.de\/blog\/2011\/04\/15\/alter-friedhof-in-herdern-gesellschaft-der-freunde-rettete-140-grabmale\/\">Alten Friedhof <\/a>in Herdern, anschlie\u00dfend mit Kaffee und Kuchen, Musik und Spielen. Beim Festakt gab es viel Lob f\u00fcr die jungen Naturfreunde: Ihr Einsatz f\u00fcr Tiere und Pflanzen, so betonten gleich mehrere Redner, sei ein wichtiger Beitrag f\u00fcr den Artenschutz in der Stadt. &#8222;Sucht nach Pflanzen- und Tiermotiven auf den Grabsteinen&#8220;, ermunterte Naju-Leiterin Gisela Friederich ihre Sch\u00fctzlinge bei der Exkursion. Entdeckt wurden Bilder von Efeu und Schmetterlingen: &#8222;Zeichen der Ewigkeit und Verwandlung&#8220;, erkl\u00e4rte der fr\u00fchere Gartenamtsleiter Bernhard Utz, der den neugierigen Zuh\u00f6rern auch die Kapelle zeigte. <!--more-->Auf dem Alten Friedhof, der zu einem Park umgestaltet wurde und als Naturdenkmal gesch\u00fctzt ist, fanden die Kinder aber auch echte Pflanzen und Tiere \u2013 etwa Rosen und einen R\u00fcsselk\u00e4fer. &#8222;Mich interessiert alles, was am Boden lebt&#8220;, sagte Malte Mohrbacher aus dem Stadtteil Rieselfeld. Der Zw\u00f6lfj\u00e4hrige ist seit vier Jahren bei der Naju dabei. Mit von der Partie waren aber auch etliche ehemalige Naju-Mitglieder, von denen einzelne inzwischen zu richtigen Forschern herangewachsen sind: Beispielsweise Bettina Saier, die aus Lehen stammt und heute das Meeresschutzprogramm der Umweltorganisation &#8222;WWF&#8220; in Kanada leitet. Vor 25 Jahren hatte sie als Sch\u00fclerin am Wentzinger-Gymnasium entscheidenden Anteil an der Entstehung der Freiburger Naju: &#8222;In der neunten Klasse gab es n\u00e4mlich keinen Biologie-Unterricht, und so entstand der Wunsch nach einer Exkursionsgruppe an der Schule&#8220;, erkl\u00e4rte die promovierte Biologin. Aus dieser Schul-AG ging dann letztlich die Naju hervor, weitere Gr\u00fcndungsmitglieder waren Saiers damalige Biologie-Lehrerin Gisela Friederich sowie Friederike Strau\u00df und Ingrid M\u00fcller vom Naturschutzbund (Nabu).<br \/>\nIn einem Gru\u00dfwort bescheinigte Stadtr\u00e4tin Simone Ariane Pflaum (Junges Freiburg) den Kindern und Jugendlichen, dass sie eine wichtige Aufgabe h\u00e4tten: &#8222;Nicht nur, weil ihr die Natur sch\u00fctzt, sondern auch, weil ihr davon erz\u00e4hlt&#8220;, hob die Kommunalpolitikerin hervor. Auf diese Weise w\u00fcrde n\u00e4mlich der Nachhaltigkeitsgedanke weiter vorangetrieben, der leider immer noch nicht in allen K\u00f6pfen angekommen sei.<br \/>\nLob gab es auch aus der Berliner Nabu-Zentrale: &#8222;Ein Kennzeichen der Freiburger Naju-Gruppe ist ihre langj\u00e4hrige Kontinuit\u00e4t&#8220;, betonte der stellvertretende Bundesvorsitzende Helmut Opitz. Die von den Kindern \u00fcbernommenen Naturschutzdienste seien ein wesentlicher Beitrag, um die Artenkenntnis in der Gesellschaft wach zu halten: &#8222;In der Schule kommen solche Aspekte n\u00e4mlich oftmals zu kurz&#8220;, meinte der Biologe.<br \/>\nOpitz dankte auch Gisela Friederich f\u00fcr ihr unerm\u00fcdliches Engagement: Seit 1987 wird die Freiburger Naju von ihr geleitet, wof\u00fcr sie vom Nabu mit der Goldenen Ehrennadel des Verbands ausgezeichnet wurde (die BZ berichtete). Die inzwischen 71-j\u00e4hrige P\u00e4dagogin gab den Dank an die Eltern und Helfer weiter. Zugleich betonte sie, dass ihr die Arbeit mit den Kindern immer noch viel Freude bereitet: &#8222;Unter anderem, weil man viel von ihnen lernen kann&#8220;, sagt die Biologin.<br \/>\nAndreas Braun<\/p>\n<div>\n<p>Die Naturschutzjugend &#8222;Naju&#8220; ist die Kinder- und Jugendorganisation des Naturschutzbundes Deutschland (Nabu). Bundesweit gibt es mehr als 1000 Naju-Gruppen mit insgesamt mehr als 75 000 Mitgliedern. Bei der seit 1987 bestehenden Freiburger Naju-Gruppe machen derzeit rund 30 Kinder und Jugendliche im Alter von drei bis 20 Jahren mit. Gemeinsam betreuen sie mehr als 200 Nistk\u00e4sten, helfen bei Kr\u00f6tenwanderungen mit und \u00fcbernehmen zus\u00e4tzliche Naturschutzaufgaben. Weitere Ausk\u00fcnfte gibt es bei Gisela Friederich unter Tel.\u00a00761\/22792.\u00a0<!-- RSPEAK_STOP -->\u00a0<br \/>\n<a href=\"https:\/\/www.freiburg-schwarzwald.de\/naju\">www.freiburg-schwarzwald.de\/naju<\/a><\/p>\n<\/div>\n","protected":false},"excerpt":{"rendered":"<p>25 Jahre Freiburger Naturschutzjugend (Naju), das wurde am Samstag gefeiert: Zun\u00e4chst mit einer kleinen Exkursion auf dem Alten Friedhof in Herdern, anschlie\u00dfend mit Kaffee und Kuchen, Musik und Spielen. Beim Festakt gab es viel Lob f\u00fcr die jungen Naturfreunde: Ihr &hellip; <a href=\"https:\/\/www.freiburg-schwarzwald.de\/blog\/25-jahre-freiburger-naturschutzjugend-naju-mit-gisela-friederich\/\">Weiterlesen <span class=\"meta-nav\">&rarr;<\/span><\/a><\/p>\n","protected":false},"author":2,"featured_media":0,"comment_status":"open","ping_status":"closed","sticky":false,"template":"","format":"standard","meta":{"footnotes":""},"categories":[60,67],"tags":[285],"class_list":["post-6190","post","type-post","status-publish","format-standard","hentry","category-jugend","category-naturschutz","tag-naju"],"_links":{"self":[{"href":"https:\/\/www.freiburg-schwarzwald.de\/blog\/wp-json\/wp\/v2\/posts\/6190","targetHints":{"allow":["GET"]}}],"collection":[{"href":"https:\/\/www.freiburg-schwarzwald.de\/blog\/wp-json\/wp\/v2\/posts"}],"about":[{"href":"https:\/\/www.freiburg-schwarzwald.de\/blog\/wp-json\/wp\/v2\/types\/post"}],"author":[{"embeddable":true,"href":"https:\/\/www.freiburg-schwarzwald.de\/blog\/wp-json\/wp\/v2\/users\/2"}],"replies":[{"embeddable":true,"href":"https:\/\/www.freiburg-schwarzwald.de\/blog\/wp-json\/wp\/v2\/comments?post=6190"}],"version-history":[{"count":0,"href":"https:\/\/www.freiburg-schwarzwald.de\/blog\/wp-json\/wp\/v2\/posts\/6190\/revisions"}],"wp:attachment":[{"href":"https:\/\/www.freiburg-schwarzwald.de\/blog\/wp-json\/wp\/v2\/media?parent=6190"}],"wp:term":[{"taxonomy":"category","embeddable":true,"href":"https:\/\/www.freiburg-schwarzwald.de\/blog\/wp-json\/wp\/v2\/categories?post=6190"},{"taxonomy":"post_tag","embeddable":true,"href":"https:\/\/www.freiburg-schwarzwald.de\/blog\/wp-json\/wp\/v2\/tags?post=6190"}],"curies":[{"name":"wp","href":"https:\/\/api.w.org\/{rel}","templated":true}]}}