{"id":61898,"date":"2016-07-29T17:58:35","date_gmt":"2016-07-29T15:58:35","guid":{"rendered":"https:\/\/www.freiburg-schwarzwald.de\/blog\/?p=61898"},"modified":"2016-07-29T18:04:44","modified_gmt":"2016-07-29T16:04:44","slug":"wohnmodule-von-rolf-disch","status":"publish","type":"post","link":"https:\/\/www.freiburg-schwarzwald.de\/blog\/wohnmodule-von-rolf-disch\/","title":{"rendered":"Wohnmodule von Rolf Disch"},"content":{"rendered":"<p>Freiburgs <a title=\"Photovoltaik\" href=\"https:\/\/www.freiburg-schwarzwald.de\/blog\/energie\/solar\/photovoltaik\/\">Sola<\/a>r-Architekt <a title=\"Architekt\" href=\"https:\/\/www.freiburg-schwarzwald.de\/blog\/business\/dienste\/architekt\/\">Rolf Disch<\/a> (<a title=\"Freiburg\" href=\"https:\/\/www.freiburg-schwarzwald.de\/blog\/regio\/freiburg\/\">Vauban<\/a>) will <a title=\"Migration-Wohnen\" href=\"https:\/\/www.freiburg-schwarzwald.de\/blog\/global\/migration\/migration-wohnen\/\">Wohnraum<\/a> f\u00fcr <a title=\"Migration\" href=\"https:\/\/www.freiburg-schwarzwald.de\/blog\/global\/migration\/\">Migranten<\/a> schaffen, nicht mit <a title=\"Fluechtlinge-Wohnung\" href=\"https:\/\/www.freiburg-schwarzwald.de\/blog\/global\/integration\/fluechtlinge-wohnung\/\">Wohncontainern<\/a> (wie am <a title=\"Kappler-Knoten\" href=\"https:\/\/www.freiburg-schwarzwald.de\/blog\/regio\/freiburg\/littenweiler\/kappler-knoten\/\">Kappler Knoten<\/a>) oder in<a title=\"Holzbau\" href=\"https:\/\/www.freiburg-schwarzwald.de\/blog\/business\/handwerk\/holzbau\/\"> Holzst\u00e4nder-Bauweise<\/a> (wie <a title=\"Fluechtlinge-Hoellentalstrasse\" href=\"https:\/\/www.freiburg-schwarzwald.de\/blog\/selbsthilfe\/soziales\/fluechtlinge-hoellentalstrasse\/\">Littenweiler H\u00f6llentalstrasse<\/a>), sondern als Wohnmodule: 30 qm Wohnfl\u00e4che, 3,30 m Raumh\u00f6he (Galerie oben), K\u00fcchenzeile und Dusche\/WC (Privacy), Vollholz massiv Fichte (nimmt Statik auf), stapelbar bis drei Geschosse, Plusenergie (<a title=\"Solar\" href=\"https:\/\/www.freiburg-schwarzwald.de\/blog\/energie\/solar\/\">Fotovoltaik<\/a> mit Stromspeicher, <!--more-->Dreifachverglasung, L\u00fcftung mit W\u00e4rmer\u00fcckgewinnung), 2000 Euro\/qm Baukosten incl. Fundamentierung, kurze Bauzeit (Vorfertigung in der Werkstatt), lange Nutzungszeit (da\u00a0 Qualit\u00e4ts-Holzmodule).<\/p>\n<p>Auf einem Grundst\u00fcck an der Wiesentalstrasse will Disch noch in diesem Jahr mehrere Wohnmodule erstellen und testen.<br \/>\n29.7.2016<br \/>\n.<\/p>\n<p><strong>Solararchitekt plant \u00d6ko-Container<\/strong><br \/>\nAls vor knapp einem Jahr die Stadt h\u00e4nderingend nach Unterk\u00fcnften f\u00fcr Fl\u00fcchtlinge suchte, kaum noch Baufirmen und Architekten f\u00fcr kurzfristige Umbauten zu bekommen waren und man monatelange auf Wohncontainer warten musste, wurde Rolf Disch initiativ: Der Spezialist f\u00fcr Solararchitektur begann, alternative Wohncontainer zu entwickeln \u2013 mit eigenem Bad und kleiner K\u00fcche, in Holz- und Plusenergiebauweise. Will hei\u00dfen: Disch will mit seinen Unterk\u00fcnfte mehr Energie produzieren, als sie selbst ben\u00f6tigen. &#8230; Alles vom 29.7.2016 bitte lesen auf<br \/>\n<a href=\"https:\/\/www.badische-zeitung.de\/freiburg\/freiburger-solararchitekt-plant-oeko-container-fuer-fluechtlinge--125471947.html\">https:\/\/www.badische-zeitung.de\/freiburg\/freiburger-solararchitekt-plant-oeko-container-fuer-fluechtlinge&#8211;125471947.html<\/a><\/p>\n<p><a href=\"https:\/\/www.plusenergiehaus.de\/\">https:\/\/www.plusenergiehaus.de\/<\/a><br \/>\n<a href=\"https:\/\/www.rolfDisch.de\">www.rolfDisch.de<\/a><\/p>\n","protected":false},"excerpt":{"rendered":"<p>Freiburgs Solar-Architekt Rolf Disch (Vauban) will Wohnraum f\u00fcr Migranten schaffen, nicht mit Wohncontainern (wie am Kappler Knoten) oder in Holzst\u00e4nder-Bauweise (wie Littenweiler H\u00f6llentalstrasse), sondern als Wohnmodule: 30 qm Wohnfl\u00e4che, 3,30 m Raumh\u00f6he (Galerie oben), K\u00fcchenzeile und Dusche\/WC (Privacy), Vollholz massiv &hellip; <a href=\"https:\/\/www.freiburg-schwarzwald.de\/blog\/wohnmodule-von-rolf-disch\/\">Weiterlesen <span class=\"meta-nav\">&rarr;<\/span><\/a><\/p>\n","protected":false},"author":2,"featured_media":0,"comment_status":"open","ping_status":"closed","sticky":false,"template":"","format":"standard","meta":{"footnotes":""},"categories":[90,155,91],"tags":[485,598,287,92],"class_list":["post-61898","post","type-post","status-publish","format-standard","hentry","category-immobilien","category-integration","category-wohnen","tag-refugee","tag-immo","tag-neubau","tag-wohnformen"],"_links":{"self":[{"href":"https:\/\/www.freiburg-schwarzwald.de\/blog\/wp-json\/wp\/v2\/posts\/61898","targetHints":{"allow":["GET"]}}],"collection":[{"href":"https:\/\/www.freiburg-schwarzwald.de\/blog\/wp-json\/wp\/v2\/posts"}],"about":[{"href":"https:\/\/www.freiburg-schwarzwald.de\/blog\/wp-json\/wp\/v2\/types\/post"}],"author":[{"embeddable":true,"href":"https:\/\/www.freiburg-schwarzwald.de\/blog\/wp-json\/wp\/v2\/users\/2"}],"replies":[{"embeddable":true,"href":"https:\/\/www.freiburg-schwarzwald.de\/blog\/wp-json\/wp\/v2\/comments?post=61898"}],"version-history":[{"count":0,"href":"https:\/\/www.freiburg-schwarzwald.de\/blog\/wp-json\/wp\/v2\/posts\/61898\/revisions"}],"wp:attachment":[{"href":"https:\/\/www.freiburg-schwarzwald.de\/blog\/wp-json\/wp\/v2\/media?parent=61898"}],"wp:term":[{"taxonomy":"category","embeddable":true,"href":"https:\/\/www.freiburg-schwarzwald.de\/blog\/wp-json\/wp\/v2\/categories?post=61898"},{"taxonomy":"post_tag","embeddable":true,"href":"https:\/\/www.freiburg-schwarzwald.de\/blog\/wp-json\/wp\/v2\/tags?post=61898"}],"curies":[{"name":"wp","href":"https:\/\/api.w.org\/{rel}","templated":true}]}}