{"id":61750,"date":"2016-07-24T11:11:32","date_gmt":"2016-07-24T09:11:32","guid":{"rendered":"https:\/\/www.freiburg-schwarzwald.de\/blog\/?p=61750"},"modified":"2016-09-30T20:46:41","modified_gmt":"2016-09-30T18:46:41","slug":"adelhaus-esslokal-regionalwert","status":"publish","type":"post","link":"https:\/\/www.freiburg-schwarzwald.de\/blog\/adelhaus-esslokal-regionalwert\/","title":{"rendered":"Adelhaus Esslokal Regionalwert"},"content":{"rendered":"<p>Am <a title=\"Augustinerplatz\" href=\"https:\/\/www.freiburg-schwarzwald.de\/blog\/regio\/freiburg\/augustinerplatz\/\">Adelhauser Platz<\/a> in <a title=\"Freiburg\" href=\"https:\/\/www.freiburg-schwarzwald.de\/blog\/regio\/freiburg\/\">Freiburgs<\/a> <a title=\"zFriburginderStadt\" href=\"https:\/\/www.freiburg-schwarzwald.de\/blog\/business\/handel\/zfriburginderstadt\/\">Altstadt<\/a> hat das &#8222;Adelhaus&#8220;-Restaurant er\u00f6ffnet: Ein <a title=\"Gemuesebau\" href=\"https:\/\/www.freiburg-schwarzwald.de\/blog\/natur\/landwirt\/gemuesebau\/\">Fenchel<\/a>, ein <a title=\"Muenstermarkt\" href=\"https:\/\/www.freiburg-schwarzwald.de\/blog\/business\/markt\/muenstermarkt\/\">Kohlrabi<\/a>, ein <a title=\"Salat\" href=\"https:\/\/www.freiburg-schwarzwald.de\/blog\/natur\/landwirt\/gemuesebau\/salat\/\">Salatkopf<\/a> \u2013 die Bilder an den W\u00e4nden des neu er\u00f6ffneten Restaurants Adelhaus am Adelhauser Klosterplatz sind ungew\u00f6hnlich. Wer hier isst, soll wissen, woher <a title=\"Saatgut\" href=\"https:\/\/www.freiburg-schwarzwald.de\/blog\/natur\/landwirt\/saatgut\/\">sein Essen<\/a> kommt, so die Botschaft. \u201eVom <a title=\"Gaertnerei\" href=\"https:\/\/www.freiburg-schwarzwald.de\/blog\/natur\/landwirt\/gaertnerei\/\">Acker<\/a> auf den Teller, das ist unser Ziel\u201c, sagt Ulrich Martin Drescher. Er ist Aufsichtsratsvorsitzender der <a title=\"Regionalwert\" href=\"https:\/\/www.freiburg-schwarzwald.de\/blog\/natur\/landwirt\/regionalwert\/\">Regionalwert AG<\/a> <!--more-->mit Sitz in <a title=\"Eichstetten\" href=\"https:\/\/www.freiburg-schwarzwald.de\/blog\/regio\/orte\/eichstetten\/\">Emmendingen<\/a>, die das Restaurant betreibt. Alles <a title=\"Vegetarisch\" href=\"https:\/\/www.freiburg-schwarzwald.de\/blog\/natur\/ernaehrung\/vegetarisch\/\">vegetarisch<\/a>, vieles vegan, fast alles bio und soviel wie m\u00f6glich aus der <a title=\"Nachhaltigkeit\" href=\"https:\/\/www.freiburg-schwarzwald.de\/blog\/natur\/klima\/nachhaltigkeit\/\">Region<\/a>, so das Konzept. \u201eWir hatten viele Bewerbungen von sehr guten K\u00f6chen\u201c, verr\u00e4t K\u00fcchenchef Herbert Schmied. \u201eViele m\u00f6chten nicht mehr mit Fleisch und Fisch arbeiten, sondern Alternativen ausprobieren.\u201c Dinkel-Pfannkuchen, Chutneys, Hummus und viele Salate stehen beim Buffet zur Auswahl \u2013 das Adelhaus spricht G\u00e4ste f\u00fcr das schnelle Mittagessen ebenso an wie solche, die ausgedehnt und vollwertig zu Abend essen wollen. Viel Prominenz ist gekommen: Die gr\u00fcne Bundestagsabgeordnete Kerstin Andreae sowie Landes-Finanzministerin Edith Sitzmann haben es sich nicht nehmen lassen, zur Er\u00f6ffnung zu erscheinen \u2013 und auch Volker Finke, ehemals Trainer des SC Freiburg, stattet dem Adelhaus zur Feier des Tages einen Besuch ab. \u201eIch bin schon l\u00e4nger Aktion\u00e4r bei <a title=\"Regionalwert\" href=\"https:\/\/www.freiburg-schwarzwald.de\/blog\/natur\/landwirt\/regionalwert\/\">Regionalwert<\/a>\u201c, erz\u00e4hlt Finke, w\u00e4hrend er sich Salat, Brot und einen Bratling auf den Teller l\u00e4dt. \u201eEinfach, weil es Sinnmacht und eine gute Sache ist.\u201c Hinter dem Adelhaus steht die <a title=\"Samengarten\" href=\"https:\/\/www.freiburg-schwarzwald.de\/blog\/natur\/landwirt\/saatgut\/samengarten\/\">Regionalwert AG<\/a>, die sich zum Ziel gesetzt hat, dass bei Freiburgern wieder mehr Regionales auf dem Teller landet. Als Kapitalgeber, Netzwerker und Berater unterst\u00fctzt die AG Betriebe, die in der Region Bio-Nahrungsmittel produzieren. 24 Betriebe rund um Freiburg umschlie\u00dft <a title=\"Sozialunternehmen\" href=\"https:\/\/www.freiburg-schwarzwald.de\/blog\/business\/sozialunternehmen\/\">das Netzwerk<\/a>. Mit dem Adelhaus steigt Regionalwert nun in die Gastronomie ein. \u201eAber mittelfristig suchen wir junge Nachfolger, die sich etwas zutrauen und die Leitung von uns \u00fcbernehmen\u201c, sagt Gesch\u00e4ftsf\u00fchrer Christian Hiss. \u201eGerade in der Anfangsphase brauchen Gr\u00fcnder Unterst\u00fctzung \u2013 da liegt unser Aufgabengebiet\u201c, sagt Drescher. Das Adelhaus liegt etwas abseits der klassischen Pfade in der Freiburger Innenstadt \u2013 \u201eaber das ist doch gerade das Sch\u00f6ne, dass es so ruhig und gem\u00fctlich ist\u201c, findet Sitzmann. Vor allem aber \u00fcberzeuge sie das Konzept: \u201eHier kommen Stadt und Land zusammen.\u201c Es sei doch schade, dass in einer so fruchtbaren Region so viel Nahrung von weit her transportiert werde.<br \/>\n24.7.2016, Moritz Neufeld, <a href=\"https:\/\/www.der-sonntag.de\">www.der-sonntag.de<\/a><\/p>\n<p>&nbsp;<\/p>\n<p><a href=\"https:\/\/www.freiburg-schwarzwald.de\/blog\/adelhaus-esslokal-regionalwert\/adelhaus160812\/\" rel=\"attachment wp-att-62891\"><img loading=\"lazy\" decoding=\"async\" class=\"alignnone size-thumbnail wp-image-62891\" src=\"https:\/\/www.freiburg-schwarzwald.de\/blog\/wp-content\/uploads\/2016\/07\/adelhaus160812-180x135.jpg\" alt=\"adelhaus160812\" width=\"180\" height=\"135\" srcset=\"https:\/\/www.freiburg-schwarzwald.de\/blog\/wp-content\/uploads\/2016\/07\/adelhaus160812-180x135.jpg 180w, https:\/\/www.freiburg-schwarzwald.de\/blog\/wp-content\/uploads\/2016\/07\/adelhaus160812.jpg 640w\" sizes=\"auto, (max-width: 180px) 100vw, 180px\" \/><\/a>\u00a0 \u00a0 \u00a0Adelhaus am 31.8.2016<\/p>\n<p>&nbsp;<\/p>\n","protected":false},"excerpt":{"rendered":"<p>Am Adelhauser Platz in Freiburgs Altstadt hat das &#8222;Adelhaus&#8220;-Restaurant er\u00f6ffnet: Ein Fenchel, ein Kohlrabi, ein Salatkopf \u2013 die Bilder an den W\u00e4nden des neu er\u00f6ffneten Restaurants Adelhaus am Adelhauser Klosterplatz sind ungew\u00f6hnlich. Wer hier isst, soll wissen, woher sein Essen &hellip; <a href=\"https:\/\/www.freiburg-schwarzwald.de\/blog\/adelhaus-esslokal-regionalwert\/\">Weiterlesen <span class=\"meta-nav\">&rarr;<\/span><\/a><\/p>\n","protected":false},"author":2,"featured_media":0,"comment_status":"open","ping_status":"closed","sticky":false,"template":"","format":"standard","meta":{"footnotes":""},"categories":[138,178,141,11,6],"tags":[556,407,87,41,385,177],"class_list":["post-61750","post","type-post","status-publish","format-standard","hentry","category-gastro","category-kaiserstuhl","category-nachhaltigkeit","category-regio","category-vereine","tag-alternativ","tag-guest","tag-lokal-handeln","tag-nachhaltig","tag-vegetarisch-2","tag-wein"],"_links":{"self":[{"href":"https:\/\/www.freiburg-schwarzwald.de\/blog\/wp-json\/wp\/v2\/posts\/61750","targetHints":{"allow":["GET"]}}],"collection":[{"href":"https:\/\/www.freiburg-schwarzwald.de\/blog\/wp-json\/wp\/v2\/posts"}],"about":[{"href":"https:\/\/www.freiburg-schwarzwald.de\/blog\/wp-json\/wp\/v2\/types\/post"}],"author":[{"embeddable":true,"href":"https:\/\/www.freiburg-schwarzwald.de\/blog\/wp-json\/wp\/v2\/users\/2"}],"replies":[{"embeddable":true,"href":"https:\/\/www.freiburg-schwarzwald.de\/blog\/wp-json\/wp\/v2\/comments?post=61750"}],"version-history":[{"count":0,"href":"https:\/\/www.freiburg-schwarzwald.de\/blog\/wp-json\/wp\/v2\/posts\/61750\/revisions"}],"wp:attachment":[{"href":"https:\/\/www.freiburg-schwarzwald.de\/blog\/wp-json\/wp\/v2\/media?parent=61750"}],"wp:term":[{"taxonomy":"category","embeddable":true,"href":"https:\/\/www.freiburg-schwarzwald.de\/blog\/wp-json\/wp\/v2\/categories?post=61750"},{"taxonomy":"post_tag","embeddable":true,"href":"https:\/\/www.freiburg-schwarzwald.de\/blog\/wp-json\/wp\/v2\/tags?post=61750"}],"curies":[{"name":"wp","href":"https:\/\/api.w.org\/{rel}","templated":true}]}}