{"id":61656,"date":"2016-07-19T18:33:21","date_gmt":"2016-07-19T16:33:21","guid":{"rendered":"https:\/\/www.freiburg-schwarzwald.de\/blog\/?p=61656"},"modified":"2020-11-05T20:08:00","modified_gmt":"2020-11-05T19:08:00","slug":"nizza-wuerzburg-keine-angst","status":"publish","type":"post","link":"https:\/\/www.freiburg-schwarzwald.de\/blog\/nizza-wuerzburg-keine-angst\/","title":{"rendered":"Nizza Wuerzburg &#8211; Keine Angst"},"content":{"rendered":"<p>Auch nach dem <a title=\"Terror\" href=\"https:\/\/www.freiburg-schwarzwald.de\/blog\/religion\/islam\/terror\/\">Anschl\u00e4gen<\/a> von<a href=\"https:\/\/www.freiburg-schwarzwald.de\/blog\/global\/france\/nizza29-10-2020\/\"> Nizza<\/a> und <a title=\"Wuerzburg2016Axt\" href=\"https:\/\/www.freiburg-schwarzwald.de\/blog\/selbsthilfe\/krise\/gewalt\/wuerzburg2016axt\/\">W\u00fcrzburg<\/a> die \u00fcblichen <a title=\"Political-Correctness\" href=\"https:\/\/www.freiburg-schwarzwald.de\/blog\/kultur\/medien\/political-correctness\/\">Betroffenheitsmeldungen<\/a>: Unsere <a title=\"Ehrlichkeit\" href=\"https:\/\/www.freiburg-schwarzwald.de\/blog\/engagement\/zukunft\/ehrlichkeit\/\">Gedanken<\/a> sind bei den Opfern. <a title=\"Diskussionskultur\" href=\"https:\/\/www.freiburg-schwarzwald.de\/blog\/kultur\/medien\/diskussionskultur\/\">Mahnung<\/a> zur <a title=\"Gesinnungsethik\" href=\"https:\/\/www.freiburg-schwarzwald.de\/blog\/engagement\/zukunft\/demokratie\/gesinnungsethik\/\">Besonnenheit<\/a>. Auf <a title=\"Groessenwahn\" href=\"https:\/\/www.freiburg-schwarzwald.de\/blog\/engagement\/zukunft\/groessenwahn\/\">keinen Fall<\/a> einen <a title=\"Vorverurteilung\" href=\"https:\/\/www.freiburg-schwarzwald.de\/blog\/kultur\/medien\/vorverurteilung\/\">Generalverdach<\/a>t \u00e4u\u00dfern, da die <a title=\"Diffamierung\" href=\"https:\/\/www.freiburg-schwarzwald.de\/blog\/kultur\/medien\/diffamierung\/\">\u00fcberwiegende Mehrheit<\/a> der <a title=\"Islam\" href=\"https:\/\/www.freiburg-schwarzwald.de\/blog\/religion\/islam\/\">Muslime<\/a> <a title=\"Integration\" href=\"https:\/\/www.freiburg-schwarzwald.de\/blog\/global\/integration\/\">friedlich<\/a> sei. <a title=\"Kontrollierte-Grenzen\" href=\"https:\/\/www.freiburg-schwarzwald.de\/blog\/global\/migration\/kontrollierte-grenzen\/\">Grenzen<\/a>\u00a0bleiben <a title=\"Grenzen\" href=\"https:\/\/www.freiburg-schwarzwald.de\/blog\/global\/eu\/grenzen\/\">offen<\/a>. Keine sch\u00e4rferen <a title=\"Rechtsstaat\" href=\"https:\/\/www.freiburg-schwarzwald.de\/blog\/selbsthilfe\/soziales\/justiz\/rechtsstaat\/\">Gesetze<\/a>, sondern <a title=\"Fluechtlingslager\" href=\"https:\/\/www.freiburg-schwarzwald.de\/blog\/global\/migration\/fluechtlingslager\/\">Ursachenbek\u00e4mpfung<\/a> in Arabien, <a title=\"Maghreb\" href=\"https:\/\/www.freiburg-schwarzwald.de\/blog\/global\/maghreb\/\">Maghreb<\/a> und Afrika. Hoffentlich nutzen <a title=\"Populismus\" href=\"https:\/\/www.freiburg-schwarzwald.de\/blog\/engagement\/zukunft\/demokratie\/populismus\/\">Rechtspopulisten<\/a> den Anschlag nicht f\u00fcr ihre Parolen. <!--more-->Es hat &#8222;nix it nix zu tun&#8220;, zumal es sich bei dem <a title=\"UMF\" href=\"https:\/\/www.freiburg-schwarzwald.de\/blog\/global\/integration\/umf\/\">UMF<\/a> sicher um einen psychisch kranken Einzelt\u00e4ter handelt, so die ersten Pressemeldungen \u00fcbereinstimmend. Dass sich <a title=\"Angst\" href=\"https:\/\/www.freiburg-schwarzwald.de\/blog\/engagement\/zukunft\/angst\/\">Angst<\/a> breit macht in der Bev\u00f6lkerung &#8211; vor dem n\u00e4chsten Anschlag, vor <a title=\"Ueberfremdung\" href=\"https:\/\/www.freiburg-schwarzwald.de\/blog\/global\/integration\/ueberfremdung\/\">\u00dcberfremdung<\/a> &#8211; ist ein Zeichen von Dummheit und\/oder rechtslastiger Gesinnung. Denn <a title=\"Bruessel22-3-2016\" href=\"https:\/\/www.freiburg-schwarzwald.de\/blog\/engagement\/zukunft\/demokratie\/bruessel22-3-2016\/\">es hat alles nix mit nix zu tun<\/a>.<br \/>\n19.7.2016<\/p>\n<p><strong>Islamisierung &#8222;in nur wenigen Tagen&#8220;&#8218;<\/strong><br \/>\nDer 17j\u00e4hrige afghanische Fl\u00fcchtling Muhammad Riyad galt als <a title=\"Versorgungsmigration\" href=\"https:\/\/www.freiburg-schwarzwald.de\/blog\/global\/migration\/versorgungsmigration\/\">Vorzeige-UMF<\/a> einer gelungenen Integration: Im Juni 1015 \u00fcber Passau ohne Pa\u00df eingereist, lernte er rasch die deutsche Sprache. Aufnahme in Kolpingheim, dann in Pflegefamilie, Aussicht auf Lehrstelle als B\u00e4cker nach Praktikum. Religi\u00f6ser sunnitischer Muslim, aber nicht fundamentalistisch. Laut Prof Peter Neumann, London, erfolgte seine &#8222;Radikalisierung zum IS in nur wenigen Tagen.&#8220; (Ard-Brennpunkt 19.7.2016, 20.15 Uhr), um sich als Axt-Angreifer &#8222;Allahu akbar&#8220; rufend an Ungl\u00e4ubigen zu r\u00e4chen. Bislang wurde unisono berichtet, eine Islamisierung erfolge \u00fcber viele Jahre hinweg.<br \/>\nNun beim Attent\u00e4ter von W\u00fcrzburg &#8211; wie auch dem von Nizza &#8211; die Hinwendung von Muslimen zum Terrorismus in nur wenigen Tagen. Darf dies nicht zu Ungehagen und Angst f\u00fchren, darf dies nicht hinterfragt werden? Hat das alles nichts mit dem Islam zu tun? Nix mit nix?<br \/>\n20.7.2016<\/p>\n<p><strong>Warum ist es nicht legitim, sich zu f\u00fcrchten?<\/strong><br \/>\n&#8222;Was f\u00fcr einen Unterschied macht es, ob ein radikalislamischer T\u00e4ter sich eben auf einer \u201eFl\u00fcchtlings\u201c-Welle nach Europa tragen lie\u00df (W\u00fcrzburg), ob er vor zehn Jahren hierher kam (Br\u00fcssel) oder ob er hier geboren wurde (Nizza) und seine Familie in der dritten Generation in Europa lebt (Paris)?<br \/>\nWarum ist es nicht legitim, sich vor den in unseren freien Gesellschaften offensichtlich \u00fcberall lauernden tickenden Bomben zu f\u00fcrchten, warum wird diese Besorgnis als irrational und\/oder als Ausdruck von Fremdenfeindlichkeit diffamiert? Auf diese Fragen werden wir wohl keine Antwort bekommen.<br \/>\nPolitik und Medien sind voll damit ausgelastet, Millionen junger arabischer M\u00e4nner willkommen zu hei\u00dfen, massenhafte Sexualdelikte als \u201eGrabschereien\u201c herunterzuspielen, die Kapitulation vor T\u00e4tern mit Migrationshintergrund zur \u201eSt\u00e4rke des Rechtsstaats\u201c umzuschminken und den Islamischen Staat als \u201ein Wahrheit antimuslimisch\u201c (Stefan Ulrich in der SZ) darzustellen &#8211; und vor allem damit, den wohlfeilen Kampf gegen Rechts zu f\u00fchren. Rechts ist ja heute per definitionem alles, was nicht links ist &#8230;. Alles von Claudio Casula vom 17.7.2016 bitte lesen auf<br \/>\n<a href=\"https:\/\/www.achgut.com\/artikel\/was_wir_bisher_ueber_die_deutschen_reaktionen_auf_den_terror_wissen_-_und_w\">https:\/\/www.achgut.com\/artikel\/was_wir_bisher_ueber_die_deutschen_reaktionen_auf_den_terror_wissen_-_und_w<\/a><\/p>\n<p><strong>Nizza am 14.7.2016:<\/strong> Am franz\u00f6sischen Nationalfeiertag rast der Attent\u00e4ter Mohamed Lahouaiej-Bouhlel (31) \u2013 der in die radikal-islamistische Szene abgedriftet sein soll \u2013 mit einem Mietlastwagen \u00fcber die Promenade des Anglais in Nizza direkt in die Menge hinein und t\u00f6tet 84 Menschen, darunter \u015eilan A. (19), Selma und ihre Lehrerin Saskia S. aus Berlin.<\/p>\n<p><strong>W\u00fcrzburg am 18.7.2016:<\/strong> Ein siebzehnj\u00e4hriger Afghane ist in einem Regionalzug mit einer Axt und einem Messer auf Reisende losgegangen, hat vier von ihnen lebensgef\u00e4hrlich verletzt und wurde, nachdem er auch Polizisten attackiert hatte, von einem Sondereinsatzkommando erschossen.<br \/>\n.<br \/>\n<strong>K\u00fcnast macht Polizei verantwortlich<\/strong><br \/>\nZur W\u00fcrzburger Axt-Attacke postet Renate K\u00fcnast (Gr\u00fcne), Vorsitzende des Rechtsausschusses des Deutschen Bundestags, auf Twitter am 18.7.2016 nachts kurz nach der Tat:<br \/>\n<em>&#8222;Tragisch und wir hoffen f\u00fcr die Verletzten. Wieso konnte der Angreifer nicht angriffsunf\u00e4hig geschossen werden???? Fragen!&#8220;<\/em><br \/>\nMit diesem Tweet wird die Polizei zum T\u00e4ter, der muslimische UMF als eigentlicher T\u00e4ter zum Opfer und die \u00fcberfallenen Opfer zur Nebensache gemacht. Damit leistet Renate K\u00fcnast in bester Gutmenschen-Logik Werbung f\u00fcr die <a title=\"AfD\" href=\"https:\/\/www.freiburg-schwarzwald.de\/blog\/vereine\/partei\/afd\/\">AfD<\/a> &#8211; gewollt, weil &#8222;Deutschland, Du mieses St\u00fcck Schei\u00dfe&#8220; kaputt gehen soll.<br \/>\n.<br \/>\n<strong>K\u00fcnast guckt Kinofilme?<\/strong><br \/>\n&#8222;Das ist eine ausgesprochen bescheuerte Frage, muss man wirklich sagen. Von ahnungslosen Politikern. Und das nervt eigentlich auch wirklich. Die Frau K\u00fcnast soll nicht so viele schlechte Kinofilme gucken. Wer glaubt, wenn einer mit Axt und Messer auf die Polizei losgeht, dann fangen wir an, dem das Beil aus der Hand zu schie\u00dfen \u2013 das ist wirklich ahnungslos und dumm.&#8220;<br \/>\nWainer Wendt, Chef der Polizeigewerkschaft, am 19.7.2016<br \/>\n.<br \/>\n<strong>K\u00fcnast ganz vorne<\/strong><br \/>\nEin solches Attentat (W\u00fcrzburg 18.7.2016), wenige Tage nach der Amokfahrt eines Islamisten an der C\u00f4te d\u2019Azur (Nizza, 14.7.2016)): Man m\u00f6chte meinen, das w\u00e4re der Moment f\u00fcr wenigstens ein kurzes Innehalten. Aber Renate K\u00fcnast will ganz vorne mit dabei sein und die Debatte, die diese neue Bluttat ausl\u00f6sen k\u00f6nnte, gleich in die von ihr gew\u00fcnschte Richtung lenken.<br \/>\nDenn wer da zugestochen hat, war m\u00e4nnlich, jung, Muslim und Fl\u00fcchtling \u2013 die Tat ist gleicherma\u00dfen der wahrgewordene Albtraum all jener, die sich f\u00fcr eine Politik der offenen Grenzen aussprachen, wie jener, die dem <a title=\"Wir-schaffen-das\" href=\"https:\/\/www.freiburg-schwarzwald.de\/blog\/global\/migration\/wir-schaffen-das\/\">\u201eWir-schaffen-das\u201c<\/a>-Mantra der Kanzlerin misstrauten. Mehr als <a title=\"Fluechtlinge2016\" href=\"https:\/\/www.freiburg-schwarzwald.de\/blog\/global\/integration\/fluechtlinge2016\/\">zwei Millionen Fl\u00fcchtlinge<\/a> sind 2015 nach Deutschland gekommen. Also tippt Renate K\u00fcnast los: \u201eTragisch und wir hoffen f\u00fcr die Verletzten. Wieso kann der Angreifer nicht angriffsunf\u00e4hig geschossen werden???? Fragen!\u201c &#8230;. Alles vom 19.7.2016 auf<br \/>\n<a href=\"https:\/\/www.faz.net\/aktuell\/feuilleton\/renate-kuenasts-tweet-ueber-den-zug-attentaeter-von-wuerzburg-14347745.html\">https:\/\/www.faz.net\/aktuell\/feuilleton\/renate-kuenasts-tweet-ueber-den-zug-attentaeter-von-wuerzburg-14347745.html<br \/>\n<\/a>\u00a0\u00a0 .<br \/>\n<strong>Fl\u00fcchtling als T\u00e4ter, nicht als Opfer<br \/>\n<\/strong>Dass der Gr\u00fcnen-Politikerin Renate K\u00fcnast nach der Tat nichts Kl\u00fcgeres einfiel, als \u00fcber Twitter blitzschnell das Vorgehen der Polizei in Frage zu stellen, lie\u00df das Bem\u00fchen erkennen, in jedem Fl\u00fcchtling prinzipiell ein Opfer zu sehen. Dieses Bem\u00fchen ist weltfremd \u2013 und tr\u00e4gt wenig zum Erhalt von Offenheit und Toleranz hierzulande bei. &#8230;. Alles von Rhomas Fricker vom 20.7.2016 bitte lesen auf<br \/>\n<a href=\"https:\/\/www.badische-zeitung.de\/kommentare-1\/verbrechen-duerfen-nicht-zum-verrat-unserer-werte-fuehren--125084093.html\">https:\/\/www.badische-zeitung.de\/kommentare-1\/verbrechen-duerfen-nicht-zum-verrat-unserer-werte-fuehren&#8211;125084093.html<\/a><\/p>\n","protected":false},"excerpt":{"rendered":"<p>Auch nach dem Anschl\u00e4gen von Nizza und W\u00fcrzburg die \u00fcblichen Betroffenheitsmeldungen: Unsere Gedanken sind bei den Opfern. Mahnung zur Besonnenheit. Auf keinen Fall einen Generalverdacht \u00e4u\u00dfern, da die \u00fcberwiegende Mehrheit der Muslime friedlich sei. Grenzen\u00a0bleiben offen. Keine sch\u00e4rferen Gesetze, sondern &hellip; <a href=\"https:\/\/www.freiburg-schwarzwald.de\/blog\/nizza-wuerzburg-keine-angst\/\">Weiterlesen <span class=\"meta-nav\">&rarr;<\/span><\/a><\/p>\n","protected":false},"author":2,"featured_media":0,"comment_status":"open","ping_status":"closed","sticky":false,"template":"","format":"standard","meta":{"footnotes":""},"categories":[195,155,80,157,19],"tags":[485,732,421,525,405],"class_list":["post-61656","post","type-post","status-publish","format-standard","hentry","category-eu","category-integration","category-medien","category-oeffentlicher-raum","category-religion","tag-refugee","tag-gewalt","tag-islam","tag-politik","tag-polizei"],"_links":{"self":[{"href":"https:\/\/www.freiburg-schwarzwald.de\/blog\/wp-json\/wp\/v2\/posts\/61656","targetHints":{"allow":["GET"]}}],"collection":[{"href":"https:\/\/www.freiburg-schwarzwald.de\/blog\/wp-json\/wp\/v2\/posts"}],"about":[{"href":"https:\/\/www.freiburg-schwarzwald.de\/blog\/wp-json\/wp\/v2\/types\/post"}],"author":[{"embeddable":true,"href":"https:\/\/www.freiburg-schwarzwald.de\/blog\/wp-json\/wp\/v2\/users\/2"}],"replies":[{"embeddable":true,"href":"https:\/\/www.freiburg-schwarzwald.de\/blog\/wp-json\/wp\/v2\/comments?post=61656"}],"version-history":[{"count":1,"href":"https:\/\/www.freiburg-schwarzwald.de\/blog\/wp-json\/wp\/v2\/posts\/61656\/revisions"}],"predecessor-version":[{"id":84429,"href":"https:\/\/www.freiburg-schwarzwald.de\/blog\/wp-json\/wp\/v2\/posts\/61656\/revisions\/84429"}],"wp:attachment":[{"href":"https:\/\/www.freiburg-schwarzwald.de\/blog\/wp-json\/wp\/v2\/media?parent=61656"}],"wp:term":[{"taxonomy":"category","embeddable":true,"href":"https:\/\/www.freiburg-schwarzwald.de\/blog\/wp-json\/wp\/v2\/categories?post=61656"},{"taxonomy":"post_tag","embeddable":true,"href":"https:\/\/www.freiburg-schwarzwald.de\/blog\/wp-json\/wp\/v2\/tags?post=61656"}],"curies":[{"name":"wp","href":"https:\/\/api.w.org\/{rel}","templated":true}]}}