{"id":61588,"date":"2016-07-11T15:45:15","date_gmt":"2016-07-11T13:45:15","guid":{"rendered":"https:\/\/www.freiburg-schwarzwald.de\/blog\/?p=61588"},"modified":"2016-07-11T15:58:58","modified_gmt":"2016-07-11T13:58:58","slug":"toleranz-akzeptanz-respekt-csd","status":"publish","type":"post","link":"https:\/\/www.freiburg-schwarzwald.de\/blog\/toleranz-akzeptanz-respekt-csd\/","title":{"rendered":"Toleranz Akzeptanz Respekt CSD"},"content":{"rendered":"<p>Unter dem Motto &#8222;F\u00fcr Vielfalt und Toleranz&#8220; zogen ca <a title=\"Demo\" href=\"https:\/\/www.freiburg-schwarzwald.de\/blog\/engagement\/buergerinitiativen\/demo\/\">3000 Teilnehmer<\/a> mit 13 Wagen zum <a title=\"Homosexualitaet\" href=\"https:\/\/www.freiburg-schwarzwald.de\/blog\/selbsthilfe\/soziales\/homosexualitaet\/\">Christopher-Street-Day<\/a> (CSD) am 9.7.2015 durch <a title=\"KaJo\" href=\"https:\/\/www.freiburg-schwarzwald.de\/blog\/regio\/freiburg\/kajo\/\">Freiburgs Altstadt<\/a>. Laut, schrill, nackig und friedlich.\u00a0 Mehr <a title=\"Strassenmusik\" href=\"https:\/\/www.freiburg-schwarzwald.de\/blog\/kultur\/musik\/strassenmusik\/\">musikalisch<\/a> (Techno, Punk) als politsch (gegen <a title=\"Rechts\" href=\"https:\/\/www.freiburg-schwarzwald.de\/blog\/engagement\/zukunft\/demokratie\/rechts\/\">Rechts<\/a>, <a title=\"Homosexualitaet\" href=\"https:\/\/www.freiburg-schwarzwald.de\/blog\/selbsthilfe\/soziales\/homosexualitaet\/\">Schwulenclub<\/a> Orlando). Die meisten Zuschauer waren happy, einige\u00a0 jedoch durchaus auch nachdenklich.\u00a0 Zwei Beispiele:<br \/>\n<!--more-->(1) Nicht nur M\u00e4nner, sondern auch Frauen pinkeln beim CSD <a title=\"Oeffentlicher-Raum\" href=\"https:\/\/www.freiburg-schwarzwald.de\/blog\/kultur\/oeffentlicher-raum\/\">coram publico<\/a> ins <a title=\"Baechle\" href=\"https:\/\/www.freiburg-schwarzwald.de\/blog\/regio\/freiburg\/baechle\/\">B\u00e4chle<\/a>, und zwar in zwei Varianten: Mit gespreizten Beinen (B\u00e4chle dazwischen) oder\u00a0 &#8211; wie annodazumal auf dem <a title=\"Pferde\" href=\"https:\/\/www.freiburg-schwarzwald.de\/blog\/natur\/tiere\/pferde\/\">Pferder\u00fccken<\/a> &#8211; mit beiden Beinen auf einer Seite (<a title=\"Baechle\" href=\"https:\/\/www.freiburg-schwarzwald.de\/blog\/regio\/freiburg\/baechle\/\">B\u00e4chle<\/a> hinten). Staunende Kinder bekamen &#8222;Guck nicht so bl\u00f6d&#8220; als Antwort, ihre Eltern mu\u00dften ganz feste\u00a0<a title=\"Tabu-Kultur \u2013 Selbstverleugnung\" href=\"https:\/\/www.freiburg-schwarzwald.de\/blog\/tabu-kultur-selbstverleugnung\/\">Toleranz<\/a> \u00fcben.<\/p>\n<p>(2) <a title=\"Migration-Maenner\" href=\"https:\/\/www.freiburg-schwarzwald.de\/blog\/global\/migration\/migration-maenner\/\">Junge Migranten<\/a> und besonders die <a title=\"UMF\" href=\"https:\/\/www.freiburg-schwarzwald.de\/blog\/global\/integration\/umf\/\">UMFs<\/a> kamen im Anblick des mehr geil-anz\u00fcglichen als\u00a0 frivolen Tanzens, Posierens und Anmachens aus dem <a title=\"Islam-Frauen\" href=\"https:\/\/www.freiburg-schwarzwald.de\/blog\/religion\/islam\/islam-frauen\/\">Staunen<\/a> nicht heraus. Eher <a title=\"Fluechtlinge-Sex\" href=\"https:\/\/www.freiburg-schwarzwald.de\/blog\/global\/integration\/fluechtlinge-sex\/\">verwirrt<\/a> als amused knipsten sie denn auch, was das Smartphone hergab, um die Bilder nach Hause zu Eltern, Freunden, Familie und Clan zu mailen. Was werden die wohl \u00fcber uns denken in Syrien, Irak oder Eritrea?<br \/>\n11.7.2016<\/p>\n<p><strong>Viel Bauch<\/strong><br \/>\n\u00dcberhaupt zeigen die CSD-Teilnehmer viel Bauch, manche auch ein bisschen Hintern und \u00fcberraschend f\u00fcr Freiburg sind auch einige Barbusige dabei.\u00a0 &#8230; Alles vom 11.7.2016 bitte lesen auf<br \/>\n<a href=\"https:\/\/www.badische-zeitung.de\/csd-in-freiburg-2500-menschen-zeigen-bauch-und-flagge\">https:\/\/www.badische-zeitung.de\/csd-in-freiburg-2500-menschen-zeigen-bauch-und-flagge<\/a><\/p>\n<p><strong>Irritierte Migranten<\/strong><br \/>\nZu beobachten war jedenfalls mehrfach, wie das frivole Gefecht gerade auch Zuschauer mit Migrationshintergrund ziemlich irritierte \u2013 und zwar derart, dass sie diese ungew\u00f6hnliche Begebenheit mit ihren Handys dokumentieren mussten.\u00a0 &#8230;. Alles vom 11.7.2015 auf<br \/>\n<a href=\"https:\/\/www.badische-zeitung.de\/freiburg\/die-wahre-bestimmung-der-freiburger-baechle--124632506.html\">https:\/\/www.badische-zeitung.de\/freiburg\/die-wahre-bestimmung-der-freiburger-baechle&#8211;124632506.html<\/a><\/p>\n<p>.<\/p>\n<p><strong>Toleranz, Akzeptanz und <a title=\"Respekt\" href=\"https:\/\/www.freiburg-schwarzwald.de\/blog\/engagement\/respekt\/\">Respekt<br \/>\n<\/a><\/strong>Diese drei Begriffe bauen aufeinander auf &#8211; Respekt setzt Akzeptanz und Toleranz voraus.<\/p>\n<p><em>Toleranz<\/em> bedeutet, einen Menschen mit all seinen Eigenschaften hinzunehmen (negativ: zu ertragen), ohne diese irgendwie zu hinterfragen.<br \/>\n<em>Akzeptanz<\/em> bedeutet, einen Menschen so anzunehmen, wie er ist, indem man seine Eigenschaften f\u00fcr sich selbst als &#8222;in Ordnung&#8220; festlegt. Akzeptanz ist Voraussetzung, dass Freundschaft und vielleicht auch Liebe zwischen Menschen entstehen kann.<br \/>\n<em>Respekt<\/em> bedeutet, einen Menschen in seinen F\u00e4higkeiten anzuerkennen, ihm dabei aber nicht zu nahe zu treten. Man respektiert jemanden, der etwas besonders gut kann und ggf. sogar Bewunderung verdient. Wer jemandem Respekt erweist, braucht sich selbst\u00a0 deshalb nicht erniedrigt zu f\u00fchlen.<\/p>\n<p>Eine Frau, die bei der CSD-Parade in Freiburg <a title=\"Oeffentlicher-Raum\" href=\"https:\/\/www.freiburg-schwarzwald.de\/blog\/kultur\/oeffentlicher-raum\/\">coram publico<\/a> ins B\u00e4chle pinkelt, mu\u00df man <em>tolerieren<\/em> &#8211; dies ist dem <a title=\"Dagegen-Sein und Zeitgeist\" href=\"https:\/\/www.freiburg-schwarzwald.de\/blog\/dagegen-sein-und-zeitgeist\/\">Zeitgeist<\/a> geschuldet.<br \/>\nEine ins B\u00e4chle der Herrenstrasse pinkelnde Frau mu\u00df man ggf. sogar <em>akzeptieren<\/em>. Grund: W\u00fcrde man sich dagegen wenden, gibts zumindest verbale Haue von all den mainstream-Gegenderten, da ein Mann ja auch ins B\u00e4chle pinkeln darf, was Frau jetzt tut.<br \/>\nAber <em>Respekt erweisen<\/em> braucht man der Pinklerin nicht &#8211; jedenfalls noch nicht.<br \/>\n11.7.2016<\/p>\n","protected":false},"excerpt":{"rendered":"<p>Unter dem Motto &#8222;F\u00fcr Vielfalt und Toleranz&#8220; zogen ca 3000 Teilnehmer mit 13 Wagen zum Christopher-Street-Day (CSD) am 9.7.2015 durch Freiburgs Altstadt. Laut, schrill, nackig und friedlich.\u00a0 Mehr musikalisch (Techno, Punk) als politsch (gegen Rechts, Schwulenclub Orlando). Die meisten Zuschauer &hellip; <a href=\"https:\/\/www.freiburg-schwarzwald.de\/blog\/toleranz-akzeptanz-respekt-csd\/\">Weiterlesen <span class=\"meta-nav\">&rarr;<\/span><\/a><\/p>\n","protected":false},"author":2,"featured_media":0,"comment_status":"open","ping_status":"closed","sticky":false,"template":"","format":"standard","meta":{"footnotes":""},"categories":[52,49,249,60,119,157,65,6,172],"tags":[521,301,622,576,650,651],"class_list":["post-61588","post","type-post","status-publish","format-standard","hentry","category-einewelt","category-freiburg","category-hock","category-jugend","category-kunst","category-oeffentlicher-raum","category-sexuellermissbrauch","category-vereine","category-zukunft","tag-family","tag-culture","tag-migration","tag-offentlich","tag-sex","tag-umzug"],"_links":{"self":[{"href":"https:\/\/www.freiburg-schwarzwald.de\/blog\/wp-json\/wp\/v2\/posts\/61588","targetHints":{"allow":["GET"]}}],"collection":[{"href":"https:\/\/www.freiburg-schwarzwald.de\/blog\/wp-json\/wp\/v2\/posts"}],"about":[{"href":"https:\/\/www.freiburg-schwarzwald.de\/blog\/wp-json\/wp\/v2\/types\/post"}],"author":[{"embeddable":true,"href":"https:\/\/www.freiburg-schwarzwald.de\/blog\/wp-json\/wp\/v2\/users\/2"}],"replies":[{"embeddable":true,"href":"https:\/\/www.freiburg-schwarzwald.de\/blog\/wp-json\/wp\/v2\/comments?post=61588"}],"version-history":[{"count":0,"href":"https:\/\/www.freiburg-schwarzwald.de\/blog\/wp-json\/wp\/v2\/posts\/61588\/revisions"}],"wp:attachment":[{"href":"https:\/\/www.freiburg-schwarzwald.de\/blog\/wp-json\/wp\/v2\/media?parent=61588"}],"wp:term":[{"taxonomy":"category","embeddable":true,"href":"https:\/\/www.freiburg-schwarzwald.de\/blog\/wp-json\/wp\/v2\/categories?post=61588"},{"taxonomy":"post_tag","embeddable":true,"href":"https:\/\/www.freiburg-schwarzwald.de\/blog\/wp-json\/wp\/v2\/tags?post=61588"}],"curies":[{"name":"wp","href":"https:\/\/api.w.org\/{rel}","templated":true}]}}