{"id":61515,"date":"2016-07-06T15:31:23","date_gmt":"2016-07-06T13:31:23","guid":{"rendered":"https:\/\/www.freiburg-schwarzwald.de\/blog\/?p=61515"},"modified":"2016-07-06T16:10:24","modified_gmt":"2016-07-06T14:10:24","slug":"70-jahre-badische-zeitung-bz","status":"publish","type":"post","link":"https:\/\/www.freiburg-schwarzwald.de\/blog\/70-jahre-badische-zeitung-bz\/","title":{"rendered":"70 Jahre Badische Zeitung &#8211; BZ"},"content":{"rendered":"<p><a title=\"Badische Zeitung 70 Jahre Regio\" href=\"https:\/\/www.freiburg-schwarzwald.de\/blog\/badische-zeitung-70-jahre-regio\/\">70 Jahre<\/a> ist ein besonderes Jubil\u00e4um, sogar f\u00fcr eine <a title=\"Medien\" href=\"https:\/\/www.freiburg-schwarzwald.de\/blog\/kultur\/medien\/\">Zeitung<\/a>: Im Juni 2016 feierte die <a title=\"Zeitung\" href=\"https:\/\/www.freiburg-schwarzwald.de\/blog\/kultur\/medien\/zeitung\/\">BZ<\/a> in Freiburg 70 Jahre <a title=\"Trirhena\" href=\"https:\/\/www.freiburg-schwarzwald.de\/blog\/regio\/trirhena\/\">Lokaljournalismus<\/a> von 1946 bis 2016. Qualit\u00e4t mit strenger Trennung von Nachricht und Kommentar war ihre Devise, auch nachdem die BZ als Monopolist im Gro\u00dfraum Freiburg \u00fcbrigblieb. Die <a title=\"BZ\" href=\"https:\/\/www.freiburg-schwarzwald.de\/blog\/kultur\/medien\/zeitung\/bz\/\">Badische Zeitung<\/a>\u00a0war immer vorneweg, auch als das <a title=\"Internet\" href=\"https:\/\/www.freiburg-schwarzwald.de\/blog\/kultur\/internet\/\">Internet<\/a> aufkam. <!--more-->Als man bei der Rhein-Neckar-Zeitung in Heidelberg noch \u00fcber die &#8222;handgestrickte&#8220; Homepage\u00a0<a href=\"https:\/\/www.rnz.de\">www.rnz.de<\/a> eMail-Adressen serviert bekam zum Aufgeben einer Anzeige und Absenden eines Leserbriefs, da wurden bei <a href=\"https:\/\/www.bzol.de\">www.bzol.de<\/a>, <a href=\"https:\/\/www.bz-online.de\">www.bz-online.de<\/a> schon bequem auszuf\u00fcllende Online-Formulare angeboten. Bald wurde <a href=\"https:\/\/www.badische-zeitung.de\">www.badische-zeitung.de<\/a> zu einem der f\u00fchrenden Zeitungsportale mit Archivierung aller Artikel.<br \/>\n<a href=\"https:\/\/www.fudder.de\">www.fudder.de<\/a> kam dazu mit Infos f\u00fcr J\u00fcngere und Junggebliebene.<br \/>\nUnd f\u00fcr Kinder <a href=\"https:\/\/www.zisch.de\">www.zisch.de<\/a> bzw. <a href=\"https:\/\/www.badische-zeitung.de\/ratgeber\/zisch\/index.html\">https:\/\/www.badische-zeitung.de\/ratgeber\/zisch\/index.html<\/a><br \/>\nund den Ratgeber <a href=\"https:\/\/www.zischup.de\">www.zischup.de<\/a>. <a href=\"https:\/\/www.bzetti.de\">www.bzetti.de<\/a>.<br \/>\nSchlie\u00dflich die Zeitung zum Sonntag <a href=\"https:\/\/www.der-sonntag.de\">www.der-sonntag.de<\/a><\/p>\n<p>Nat\u00fcrlich hat man zum 70. Geburtstag der BZ gefeiert, dar\u00fcberhinaus aber den Zeitungslesern in vielen Beilagen, Sonderseiten und Extrabl\u00e4ttern fundierte Information geboten zur Zeitgeschichte 1946-2016 &#8211; alles Print wie im Web abrufbar. Die Sonderseiten &#8222;70 Jahre &#8211; 70 Seiten&#8220; laufen derzeit weiter.<\/p>\n<p>Es bleibt der BZ zu w\u00fcnschen, dass sie das Zeitungssterben, das neben den \u00fcberregionalen gerade die lokalen Bl\u00e4tter bedroht, \u00fcberstehen kann. Schlimm genug, dass in Zuge der gewaltigen Konkurrenz seitens des Internet die Geh\u00e4lter und Arbeitsbedinungen der Journalisten und Redakteure, vor allem die der freien journalistischen Mitarbeiter und jungen Volont\u00e4re immer weiter angeknabbert werden.<br \/>\nHoffentlich tragen die vielen so interessanten Sonderinfos zum 70 Jubil\u00e4um (siehe unten) dazu bei, dass wieder mehr Abonnenten bereit sind, die BZ als &#8222;unsere lokale Tageszeitung&#8220; zu unterst\u00fctzen: Um die BZ morgens aus dem Briefkasten zu holen oder im Digital-Abonnement auf dem Smartphone bzw Tablet zu lesen. Wie hei\u00dft es so sch\u00f6n: &#8222;Global denken &#8211; lokal handeln.&#8220; Lokal handeln mit einem BZ-Abonnement.<br \/>\n6.7.2016<br \/>\n.<\/p>\n<p><strong>Jubil\u00e4umsbeilage zur Zeitgeschichte downloaden<\/strong><br \/>\nWindows-User k\u00f6nnen die Jubil\u00e4umsbeilage (ebenfalls kostenlos) in unserer neuen eZeitung lesen:<\/p>\n<p><a href=\"https:\/\/ezeitung.badische-zeitung.de\/shelf.act?filter=FRE&amp;s=7260.655620229055\"> https:\/\/ezeitung.badische-zeitung.de\/shelf.act?filter=FRE&amp;s=7260.655620229055<\/a><br \/>\nBZ-Festakt am 17.Juni 2016<br \/>\n<a href=\"https:\/\/www.badische-zeitung.de\/freiburg\/70-jahre-bz-die-festreden-zum-nachlesen--123485643.html\">https:\/\/www.badische-zeitung.de\/freiburg\/70-jahre-bz-die-festreden-zum-nachlesen&#8211;123485643.html<\/a><br \/>\n<a href=\"https:\/\/www.badische-zeitung.de\/freiburg\/fotos-70-jahre-bz-der-festakt-in-der-markthalle\">https:\/\/www.badische-zeitung.de\/freiburg\/fotos-70-jahre-bz-der-festakt-in-der-markthalle<\/a><br \/>\n.<br \/>\n<strong>BZ App zur Zeitgeschichte<\/strong><br \/>\nAuf 100 Zeitungsseiten hat die BZ ihren Lesern in den vergangenen Tagen ihre Geschichte erz\u00e4hlt \u2013 mit Zeitzeugengespr\u00e4chen, Essays und Anekdoten. Die gesamte Beilage gibt es in der BZ-App als Download \u2013 kostenlos. Die BZ-App l\u00e4uft auf dem iPad, dem iPhone und allen modernen Mobilger\u00e4ten mit dem Betriebssystem Android. Der Download der BZ-App ist ebenfalls kostenlos. Ein BZ-Abonnement oder eine Registrierung wird nicht ben\u00f6tigt.<br \/>\nJetzt herunterladen und kostenlos lesen: BZ-App f\u00fcr iOS und Android:<br \/>\n<a href=\"https:\/\/www.badische-zeitung.de\/bzapp\">https:\/\/www.badische-zeitung.de\/bzapp<\/a><br \/>\n<a href=\"https:\/\/www.badische-zeitung.de\/wir-ueber-uns-4\/70-jahre-bz-lesen-sie-die-geschichte-der-badischen-zeitung--123269660.html\">https:\/\/www.badische-zeitung.de\/wir-ueber-uns-4\/70-jahre-bz-lesen-sie-die-geschichte-der-badischen-zeitung&#8211;123269660.html<\/a><\/p>\n","protected":false},"excerpt":{"rendered":"<p>70 Jahre ist ein besonderes Jubil\u00e4um, sogar f\u00fcr eine Zeitung: Im Juni 2016 feierte die BZ in Freiburg 70 Jahre Lokaljournalismus von 1946 bis 2016. Qualit\u00e4t mit strenger Trennung von Nachricht und Kommentar war ihre Devise, auch nachdem die BZ &hellip; <a href=\"https:\/\/www.freiburg-schwarzwald.de\/blog\/70-jahre-badische-zeitung-bz\/\">Weiterlesen <span class=\"meta-nav\">&rarr;<\/span><\/a><\/p>\n","protected":false},"author":2,"featured_media":0,"comment_status":"open","ping_status":"closed","sticky":false,"template":"","format":"standard","meta":{"footnotes":""},"categories":[18,49,162,80,11],"tags":[484,87,525,432,583,438],"class_list":["post-61515","post","type-post","status-publish","format-standard","hentry","category-bildung","category-freiburg","category-internet","category-medien","category-regio","tag-kommune","tag-lokal-handeln","tag-politik","tag-regional","tag-web","tag-zeitung"],"_links":{"self":[{"href":"https:\/\/www.freiburg-schwarzwald.de\/blog\/wp-json\/wp\/v2\/posts\/61515","targetHints":{"allow":["GET"]}}],"collection":[{"href":"https:\/\/www.freiburg-schwarzwald.de\/blog\/wp-json\/wp\/v2\/posts"}],"about":[{"href":"https:\/\/www.freiburg-schwarzwald.de\/blog\/wp-json\/wp\/v2\/types\/post"}],"author":[{"embeddable":true,"href":"https:\/\/www.freiburg-schwarzwald.de\/blog\/wp-json\/wp\/v2\/users\/2"}],"replies":[{"embeddable":true,"href":"https:\/\/www.freiburg-schwarzwald.de\/blog\/wp-json\/wp\/v2\/comments?post=61515"}],"version-history":[{"count":0,"href":"https:\/\/www.freiburg-schwarzwald.de\/blog\/wp-json\/wp\/v2\/posts\/61515\/revisions"}],"wp:attachment":[{"href":"https:\/\/www.freiburg-schwarzwald.de\/blog\/wp-json\/wp\/v2\/media?parent=61515"}],"wp:term":[{"taxonomy":"category","embeddable":true,"href":"https:\/\/www.freiburg-schwarzwald.de\/blog\/wp-json\/wp\/v2\/categories?post=61515"},{"taxonomy":"post_tag","embeddable":true,"href":"https:\/\/www.freiburg-schwarzwald.de\/blog\/wp-json\/wp\/v2\/tags?post=61515"}],"curies":[{"name":"wp","href":"https:\/\/api.w.org\/{rel}","templated":true}]}}