{"id":61420,"date":"2016-07-01T19:11:20","date_gmt":"2016-07-01T17:11:20","guid":{"rendered":"https:\/\/www.freiburg-schwarzwald.de\/blog\/?p=61420"},"modified":"2016-07-01T19:11:20","modified_gmt":"2016-07-01T17:11:20","slug":"kirschen-undoder-smartphone","status":"publish","type":"post","link":"https:\/\/www.freiburg-schwarzwald.de\/blog\/kirschen-undoder-smartphone\/","title":{"rendered":"Kirschen und\/oder Smartphone"},"content":{"rendered":"<p>Die <a title=\"Kirschen\" href=\"https:\/\/www.freiburg-schwarzwald.de\/blog\/natur\/landwirt\/obstbau\/kirschen\/\">Kirschen<\/a> in Nachbars <a title=\"Gartenjahr\" href=\"https:\/\/www.freiburg-schwarzwald.de\/blog\/natur\/garten\/gartenjahr\/\">Garten<\/a>, die schmecken so zuckers\u00fc\u00df&#8220; &#8211; immer weniger, seit \u00a0es das <a title=\"Nudging\" href=\"https:\/\/www.freiburg-schwarzwald.de\/blog\/engagement\/zukunft\/demokratie\/nudging\/\">Smartphone<\/a> gibt. Die \u00c4ste unseres <a title=\"Kirschenernte \u2013 Kastaniebluete\" href=\"https:\/\/www.freiburg-schwarzwald.de\/blog\/kirschenernte-kastaniebluete\/\">Kirschbaums<\/a> ragen weit \u00fcber die <a title=\"Gartenmauer\" href=\"https:\/\/www.freiburg-schwarzwald.de\/blog\/natur\/garten\/gartenmauer\/\">Gartenmauer<\/a> hinaus aufs Trottoir, viele Passanten aber starren &#8222;Kopf unten&#8220; aufs <a title=\"Smartphone\" href=\"https:\/\/www.freiburg-schwarzwald.de\/blog\/kultur\/medien\/smartphone\/\">Handy<\/a> und \u00fcbersehen <a title=\"Wandern\" href=\"https:\/\/www.freiburg-schwarzwald.de\/blog\/sport\/wandern\/\">&#8222;Kopf oben&#8220;<\/a> die roten reifen <a title=\"Streuobst\" href=\"https:\/\/www.freiburg-schwarzwald.de\/blog\/natur\/landwirt\/obstbau\/streuobst\/\">Kirschen<\/a>, die sie rechtlich erlaubt stibitzen d\u00fcrften. Und wenn Jungs erwischt werden, wie sie die Kirschen klauen, <!--more-->dann kommt ein verlegenes &#8222;Entschuldigung&#8220;, da sie ihr Recht an dem in den <a title=\"Oeffentlicher-Raum\" href=\"https:\/\/www.freiburg-schwarzwald.de\/blog\/kultur\/oeffentlicher-raum\/\">\u00f6ffentlichen Raum<\/a> hin\u00fcberh\u00e4ngenden Obst gar nicht kennen.<br \/>\nUnd auf das Angebot, doch \u00fcber die Leiter auf den Baum zu klettern, um sich nach Herzenslust mit Kirchen so richtig &#8222;voll&#8220; zu essen, \u00a0kommt ein &#8222;Nein, danke&#8220;. Nach l\u00e4ngerem Nachfragen die erstaunliche Antwort: Die Buben trauen sich nicht zu, auf einen <a title=\"Baum\" href=\"https:\/\/www.freiburg-schwarzwald.de\/blog\/natur\/wald\/baum\/\">Kirschbaum<\/a> zu klettern, sie haben keine Erfahrung damit und schlichtweg Angst.<br \/>\nZum Gl\u00fcck kann man \u00fcbers Smartphone &#8222;Kirchbaum klettern&#8220; googlen &#8211; <em>virtuell<\/em> funktioniert es. Ich hole einen alten Spazierstock, damit die Jungs sich von unten die \u00c4ste heranziehen k\u00f6nnen und sie tun es &#8211; <em>real<\/em>.<br \/>\nZur\u00fcck zur \u00dcberschrift: &#8222;Kirschen oder <a title=\"Social-Networking\" href=\"https:\/\/www.freiburg-schwarzwald.de\/blog\/kultur\/internet\/social-networking\/\">Smartphone<\/a>&#8220; bzw. &#8222;Kirchen und Smartphone&#8220;, was gilt nun? Hoffentlich letzteres.<br \/>\n1.7.2016<\/p>\n","protected":false},"excerpt":{"rendered":"<p>Die Kirschen in Nachbars Garten, die schmecken so zuckers\u00fc\u00df&#8220; &#8211; immer weniger, seit \u00a0es das Smartphone gibt. Die \u00c4ste unseres Kirschbaums ragen weit \u00fcber die Gartenmauer hinaus aufs Trottoir, viele Passanten aber starren &#8222;Kopf unten&#8220; aufs Handy und \u00fcbersehen &#8222;Kopf &hellip; <a href=\"https:\/\/www.freiburg-schwarzwald.de\/blog\/kirschen-undoder-smartphone\/\">Weiterlesen <span class=\"meta-nav\">&rarr;<\/span><\/a><\/p>\n","protected":false},"author":2,"featured_media":0,"comment_status":"open","ping_status":"closed","sticky":false,"template":"","format":"standard","meta":{"footnotes":""},"categories":[140,162,245,157,95],"tags":[415,568,488,735,386],"class_list":["post-61420","post","type-post","status-publish","format-standard","hentry","category-garten","category-internet","category-obst","category-oeffentlicher-raum","category-schulen","tag-ernte","tag-jugend-2","tag-child","tag-obst","tag-smartphone"],"_links":{"self":[{"href":"https:\/\/www.freiburg-schwarzwald.de\/blog\/wp-json\/wp\/v2\/posts\/61420","targetHints":{"allow":["GET"]}}],"collection":[{"href":"https:\/\/www.freiburg-schwarzwald.de\/blog\/wp-json\/wp\/v2\/posts"}],"about":[{"href":"https:\/\/www.freiburg-schwarzwald.de\/blog\/wp-json\/wp\/v2\/types\/post"}],"author":[{"embeddable":true,"href":"https:\/\/www.freiburg-schwarzwald.de\/blog\/wp-json\/wp\/v2\/users\/2"}],"replies":[{"embeddable":true,"href":"https:\/\/www.freiburg-schwarzwald.de\/blog\/wp-json\/wp\/v2\/comments?post=61420"}],"version-history":[{"count":0,"href":"https:\/\/www.freiburg-schwarzwald.de\/blog\/wp-json\/wp\/v2\/posts\/61420\/revisions"}],"wp:attachment":[{"href":"https:\/\/www.freiburg-schwarzwald.de\/blog\/wp-json\/wp\/v2\/media?parent=61420"}],"wp:term":[{"taxonomy":"category","embeddable":true,"href":"https:\/\/www.freiburg-schwarzwald.de\/blog\/wp-json\/wp\/v2\/categories?post=61420"},{"taxonomy":"post_tag","embeddable":true,"href":"https:\/\/www.freiburg-schwarzwald.de\/blog\/wp-json\/wp\/v2\/tags?post=61420"}],"curies":[{"name":"wp","href":"https:\/\/api.w.org\/{rel}","templated":true}]}}