{"id":61393,"date":"2016-06-28T09:13:54","date_gmt":"2016-06-28T07:13:54","guid":{"rendered":"https:\/\/www.freiburg-schwarzwald.de\/blog\/?p=61393"},"modified":"2016-06-28T09:13:54","modified_gmt":"2016-06-28T07:13:54","slug":"dorffest-patrozinium-in-st-peter","status":"publish","type":"post","link":"https:\/\/www.freiburg-schwarzwald.de\/blog\/dorffest-patrozinium-in-st-peter\/","title":{"rendered":"Dorffest Patrozinium in St-Peter"},"content":{"rendered":"<p>Patrozinium und <a title=\"Nachbarschaft\" href=\"https:\/\/www.freiburg-schwarzwald.de\/blog\/business\/dienste\/immobilien\/quartier\/nachbarschaft\/\">Dorffest<\/a> <a title=\"StPeter\" href=\"https:\/\/www.freiburg-schwarzwald.de\/blog\/regio\/orte\/stpeter\/\">St.Peter<\/a> am 26.6.2016.\u00a0Wie immer am letzten Sonntag im Juni beging <a title=\"StPeterLindlehoeh\" href=\"https:\/\/www.freiburg-schwarzwald.de\/blog\/regio\/orte\/stpeter\/stpeterlindlehoeh\/\">St. Peter<\/a> sein Patrozinium &#8222;Peter und Paul&#8220; f\u00fcr die Gl\u00e4ubigen mitsamt Dorffest f\u00fcr die ganze <a title=\"Buergerenergie-StPeter\" href=\"https:\/\/www.freiburg-schwarzwald.de\/blog\/regio\/orte\/stpeter\/buergerenergie-stpeter\/\">Gemeinde<\/a>. Und das Wetter machte mit mit Sonne und angenehmen Temperaturen: 9 Uhr Einzug der Vereine in die <a title=\"Kirchen\" href=\"https:\/\/www.freiburg-schwarzwald.de\/blog\/religion\/kirchen\/\">Barockkirche<\/a> mit Festgottesdienst. Zu Ehren der Schutzpatrone Petrus und Paulus sang der Kirchenchor die Kreolische Messe &#8222;Missa Criolla&#8220; <!--more-->von Ariel Ramirez in spanischer Sprache. Anschlie\u00dfend <a title=\"Fronleichnamsprozession in St. Peter\" href=\"https:\/\/www.freiburg-schwarzwald.de\/blog\/fronleichnamsprozession-in-st-peter\/\">Prozession<\/a> im Innerort um die Kirche und Kloster. Viele St. Petermer aus <a title=\"Oberibental\" href=\"https:\/\/www.freiburg-schwarzwald.de\/blog\/regio\/orte\/oberibental\/\">Oberibenta<\/a>l, <a title=\"Schwarzwaldvereine Windkraft\" href=\"https:\/\/www.freiburg-schwarzwald.de\/blog\/schwarzwaldvereine-windkraft\/\">Platte<\/a>, <a title=\"Kandel\" href=\"https:\/\/www.freiburg-schwarzwald.de\/blog\/regio\/berge\/kandel\/\">Kandelberg<\/a>, <a title=\"Lindenberg\" href=\"https:\/\/www.freiburg-schwarzwald.de\/blog\/regio\/berge\/lindenberg\/\">Lindenberg<\/a>,\u00a0<a title=\"Willmendobel\" href=\"https:\/\/www.freiburg-schwarzwald.de\/blog\/regio\/orte\/willmendobel\/\">Willmendobel<\/a>, &#8230;) wieder in ihrer sch\u00f6nen <a title=\"Trachten\" href=\"https:\/\/www.freiburg-schwarzwald.de\/blog\/regio\/heimat\/trachten\/\">Tracht,<\/a> um das Brauchtum zu pflegen und die Schwarzw\u00e4lder Tradition zu bewahren.<br \/>\nAb 11 Uhr beginnt das Dorffest auf dem Klosterplatz mit Fr\u00fchschoppenkonzert der Trachtenkapelle St. Peter und Fassanstich. Kulinarische Versorgung durch die Vereine. Spielmobil, Kinderflohmarkt, Kinderschminken sowie Kutschfahrten.<br \/>\nDazu das B\u00fchnenprogramm: Kindertrachtengruppe (13.15 Uhr) und Trachtengruppe (14 Uhr) mit T\u00e4nzen, die Blasmusikfreunde St. Peter (15 Uhr) und die Schwarzwaldperle (16.30 Uhr). Parallel auf dem Bertoldsplatz der Kunsthandwerker- und H\u00e4delemarkt (H\u00e4dele f\u00fcr Waren des t\u00e4glichen Gebrauchs). Der Jugendclub zeigte alle drei WM-Spiele (15, 18 und 21 Uhr). Ab 19 Uhr dann auf dem Klosterhof bittet die Gruppe &#8222;Dr. Funhouse&#8220; zum Tanz.<br \/>\n28.6.2016<br \/>\n.<br \/>\nViele sch\u00f6ne Bilder vom Dorffest von Markus Donner:<br \/>\n<a href=\"https:\/\/www.badische-zeitung.de\/patrozinium-und-dorffest-in-st-peter-x1x\">https:\/\/www.badische-zeitung.de\/patrozinium-und-dorffest-in-st-peter-x1x<\/a><\/p>\n","protected":false},"excerpt":{"rendered":"<p>Patrozinium und Dorffest St.Peter am 26.6.2016.\u00a0Wie immer am letzten Sonntag im Juni beging St. Peter sein Patrozinium &#8222;Peter und Paul&#8220; f\u00fcr die Gl\u00e4ubigen mitsamt Dorffest f\u00fcr die ganze Gemeinde. Und das Wetter machte mit mit Sonne und angenehmen Temperaturen: 9 &hellip; <a href=\"https:\/\/www.freiburg-schwarzwald.de\/blog\/dorffest-patrozinium-in-st-peter\/\">Weiterlesen <span class=\"meta-nav\">&rarr;<\/span><\/a><\/p>\n","protected":false},"author":2,"featured_media":0,"comment_status":"open","ping_status":"closed","sticky":false,"template":"","format":"standard","meta":{"footnotes":""},"categories":[212,36,139,180,249,261,125,6],"tags":[323,248,724,503,452,586],"class_list":["post-61393","post","type-post","status-publish","format-standard","hentry","category-alemannisch","category-engagement","category-heimat","category-hochschwarzwald","category-hock","category-katholisch","category-musikvereine","category-vereine","tag-dorf","tag-feste","tag-heimat","tag-church","tag-tracht","tag-verein"],"_links":{"self":[{"href":"https:\/\/www.freiburg-schwarzwald.de\/blog\/wp-json\/wp\/v2\/posts\/61393","targetHints":{"allow":["GET"]}}],"collection":[{"href":"https:\/\/www.freiburg-schwarzwald.de\/blog\/wp-json\/wp\/v2\/posts"}],"about":[{"href":"https:\/\/www.freiburg-schwarzwald.de\/blog\/wp-json\/wp\/v2\/types\/post"}],"author":[{"embeddable":true,"href":"https:\/\/www.freiburg-schwarzwald.de\/blog\/wp-json\/wp\/v2\/users\/2"}],"replies":[{"embeddable":true,"href":"https:\/\/www.freiburg-schwarzwald.de\/blog\/wp-json\/wp\/v2\/comments?post=61393"}],"version-history":[{"count":0,"href":"https:\/\/www.freiburg-schwarzwald.de\/blog\/wp-json\/wp\/v2\/posts\/61393\/revisions"}],"wp:attachment":[{"href":"https:\/\/www.freiburg-schwarzwald.de\/blog\/wp-json\/wp\/v2\/media?parent=61393"}],"wp:term":[{"taxonomy":"category","embeddable":true,"href":"https:\/\/www.freiburg-schwarzwald.de\/blog\/wp-json\/wp\/v2\/categories?post=61393"},{"taxonomy":"post_tag","embeddable":true,"href":"https:\/\/www.freiburg-schwarzwald.de\/blog\/wp-json\/wp\/v2\/tags?post=61393"}],"curies":[{"name":"wp","href":"https:\/\/api.w.org\/{rel}","templated":true}]}}