{"id":61381,"date":"2016-06-26T19:46:56","date_gmt":"2016-06-26T17:46:56","guid":{"rendered":"https:\/\/www.freiburg-schwarzwald.de\/blog\/?p=61381"},"modified":"2016-06-26T19:49:49","modified_gmt":"2016-06-26T17:49:49","slug":"betreuungsverein-nachwuchs","status":"publish","type":"post","link":"https:\/\/www.freiburg-schwarzwald.de\/blog\/betreuungsverein-nachwuchs\/","title":{"rendered":"Betreuungsverein &#8211; Nachwuchs"},"content":{"rendered":"<p><a title=\"Ehrenamt\" href=\"https:\/\/www.freiburg-schwarzwald.de\/blog\/engagement\/ehrenamt\/\">Ehrenamtliches<\/a> <a title=\"Engagement\" href=\"https:\/\/www.freiburg-schwarzwald.de\/blog\/engagement\/\">Engagement<\/a>: Den Horizont noch einmal erweitern, <a title=\"Alte\" href=\"https:\/\/www.freiburg-schwarzwald.de\/blog\/selbsthilfe\/senioren\/alte\/\">Lebenserfahrungen<\/a> weitergeben, eine neue <a title=\"Pflegehelfer\" href=\"https:\/\/www.freiburg-schwarzwald.de\/blog\/business\/dienste\/pflege\/pflegehelfer\/\">Aufgabe<\/a>: Das suchen viele Menschen im <a title=\"Senioren\" href=\"https:\/\/www.freiburg-schwarzwald.de\/blog\/selbsthilfe\/senioren\/\">Ruhestand<\/a>. Der Ingenieur Heinz Weiler fand all das im <a title=\"Betreuung\" href=\"https:\/\/www.freiburg-schwarzwald.de\/blog\/selbsthilfe\/soziales\/betreuung\/\">Betreuungsverein<\/a> der <a title=\"Diakonie\" href=\"https:\/\/www.freiburg-schwarzwald.de\/blog\/religion\/kirchen\/diakonie\/\">Diakonie Freiburg<\/a> als rechtlicher <a title=\"Lebenshilfe\" href=\"https:\/\/www.freiburg-schwarzwald.de\/blog\/selbsthilfe\/behinderung\/lebenshilfe\/\">Betreuer<\/a> von derzeit sechs Menschen, die ihre Angelegenheiten nicht mehr selbst regeln k\u00f6nnen.<\/p>\n<p>\u201eDas Rechtliche hat mich immer interessiert und ich wollte mit Menschen zu tun haben\u201c, sagt Weiler \u00fcber seine Vorstellungen, als er 2008 nach vier Jahrzehnten bei der Telekom in den Vorruhestand ging. \u00dcber den Betreuungsverein des Diakonischen Werks Freiburg fand er eine neue Aufgabe: Er wurde rechtlicher Betreuer einer jungen Frau, die \u00fcberschuldet und krank war und kaum Deutsch sprach. \u201eIch habe mich ins Sozialrecht eingearbeitet und mich als Gasth\u00f6rer in die Katholische Hochschule gesetzt\u201c, erz\u00e4hlt er. Heute betreut er sechs Menschen, von denen<br \/>\ndrei im Wachkoma liegen. In Freiburg leben rund 2 850 M\u00e4nner und Frauen, f\u00fcr die eine<br \/>\nrechtliche Betreuung besteht, wie Edgar Schell, Sozialarbeiter und Vereinsbetreuer bei der Diakonie, erkl\u00e4rt. Die Gr\u00fcnde reichen von geistiger Behinderung \u00fcber psychische Erkrankung bis<br \/>\nzu altersbedingten Einschr\u00e4nkungen. Mehr als die H\u00e4lfte der Betroffenen wird von professionellen<br \/>\nBetreuernunterst\u00fctzt, bei den \u00fcbrigen 1230 Menschen regeln Ehrenamtliche die Gesch\u00e4fte.<br \/>\nDer Betreuungsverein der Diakonie begleitet derzeit 86 Betreuer, davon sind 33 Familienangeh\u00f6rige, die insgesamt 136 Menschen versorgen. Daneben gibt es in Freiburg zwei weitere solche Vereine, die bei den Sozialdiensten katholischer Frauen und M\u00e4nner (SkF und SkM) angesiedelt sind. T\u00e4tig werden die drei Betreuungsvereine im Auftrag des st\u00e4dtischen Sozialamts, das beim Amtsgericht angesiedelte Betreuungsgericht bestellt dann den vom Verein vorgeschlagenen Ehrenamtlichen. Finanziert wird die Arbeit vom Land mit 24000 Euro und der<br \/>\nStadt mit 27000 Euro im Jahr. Ende 2015 blieb ein Defizit von 28000 Euro, das die Diakonie<br \/>\nbegleichen musste. \u201eWir brauchen dringend mehr Geld, au- \u00dferdem haben wir achwuchssorgen\u201c,<br \/>\nsagt Schell. Fingen 2015 noch 13 neue Freiwillige an, so waren es dieses Jahr nur vier.<br \/>\n\u201eUnd jetzt h\u00f6ren zwei Betreuer auf, die je sechs F\u00e4lle hatten.\u201c Zahlt die Krankenkasse den<br \/>\nRollstuhl, kann die Hausratversicherung gek\u00fcndigt werden, darf der Baum im Garten gef\u00e4llt werden? Alltagsfragenwie diese sind es, die der Betreuer in Absprache mit seinem Klienten zu kl\u00e4ren sucht. \u201eDer Wille des Betreuten ist immer die letzte Instanz, es sei denn, es liegt Selbstgef\u00e4hrdung vor\u201c, erkl\u00e4rt Edgar Schell, der als professioneller Betreuer selbst 25 Klienten begleitet. Ist eine Einigung nicht m\u00f6glich oder geht es um heikle Fragen wie etwa den Freiheitsentzug eines dementenMenschen, so entscheidet das Betreuungsgericht. Zweifelsf\u00e4lle, die den Betreuer an eigene psychische und ethische Grenzen f\u00fchren, geh\u00f6ren dazu. \u201eDie Frage, ob bei einem Todkranken die lebenserhaltenden Ma\u00dfnahmen beendet werden, ist sicherlich die schwerste im Leben eines rechtlichen Betreuers\u201c, sagt Edgar Schell, \u201edoch gemeinsam mit dem Arzt kann man sie treffen.\u201c Das n\u00f6tige Knowhow vermittelt der Verein den Betreuern in<br \/>\nsechs Einf\u00fchrungsabenden, regelm\u00e4\u00dfigen Fortbildungen und jederzeit auf Nachfrage. Juristische<br \/>\nVorlesungen zu besuchen, wie Heinz Weiler es tat, sei die Ausnahme, sagt Schell. Bis zu<br \/>\nzwei Stunden pro Woche ben\u00f6tigt Weiler pro Klient, was ihm mit jeweils 399 Euro im Jahr verg\u00fctet wird. Er wendet sich gegen Vorurteile: \u201eDie Vorstellung, dass der Betreuer seinen Klienten einfach ins Heim stecken kann, ist ganz falsch\u201c, sagt er. Auch m\u00fcsse erjedeAusgabe, die ermit dessen Geld t\u00e4tigt, dem Gericht vorlegen. \u201eIch kann die Arbeit nur jedem empfehlen\u201c, sagt Weiler: \u201eMan bekommt Einblick in neue Lebensumst\u00e4nde und entwickelt sich weiter.\u201c Wichtig sei<br \/>\nallerdings eine vern\u00fcnftige Distanz, damit einem das Schicksal des Klienten nicht zu nah gehe.<br \/>\nUnd sein Tod, mit dem die meisten der Betreuungen enden.<br \/>\n.<br \/>\nDER <a title=\"Betreuung\" href=\"https:\/\/www.freiburg-schwarzwald.de\/blog\/selbsthilfe\/soziales\/betreuung\/\">BETREUUNGSVEREIN<\/a> der Diakonie, Dreisamstra\u00dfe 3-5, 79098 Freiburg, sucht dringend ehrenamtliche rechtliche Betreuer. Kontakt unter Telefon 07 61\/36 89 10 (werktags von 9 bis 12 Uhr). Informationen und Jahresprogramm: <a href=\"https:\/\/www.diskonie-freiburg.de\">www.diskonie-freiburg.de<\/a><br \/>\n26.6.2016, Sigrun Rehm, <a href=\"https:\/\/www.der-sonntag.de\">www.der-sonntag.de<\/a><\/p>\n","protected":false},"excerpt":{"rendered":"<p>Ehrenamtliches Engagement: Den Horizont noch einmal erweitern, Lebenserfahrungen weitergeben, eine neue Aufgabe: Das suchen viele Menschen im Ruhestand. Der Ingenieur Heinz Weiler fand all das im Betreuungsverein der Diakonie Freiburg als rechtlicher Betreuer von derzeit sechs Menschen, die ihre Angelegenheiten &hellip; <a href=\"https:\/\/www.freiburg-schwarzwald.de\/blog\/betreuungsverein-nachwuchs\/\">Weiterlesen <span class=\"meta-nav\">&rarr;<\/span><\/a><\/p>\n","protected":false},"author":2,"featured_media":0,"comment_status":"open","ping_status":"closed","sticky":false,"template":"","format":"standard","meta":{"footnotes":""},"categories":[198,54,36,104,102],"tags":[190,731,717,391,577,714,712],"class_list":["post-61381","post","type-post","status-publish","format-standard","hentry","category-diakonie","category-ehrenamt","category-engagement","category-hilfe","category-senioren","tag-alter","tag-diakonie","tag-ehrenamt","tag-freizeit","tag-hilfe-2","tag-pflege","tag-selbsthilfe"],"_links":{"self":[{"href":"https:\/\/www.freiburg-schwarzwald.de\/blog\/wp-json\/wp\/v2\/posts\/61381","targetHints":{"allow":["GET"]}}],"collection":[{"href":"https:\/\/www.freiburg-schwarzwald.de\/blog\/wp-json\/wp\/v2\/posts"}],"about":[{"href":"https:\/\/www.freiburg-schwarzwald.de\/blog\/wp-json\/wp\/v2\/types\/post"}],"author":[{"embeddable":true,"href":"https:\/\/www.freiburg-schwarzwald.de\/blog\/wp-json\/wp\/v2\/users\/2"}],"replies":[{"embeddable":true,"href":"https:\/\/www.freiburg-schwarzwald.de\/blog\/wp-json\/wp\/v2\/comments?post=61381"}],"version-history":[{"count":0,"href":"https:\/\/www.freiburg-schwarzwald.de\/blog\/wp-json\/wp\/v2\/posts\/61381\/revisions"}],"wp:attachment":[{"href":"https:\/\/www.freiburg-schwarzwald.de\/blog\/wp-json\/wp\/v2\/media?parent=61381"}],"wp:term":[{"taxonomy":"category","embeddable":true,"href":"https:\/\/www.freiburg-schwarzwald.de\/blog\/wp-json\/wp\/v2\/categories?post=61381"},{"taxonomy":"post_tag","embeddable":true,"href":"https:\/\/www.freiburg-schwarzwald.de\/blog\/wp-json\/wp\/v2\/tags?post=61381"}],"curies":[{"name":"wp","href":"https:\/\/api.w.org\/{rel}","templated":true}]}}