{"id":61326,"date":"2016-06-22T19:16:32","date_gmt":"2016-06-22T17:16:32","guid":{"rendered":"https:\/\/www.freiburg-schwarzwald.de\/blog\/?p=61326"},"modified":"2016-06-28T08:41:47","modified_gmt":"2016-06-28T06:41:47","slug":"freiburg-ost-im-ohr-hoer-wege","status":"publish","type":"post","link":"https:\/\/www.freiburg-schwarzwald.de\/blog\/freiburg-ost-im-ohr-hoer-wege\/","title":{"rendered":"Freiburg Ost im Ohr: Hoer-Wege"},"content":{"rendered":"<p><a title=\"Wiehre\" href=\"https:\/\/www.freiburg-schwarzwald.de\/blog\/regio\/freiburg\/wiehre\/\">Freiburg Ost<\/a> im Ohr: Das Ergebnis eines Kooperationsprojekts mit Modellcharakter\u00a0wird pr\u00e4sentiert. Einweihung der acht H\u00f6r-Erlebnis-Wege am Samstag, 25.6.2016, 14-17 Uhr\u00a0auf der Wiese vor der <a title=\"Musikhochschule\" href=\"https:\/\/www.freiburg-schwarzwald.de\/blog\/kultur\/musik\/musikhochschule\/\">Musikhochschule<\/a>, \u00a0Schwarzwaldstr. 141, 79102 Freiburg. Infos auf\u00a0<a href=\"https:\/\/www.freiburg-ost-im-ohr.de\">www.freiburg-ost-im-ohr.de<\/a>\u00a0.Wie klingt eigentlich unser <a title=\"Oberwiehre\" href=\"https:\/\/www.freiburg-schwarzwald.de\/blog\/regio\/freiburg\/oberwiehre\/\">Stadtteil<\/a>? Was machen diese <a title=\"Musik\" href=\"https:\/\/www.freiburg-schwarzwald.de\/blog\/kultur\/musik\/\">Kl\u00e4nge und Ger\u00e4usche<\/a> mit mir und wie kann ich <a title=\"Facebook und Kreativitaet\" href=\"https:\/\/www.freiburg-schwarzwald.de\/blog\/facebook-und-kreativitaet\/\">kreativ<\/a> damit umgehen? <!--more-->Diesen Fragen sind Studierende der <a title=\"PH\" href=\"https:\/\/www.freiburg-schwarzwald.de\/blog\/bildung\/hochschulen\/ph\/\">P\u00e4dagogischen Hochschule<\/a> und der Hochschule f\u00fcr Musik Freiburg gemeinsam mit <a title=\"Jugend-musiziert\" href=\"https:\/\/www.freiburg-schwarzwald.de\/blog\/vereine\/musikvereine\/jugend-musiziert\/\">Kindern<\/a> der St\u00e4dtischen Kindertagesst\u00e4tte Haus f\u00fcr Kinder am <a title=\"Hirzberg\" href=\"https:\/\/www.freiburg-schwarzwald.de\/blog\/regio\/freiburg\/hirzberg\/\">Hirzberg<\/a> intensiv nachgegangen. Das Ergebnis kann sich h\u00f6ren lassen: Auf insgesamt acht H\u00f6r-Erlebnis- Wegen spaziert man durch den Stadtteil Freiburg Ost und lauscht dabei ganz unterschiedlichen H\u00f6rspielen, Improvisationen und Klangwelten: B\u00e4nkle-Weg, Mathematik ist \u00fcberall, Glockenwelten oder <a title=\"Kroeten wandern am Waldsee\" href=\"https:\/\/www.freiburg-schwarzwald.de\/blog\/kroeten-wandern-am-waldsee\/\">Waldsee<\/a>-Krimi \u2013 die H\u00f6r-Erlebnis-Wege haben ganz unterschiedliche Themen und f\u00fcr jede Altersgruppe etwas zu bieten.<br \/>\nDas Kooperationsprojekt zwischen den drei Bildungseinrichtungen aus dem Freiburger Osten hat Modellcharakter. Mit Unterst\u00fctzung vom Innovationsfonds Kunst, einem Programm des Ministeriums f\u00fcr Wissenschaft, Forschung und Kunst Baden-W\u00fcrttemberg, wurde zwei Jahre lang gelauscht, aufgenommen, improvisiert, komponiert, und produziert. Die kulturelle Vernetzung des Stadtteils und das interaktive Lernen standen dabei im Vordergrund. So trafen sich die verschiedenen Projektgruppen zum Beispiel mit Senior\/innen aus dem benachbarten <a title=\"Senioren\" href=\"https:\/\/www.freiburg-schwarzwald.de\/blog\/selbsthilfe\/senioren\/\">Emmi-Seeh-Heim<\/a> zu gemeinsamen Spazierg\u00e4ngen, musizierten mit Musiker\/-innen vom Ensemblehaus, f\u00fchrten Interviews mit Passant\/-innen vor dem ZO und Gefl\u00fcchtete in der umgebauten Stadthalle.<br \/>\nAus den vielf\u00e4ltigen Aktivit\u00e4ten und Begegnungen entstanden dann die H\u00f6r-Erlebnis-Wege. Interessierte k\u00f6nnen sich die Produktionen mit der App \u201eHistoria Viva\u201c auf ihr Smartphone herunterladen. Die Audioguide-App ist f\u00fcr Android und IOS als Download verf\u00fcgbar. N\u00e4here Infos auf <a href=\"https:\/\/www.%20freiburg-ost-im-ohr.de\">www. freiburg-ost-im-ohr.de<\/a>. Am Samstag, 25. Juni, wird der B\u00fcrgermeister f\u00fcr Kultur, Jugend und Soziales, Ulrich von Kirchbach, gemeinsam mit dem Rektor der Hochschule f\u00fcr Musik Dr. R\u00fcdiger Nolte und dem Prorektor f\u00fcr Studium und Lehre der P\u00e4dagogischen Hochschule Freiburg Prof. Dr. Georg Brunner, die Wege vorstellen und einweihen. Alle Interessierten sind herzlich eingeladen. Ab 14 Uhr erwartet die Besucher\/-innen auf der Wiese vor der Musikhochschule ein buntes musikalisches Programm sowie gef\u00fchrte H\u00f6r-Erlebnis-Wege.<br \/>\n22.6.2016<\/p>\n<p>.<\/p>\n<p><strong>Freiburg-im-Ohr &#8211; Pr\u00e4sentation an der Musikhochschule am 25.6.2016<\/strong><br \/>\nAcht &#8222;H\u00f6r-Erlebnis-Wege&#8220; f\u00fchren nun durch den Freiburger Osten. Kinder aus der st\u00e4dtischen Kita &#8222;Haus f\u00fcr Kinder am Hirzberg&#8220; haben die Audio-Guides, die man mit dem Smartphone h\u00f6ren kann, mit professioneller Hilfe aus Musikhochschule und P\u00e4dagogischer Hochschule erstellt. Am Samstag wurden die Ergebnisse des interdisziplin\u00e4ren Bildungsprojekts bei einem Fest auf der Wiese der Musikhochschule offiziell vorgestellt.<br \/>\nZur Begr\u00fc\u00dfung der G\u00e4ste traten B\u00fcrgermeister Ulrich von Kirchbach, der Rektor der Musikhochschule R\u00fcdiger Nolte und der Prorektor der P\u00e4dagogischen Hochschule Georg Brunner ans Mikrofon. Man habe die Umwelt erkundet, dabei die Ohren gespitzt und so die Realit\u00e4t des Freiburger Ostens durch Ger\u00e4usche wahrgenommen.<br \/>\nZwei Jahre waren drei Bildungseinrichtungen mit dem Projekt &#8222;Freiburg Ost im Ohr&#8220;, dass vom Innovationsfonds Kunst des Landesministeriums f\u00fcr Wissenschaft, Forschung und Kunst gef\u00f6rdert wurde, besch\u00e4ftigt. Von der Hochschule f\u00fcr Musik waren mit der Studiengangsleiterin Camille Savage-Kroll Studierende der &#8222;Elementaren Musikp\u00e4dagogik&#8220; ebenso beteiligt wie das &#8222;Institut f\u00fcr Medien in der Bildung&#8220; und das Lernradio der P\u00e4dagogischen Hochschule.<\/p>\n<p>Gemeinsam mit den Kindern und P\u00e4dagogen der Kindertagesst\u00e4tte &#8222;Haus f\u00fcr Kinder am Hirzberg&#8220;, der Schauspielerin Sybille Denker und zahlreichen weiteren Fachleuten hatte man sich auf den Weg zur akustischen Erkundungsreise gemacht.<br \/>\nWie klingt der Freiburger Osten? Wie, wo und wodurch entstehen Ger\u00e4usche? Welche Stimmungen werden durch Ger\u00e4usche erzeugt? Pl\u00e4tschernde B\u00e4che und tropfender Regen, fahrende Autos und laufende Menschen, singende V\u00f6gel und bellende Hunde bilden eine allt\u00e4gliche Ger\u00e4uschkulisse. Darauf wurde geh\u00f6rt, und damit wurde experimentiert. Die gemeinsame Reise war nach dem Motto &#8222;Der Weg ist das Ziel&#8220; mehr prozess- als ergebnisorientiert. Von der gegenseitigen Inspiration und dem intensiven kreativen Prozess zeigten sich alle Akteure begeistert. So pendelte der diplomierte Schlagzeuger Tobias Hamann als Fachmann f\u00fcr &#8222;Soundscapes&#8220; (akustische Landschaften) f\u00fcr die Mitarbeit zwischen Bremen und Freiburg. In Bremen hatte er bereits bei einem \u00e4hnlichen Projekt mitgewirkt, seine Masterarbeit dazu verfasst und in Freiburg sein Wissen eingebracht und vertieft. Susanne Kittel, die als Lehrbeauftragte f\u00fcr elementare Musikp\u00e4dagogik t\u00e4tig ist, schw\u00e4rmt von den Erfahrungen bei der Erarbeitung des Weges &#8222;Glockenwelten&#8220;, der von Studierenden der Musikhochschule gestaltet wurde.<\/p>\n<p>Menschen aus 148 L\u00e4ndern leben im Osten Freiburgs, so Kittel. Und die Glocke gibt es in jeder Kultur. Der Weg f\u00fchrte die Beteiligten vom Freiburger Osten \u00fcber weltweite musikethnologische Recherchen zu den Glocken der Dreifaltigkeitskirche (Waldsee) und zur Kapelle auf dem Berg\u00e4cker-Friedhof (Littenweiler) und wurde mit Rhythmen fremder Kulturen klanglich erg\u00e4nzt.<br \/>\nDie Schauspielerin Sybille Denker entwickelte mit Kindern den &#8222;Waldsee-Krimi&#8220;. Das H\u00f6rspiel wurde von Studierenden der Musikhochschule und vom Lernradio der P\u00e4dagogischen Hochschule begleitet. Die zehnj\u00e4hrige Pia und ihre Freundin Paula, die die Hortbetreuung in der Hirzberg-Kita besuchen, berichten, dass zum Schluss eine ganz andere Geschichte herauskam, als am Anfang gedacht. F\u00fcr die Kinder war der gemeinsame kreative Prozess ebenso lehrreich wie f\u00fcr die Erwachsenen. Beim &#8222;B\u00e4nkle-Weg&#8220;, &#8222;Spielplatz der Sinne&#8220; und dem &#8222;Klavier auf Reisen&#8220; wurden die Neugier geweckt und die Sinne gesch\u00e4rft. Laut Maria Matzenmiller, Leiterin des &#8222;Hauses f\u00fcr Kinder am Hirzberg&#8220;, war die akustische Spurensuche f\u00fcr die Kinder eine spannende Sache. Das Umfeld werde nun viel intensiver wahrgenommen.<br \/>\nAuch die Medienp\u00e4dagogin Monika L\u00f6ffler vom Lernradio der PH war f\u00fcr zwei Jahre mit ihren Studierenden konzeptionell und praktisch mit dem Projekt besch\u00e4ftigt, bis das akustische Material dann zur Bearbeitung der Endfassungen bei ihr landete. So wurden die acht &#8222;H\u00f6r-Erlebnis-Wege&#8220; in enger Zusammenarbeit von erfahrenen Fachleuten aus den Bereichen P\u00e4dagogik, Musik und Medien gemeinsam mit Kindern und Studierenden in verschiedenen Projektgruppen realisiert, in denen auch Senioren des Emmi-Seeh-Heims, Fl\u00fcchtlinge aus der Stadthalle und andere Bewohner des Freiburger Ostens mitwirkten. Damit standen die kulturelle Vernetzung und das interaktive Lernen im Mittelpunkt des Projekts.<br \/>\nDie &#8222;H\u00f6r-Erlebnis-Wege&#8220; sind mit der kostenlosen App &#8222;Historia Viva&#8220; f\u00fcr Smartphones mit den Betriebssystemen Android und iOS nutzbar. Wer ein \u00e4lteres oder kein Smartphone hat, wird die Wege demn\u00e4chst mit einer MP3-Datei und einer ausdruckbaren Karte erkunden k\u00f6nnen. Weitere Infos auf der Internetseite <a href=\"https:\/\/www.freiburg-ost-im-ohr.de\">https:\/\/www.freiburg-ost-im-ohr.de<\/a><\/p>\n<p>28.6.2016, Ute Aschendorf<\/p>\n","protected":false},"excerpt":{"rendered":"<p>Freiburg Ost im Ohr: Das Ergebnis eines Kooperationsprojekts mit Modellcharakter\u00a0wird pr\u00e4sentiert. Einweihung der acht H\u00f6r-Erlebnis-Wege am Samstag, 25.6.2016, 14-17 Uhr\u00a0auf der Wiese vor der Musikhochschule, \u00a0Schwarzwaldstr. 141, 79102 Freiburg. Infos auf\u00a0www.freiburg-ost-im-ohr.de\u00a0.Wie klingt eigentlich unser Stadtteil? Was machen diese Kl\u00e4nge und &hellip; <a href=\"https:\/\/www.freiburg-schwarzwald.de\/blog\/freiburg-ost-im-ohr-hoer-wege\/\">Weiterlesen <span class=\"meta-nav\">&rarr;<\/span><\/a><\/p>\n","protected":false},"author":2,"featured_media":0,"comment_status":"open","ping_status":"closed","sticky":false,"template":"","format":"standard","meta":{"footnotes":""},"categories":[49,104,120,102,122],"tags":[190,311,727,518,386,380,92],"class_list":["post-61326","post","type-post","status-publish","format-standard","hentry","category-freiburg","category-hilfe","category-musik","category-senioren","category-wandern","tag-alter","tag-app","tag-demenz","tag-music","tag-smartphone","tag-wanderweg","tag-wohnformen"],"_links":{"self":[{"href":"https:\/\/www.freiburg-schwarzwald.de\/blog\/wp-json\/wp\/v2\/posts\/61326","targetHints":{"allow":["GET"]}}],"collection":[{"href":"https:\/\/www.freiburg-schwarzwald.de\/blog\/wp-json\/wp\/v2\/posts"}],"about":[{"href":"https:\/\/www.freiburg-schwarzwald.de\/blog\/wp-json\/wp\/v2\/types\/post"}],"author":[{"embeddable":true,"href":"https:\/\/www.freiburg-schwarzwald.de\/blog\/wp-json\/wp\/v2\/users\/2"}],"replies":[{"embeddable":true,"href":"https:\/\/www.freiburg-schwarzwald.de\/blog\/wp-json\/wp\/v2\/comments?post=61326"}],"version-history":[{"count":0,"href":"https:\/\/www.freiburg-schwarzwald.de\/blog\/wp-json\/wp\/v2\/posts\/61326\/revisions"}],"wp:attachment":[{"href":"https:\/\/www.freiburg-schwarzwald.de\/blog\/wp-json\/wp\/v2\/media?parent=61326"}],"wp:term":[{"taxonomy":"category","embeddable":true,"href":"https:\/\/www.freiburg-schwarzwald.de\/blog\/wp-json\/wp\/v2\/categories?post=61326"},{"taxonomy":"post_tag","embeddable":true,"href":"https:\/\/www.freiburg-schwarzwald.de\/blog\/wp-json\/wp\/v2\/tags?post=61326"}],"curies":[{"name":"wp","href":"https:\/\/api.w.org\/{rel}","templated":true}]}}