{"id":61166,"date":"2016-06-08T16:34:30","date_gmt":"2016-06-08T14:34:30","guid":{"rendered":"https:\/\/www.freiburg-schwarzwald.de\/blog\/?p=61166"},"modified":"2016-06-08T16:39:09","modified_gmt":"2016-06-08T14:39:09","slug":"demokraten-und-populisten","status":"publish","type":"post","link":"https:\/\/www.freiburg-schwarzwald.de\/blog\/demokraten-und-populisten\/","title":{"rendered":"Demokraten und Populisten"},"content":{"rendered":"<p>Der seri\u00f6se <a title=\"Demokratie\" href=\"https:\/\/www.freiburg-schwarzwald.de\/blog\/engagement\/zukunft\/demokratie\/\">Demokrat<\/a> sagt \u201eDer <a title=\"Islam\" href=\"https:\/\/www.freiburg-schwarzwald.de\/blog\/religion\/islam\/\">Islam<\/a> geh\u00f6rt zu Deutschland\u201c. Wer hingegen die Meinung vertritt \u201eDer <a title=\"Islam-Frauen\" href=\"https:\/\/www.freiburg-schwarzwald.de\/blog\/religion\/islam\/islam-frauen\/\">Islam<\/a> geh\u00f6rt nicht zu Deutschland\u201c, gilt als<a title=\"Populismus\" href=\"https:\/\/www.freiburg-schwarzwald.de\/blog\/engagement\/zukunft\/demokratie\/populismus\/\"> Populist<\/a> &#8211; oder gar als <a title=\"Juden\" href=\"https:\/\/www.freiburg-schwarzwald.de\/blog\/religion\/juden\/\">Nazi<\/a> und <a title=\"Rassismus\" href=\"https:\/\/www.freiburg-schwarzwald.de\/blog\/engagement\/rassismus\/\">Rassist<\/a>? <a title=\"Direkte-Demokratie\" href=\"https:\/\/www.freiburg-schwarzwald.de\/blog\/engagement\/zukunft\/demokratie\/direkte-demokratie\/\">Demokrat<\/a> ist etwas Positives, Populist hat einen negativen Touch. Obwohl Demokratie (griechisch) = &#8222;Herrschaft des Volkes&#8220; und Populus (lat) = &#8222;das Volk&#8220; dasselbe bezeichnen? Es geht munter weiter: <a title=\"Links\" href=\"https:\/\/www.freiburg-schwarzwald.de\/blog\/engagement\/zukunft\/demokratie\/links\/\">Linksdemokraten<\/a> stehen <a title=\"Rechts\" href=\"https:\/\/www.freiburg-schwarzwald.de\/blog\/engagement\/zukunft\/demokratie\/rechts\/\">Rechtspopulisten<\/a> gegen\u00fcber, <!--more-->w\u00e4hrend Rechtsdemokraten und Linkspopulisten schlicht undenkbar sind. Daf\u00fcr hat auch <a title=\"Offene Gesellschaft 3.10. Gauck\" href=\"https:\/\/www.freiburg-schwarzwald.de\/blog\/offene-gesellschaft-3-10-gauck\/\">Joachim Gauck<\/a> gesorgt, wenn er unser Land gespalten sieht in <a title=\"Demokratie braucht Opposition\" href=\"https:\/\/www.freiburg-schwarzwald.de\/blog\/demokratie-braucht-opposition\/\">Helldeutschland<\/a> (linksdemokratische <a title=\"Gutmenschen\" href=\"https:\/\/www.freiburg-schwarzwald.de\/blog\/engagement\/gutmenschen\/\">Gutmenschen<\/a> f\u00fcr <a title=\"UMF\" href=\"https:\/\/www.freiburg-schwarzwald.de\/blog\/global\/integration\/umf\/\">Fl\u00fcchtlinge<\/a> als &#8222;Gottesgeschenk&#8220;) und <a title=\"Bundestag ade -Talkshows OK\" href=\"https:\/\/www.freiburg-schwarzwald.de\/blog\/bundestag-ade-talkshows-ok\/\">Dunkeldeutschland<\/a> (rechtspopulistische B\u00f6smenschen dagegen).<br \/>\nDas Volk, der demos, der populus, ist auch in Deutschland die <a title=\"Rechtsstaat\" href=\"https:\/\/www.freiburg-schwarzwald.de\/blog\/selbsthilfe\/soziales\/justiz\/rechtsstaat\/\">h\u00f6chste Instanz<\/a>, der Souver\u00e4n (souverain (franz) = ganz oben, unfehlbar). Dass das Volk gut oder b\u00f6se, links oder rechts bzw. hell oder dunkel sein soll, ist eine Erfindung von Politikern, die im Grunde ganz und gar undemokratisch bzw. unpopulistisch ist. Zum Gl\u00fcck verf\u00fcgt das Volk weiterhin \u00fcber einen gesunden <a title=\"Ehrlichkeit\" href=\"https:\/\/www.freiburg-schwarzwald.de\/blog\/engagement\/zukunft\/ehrlichkeit\/\">Menschenverstand<\/a> &#8211; auch als Wahlvolk.<br \/>\n8.6.2016<\/p>\n","protected":false},"excerpt":{"rendered":"<p>Der seri\u00f6se Demokrat sagt \u201eDer Islam geh\u00f6rt zu Deutschland\u201c. Wer hingegen die Meinung vertritt \u201eDer Islam geh\u00f6rt nicht zu Deutschland\u201c, gilt als Populist &#8211; oder gar als Nazi und Rassist? Demokrat ist etwas Positives, Populist hat einen negativen Touch. Obwohl &hellip; <a href=\"https:\/\/www.freiburg-schwarzwald.de\/blog\/demokraten-und-populisten\/\">Weiterlesen <span class=\"meta-nav\">&rarr;<\/span><\/a><\/p>\n","protected":false},"author":2,"featured_media":0,"comment_status":"open","ping_status":"closed","sticky":false,"template":"","format":"standard","meta":{"footnotes":""},"categories":[18,36,195,155,80,9],"tags":[633,431,525,500],"class_list":["post-61166","post","type-post","status-publish","format-standard","hentry","category-bildung","category-engagement","category-eu","category-integration","category-medien","category-soziales","tag-demokratie","tag-gerecht","tag-politik","tag-wahl"],"_links":{"self":[{"href":"https:\/\/www.freiburg-schwarzwald.de\/blog\/wp-json\/wp\/v2\/posts\/61166","targetHints":{"allow":["GET"]}}],"collection":[{"href":"https:\/\/www.freiburg-schwarzwald.de\/blog\/wp-json\/wp\/v2\/posts"}],"about":[{"href":"https:\/\/www.freiburg-schwarzwald.de\/blog\/wp-json\/wp\/v2\/types\/post"}],"author":[{"embeddable":true,"href":"https:\/\/www.freiburg-schwarzwald.de\/blog\/wp-json\/wp\/v2\/users\/2"}],"replies":[{"embeddable":true,"href":"https:\/\/www.freiburg-schwarzwald.de\/blog\/wp-json\/wp\/v2\/comments?post=61166"}],"version-history":[{"count":0,"href":"https:\/\/www.freiburg-schwarzwald.de\/blog\/wp-json\/wp\/v2\/posts\/61166\/revisions"}],"wp:attachment":[{"href":"https:\/\/www.freiburg-schwarzwald.de\/blog\/wp-json\/wp\/v2\/media?parent=61166"}],"wp:term":[{"taxonomy":"category","embeddable":true,"href":"https:\/\/www.freiburg-schwarzwald.de\/blog\/wp-json\/wp\/v2\/categories?post=61166"},{"taxonomy":"post_tag","embeddable":true,"href":"https:\/\/www.freiburg-schwarzwald.de\/blog\/wp-json\/wp\/v2\/tags?post=61166"}],"curies":[{"name":"wp","href":"https:\/\/api.w.org\/{rel}","templated":true}]}}