{"id":61133,"date":"2016-06-06T21:58:48","date_gmt":"2016-06-06T19:58:48","guid":{"rendered":"https:\/\/www.freiburg-schwarzwald.de\/blog\/?p=61133"},"modified":"2016-06-08T13:59:41","modified_gmt":"2016-06-08T11:59:41","slug":"boateng-gauland-anne-will","status":"publish","type":"post","link":"https:\/\/www.freiburg-schwarzwald.de\/blog\/boateng-gauland-anne-will\/","title":{"rendered":"Boateng &#8211; Gauland &#8211; Anne Will"},"content":{"rendered":"<p><a title=\"Fernsehen\" href=\"https:\/\/www.freiburg-schwarzwald.de\/blog\/kultur\/medien\/fernsehen\/\">Anne Will<\/a> zeigte am 5.6.2016, dass es nach dem ZDF (ignoriert <a title=\"Koeln-Silvester2015\" href=\"https:\/\/www.freiburg-schwarzwald.de\/blog\/global\/integration\/koeln-silvester2015\/\">K\u00f6ln<\/a>) auch in der ARD <a title=\"Ehrlichkeit\" href=\"https:\/\/www.freiburg-schwarzwald.de\/blog\/engagement\/zukunft\/ehrlichkeit\/\">keine<\/a> <a title=\"Diskussionskultur\" href=\"https:\/\/www.freiburg-schwarzwald.de\/blog\/kultur\/medien\/diskussionskultur\/\">Diskussionskultur<\/a> mehr gibt, und machte den <a title=\"Demokratie\" href=\"https:\/\/www.freiburg-schwarzwald.de\/blog\/engagement\/zukunft\/demokratie\/\">Talk<\/a>\u00a0zum Tribunal gegen einen \u00fcberforderten 75j\u00e4hrigen <a title=\"AfD\" href=\"https:\/\/www.freiburg-schwarzwald.de\/blog\/vereine\/partei\/afd\/\">Gauland:<\/a>\u00a0Minister <a title=\"Links\" href=\"https:\/\/www.freiburg-schwarzwald.de\/blog\/engagement\/zukunft\/demokratie\/links\/\">Maas<\/a> will mit <a title=\"Fluechtlinge2016\" href=\"https:\/\/www.freiburg-schwarzwald.de\/blog\/global\/integration\/fluechtlinge2016\/\">Syrern<\/a> den Fachkr\u00e4ftemangel beheben. Lohse offenbarte, dass in der FAZ keine <a title=\"Zeitung\" href=\"https:\/\/www.freiburg-schwarzwald.de\/blog\/kultur\/medien\/zeitung\/\">journalistische Regeln<\/a> mehr gelten. Prof Patzelt kam nur kurz zu Wort. <a title=\"Migration-Maenner\" href=\"https:\/\/www.freiburg-schwarzwald.de\/blog\/global\/migration\/migration-maenner\/\">Migrationsforscherin<\/a> Ayata erkl\u00e4rte Deutschland zum <a title=\"Rassismus\" href=\"https:\/\/www.freiburg-schwarzwald.de\/blog\/engagement\/rassismus\/\">rassistischsten<\/a> Land der <a title=\"EU\" href=\"https:\/\/www.freiburg-schwarzwald.de\/blog\/global\/eu\/\">EU<\/a>. <!--more-->\u00a0 .<\/p>\n<p><em>\u201eDie Leute finden ihn als Fu\u00dfballspieler gut. Aber sie wollen einen Boateng nicht als Nachbarn haben.<\/em>\u201c Diese Worte, die AfD-Vize Gauland zwei Kollegen der politischen Redaktion gesagt haben soll, wurden unter der \u00dcberschrift &#8222;<em>Gauland beleidigt Boateng&#8220;<\/em> in der FAS zum Aufreger der Woche.<br \/>\nAnne Will k\u00fcndigte in ihrem Sonntagabendtalk unter &#8222;Wie rassistisch ist Deutschland?&#8220; Kl\u00e4rung an. Doch anstatt ein informatives Gespr\u00e4ch zu moderieren (also m\u00e4\u00dfigend zu leiten), rief sie zum Tribunal &#8222;drei gegen eins&#8220; auf: FAZ -Jornalist Eckart Lohse, Finanzminister Heiko Maas und Migrationsforscherin Bilgin Ayata gegen den AfD-Vors. Alexander Gauland, den Vierten (Prof Werner Patzelt) lie\u00df sie nur zweimal kurz etwas sagen.<br \/>\n.<br \/>\nHeiko Maas will die 800.000 ca 20-j\u00e4hrigen jungen M\u00e4nner, die seit <a title=\"Budapest-Dublin2015\" href=\"https:\/\/www.freiburg-schwarzwald.de\/blog\/global\/eu\/budapest-dublin2015\/\">Budapest 9\/2015<\/a> als funktionale Analphabeten aus Syrien zu uns gekommen sind, zu Facharbeitern machen. Und niemand im Talk widersprach diesem Unsinn. Denn es braucht mindestens 10 Jahre, um Lesen, Schreiben, Schulabschlu\u00df, Lehre zu absolvieren und dann die Facharbeiterqualifikation zu erwerben. Zudem wollen die meisten <a title=\"Fluechtlinge-Islam\" href=\"https:\/\/www.freiburg-schwarzwald.de\/blog\/global\/integration\/fluechtlinge-islam\/\">Muslime<\/a> m\u00f6glichst rasch Geld verdienen und werden deshalb in die <a title=\"Schwarzarbeit\" href=\"https:\/\/www.freiburg-schwarzwald.de\/blog\/selbsthilfe\/soziales\/arbeit\/schwarzarbeit\/\">Schwarzarbeit<\/a> abdriften.<br \/>\nEckart Lohse hat bei seinem Interview mit Gauland die elementarsten journalistischen Gepflogenheiten mi\u00dfachtet (Ver\u00f6ffentlichungsabsicht mittelen, Zitate zur Autorisierung vorlegen, Headline absprechen) &#8211; eigentlich ungew\u00f6hnlich f\u00fcr die FAZ als seri\u00f6se &#8222;zeitung f\u00fcr Deutschland&#8220;.<br \/>\nMigrationsforscherin Bilgin Ayata verk\u00fcndete ihr Forschungsergebnis: Kein Land in Europa ist mehr von Rassismus verseucht als Deutschland. Dabei d\u00fcrfte das Gegenteil wahr sein: Kein Land in der EU hat weniger Rechtradikale in wie au\u00dferhalb des Parlaments. Wie w\u00fcrden Franzosen, Briten bzw. Italiener reagieren, wenn die Pr\u00e4sidenten Hollande, Cameron bzw. Renzi ohne das Parlament zu befragen binnen 4 Monaten 1,5 Mio Fl\u00fcchtlinge ins Land einreisen lassen w\u00fcrden?<br \/>\nFazit: Das \u00f6ffentlich-rechtliche Fernsehen unterst\u00fctzt auch mit &#8222;Anne Will&#8220; die Meinung der <a title=\"Gutmenschen\" href=\"https:\/\/www.freiburg-schwarzwald.de\/blog\/engagement\/gutmenschen\/\">Gutmenschen<\/a>, dass dem normalen Deutschen doch in seiner Dummheit, Einfalt und grenzenlosen Geduld der gesunde Menschenverstand abhandengekommen ist<br \/>\n6.6.2016<\/p>\n<p><strong>Heiko Maas zu den 800000 syrischen funktionalen Analphabeten:<\/strong><br \/>\n&#8222;Ungebildete kann man bilden&#8220; Herr Maas ist ein Tr\u00e4umer. Wenn jemand mit 25 in seiner Muttersprache weder lesen noch schreiben kann, braucht er mindestens 10-15 Jahre bis er das nachgeholt, die Sprache und einen Beruf erlernt hat. Dann ist er 35-40 und geht als Berufsanf\u00e4nger auf Jobsuche. Er wird keinen Job mehr finden, diese Leute bleiben ihr Leben lang im Sozialsytem h\u00e4ngen.<br \/>\n5.6.2016, Hermann, WO<br \/>\n.<br \/>\n&#8222;Ungebildete (20-J\u00e4hrige) kann man bilden&#8220;, sagt Herr Maas. Das ist zwar wahr, aber es f\u00fchrt am Problem vorbei. Es reicht eben nicht aus, dass man nur die Sprache lernt und die Schrift beherrscht (und wer von uns w\u00fcsste nicht, wie schwer es vielen schon in der Schule mit &#8222;einfachen&#8220; Sprachen wie Englisch gefallen ist?). Es geht letztendlich auch darum, dass man die sozialen Normen, Verhaltensweisen, gesellschaftlichen Anforderungen zu lernen hat. &#8222;Weiche&#8220; Faktoren, wie Leistungsbereitschaft, Anspruch auf Individualit\u00e4t, Respekt vor anderen Individuen usw. Alles Dinge, die bereits im Kindergartenalter vermittelt und gelernt werden. Und diese Werte haben die Neub\u00fcrger nun einmal nicht gelernt bzw. sie sind nach anderen Kriterien sozialisiert. Und ich behaupte einfach mal, dass alle Migranten, die \u00e4lter als 10 Jahre sind, f\u00fcr dieses Lernen schon zu alt sind. Zumal in wenigen Jahren f\u00fcr die heutigen 10-j\u00e4hrigen die Pubert\u00e4t beginnt. Und dann sind andere Dinge wichtig.<br \/>\nChorknabe, WO, 5.6.2016<br \/>\n.<br \/>\n<strong>Facharbeitermangel: Warum Syrer, nicht aber deutsche und Arbeitslose aus I-ES-P-GR?<\/strong><br \/>\nDie alles entscheidende Frage stellt nicht mal Gauland und das verstehe ich nicht. Es w\u00e4re so einfach Herrn Maas zu kontern mit seiner Aussage: Ungebildete kann man bilden. Maas behauptet, da\u00df wir ein paar Millionen Zuwanderer ben\u00f6tigen, um dem Arbeitskr\u00e4ftemangel bzw. Fachkr\u00e4ftemangel in den n\u00e4chsten Jahren zu begegnen. Die einfache Frage lautet: Wenn man diese Fachkr\u00e4fte so dringend ben\u00f6tigt, warum nimmt man dann ausgerechnet jene Gruppen auf, die mit Abstand die schlechtesten Voraussetzungen daf\u00fcr haben? Es vergehen Jahre, wenn es denn \u00fcberhaupt funktioniert, bis all die jungen M\u00e4nner zwischen 18-25 Jahren, die bereits im Land sind, die deutsche Sprache komplett beherrschen, die Schule oder Ausbildung absolviert haben, so da\u00df sie dann mit zum Teil \u00e4lter als 30 Jahren \u00fcberhaupt ins Berufsleben einsteigen k\u00f6nnen. Immer unter der Voraussetzung, da\u00df es bei allen zu 100% Prozent funktioniert, was ich anhand vieler Berichte aus dem Ausland f\u00fcr v\u00f6llig ausgeschlossen halte.<br \/>\nIn der EU haben wir ca. 25 Millionen <a title=\"5 Mio junge Arbeitslose in EU\" href=\"https:\/\/www.freiburg-schwarzwald.de\/blog\/5-mio-junge-arbeitslose-in-eu\/\">Arbeitssuchende<\/a> und deutlich besser ausgebildete Menschen, die auch das europ\u00e4ische Wertesystem kennen. Die werden aber nicht heran gezogen. Das l\u00e4\u00dft f\u00fcr mich nur einen einzigen Schlu\u00df zu: Mit aller Macht sucht man Billig- und keine Facharbeitskr\u00e4fte.<br \/>\nGast10, WO, 5.6.2016<\/p>\n<p><strong>Fernseh-Tribunal gegen Gauland<\/strong><br \/>\nIch fand Gaulands \u00c4u\u00dferungen schon als sie in der FAZ standen absolut ungl\u00fccklich. Das Bild, was er in der Sendung abgegeben hat, war nicht gerade optimal. Abgesehen davon teile ich aber seinen Aussagen, die er in der Show get\u00e4tigt hat. Anne Will fiel mir im \u00dcbrigen sehr negativ auf. Sie wollte aus ihrer Talkshow ein Tribunal machen, in dem Gauland und die AfD auf der Anklagebank sa\u00dfen. Das konnte man \u00fcber die gesamte Zeit deutlich merken. Sie fiel au\u00dferdem auch gegen\u00fcber Prof. Patzelt mit Schwarz-Wei\u00df-Fragen auf, die jegliche Differenzierung vermissen lie\u00dfen. Sie wollte ihn mit einsch\u00fcchternden Fragen in die AfD-Ecke schieben &#8211; ganz nach dem Motto: Wer nicht f\u00fcr uns ist, ist gegen uns. Wen ich mit &#8222;uns&#8220; meine, f\u00fchre ich nicht weiter aus.<br \/>\nKarl Hungus<br \/>\n.<br \/>\n<strong>61% der D: Islam geh\u00f6rt nicht zur EU<\/strong><br \/>\nDas Thema wurde bei Anne Will wieder zu 100% verfehlt. Daran \u00e4ndern auch die vielen Peinlichkeiten des Herrn Gauland nichts. Die Moderatorin hatte 2 Graphiken zum Thema vorbereitet (37% wollen keine muslimische Zuwanderung) und viele lange Gauland-Videos &#8230; was ihre Intention belegt Zum Thema: f\u00fcr 61% der D geh\u00f6rt der Islam nicht zur westlichen Welt, 57% empfinden den Islam als bedrohlich, 40% f\u00fchlen sich durch Muslime wie Fremde im eigenen Land (lt.Religionsmonitor 2015 d.Bertelsmann-Stiftung) und 50% der D wollen keine T\u00fcrken als Nachbarn haben (lt. Antidiskriminierungsstelle des Bundes). Solche Zahlen werden bewusst im \u00d6R nicht dargestellt und im Detail behandelt. Man will statt dessen das Thema &#8222;Fremdenfeindlichkeit&#8220; \/ &#8222;Ablehnung des Islam&#8220; usw. mit einer relativ kleinen Gruppe (rund um die AfD) in Zusammenhang bringen. Die schweigende Mehrheit \u2013 im \u00d6R kommt vor allem eine lautstarke Gruppe zu Wort, bei der mehr als fraglich ist, ob sie wirklich f\u00fcr die Mehrheit steht (s. o.a. Zahlen)<br \/>\n5.6.2016, Alexander Bender, FO<br \/>\n.<br \/>\n<strong>Der Rassismus der vornehmen Gutmenschen, die ihre Kinder anderswo einschulen<\/strong><br \/>\nWarum Herr Maas die seit Tagen medial gebrandmarkten rassistischen \u00c4u\u00dferungen des Herrn Gauland, nicht justiziabel verfolgen lie\u00df, blieb unklar. Dabei w\u00e4re der allgegenw\u00e4rtige Rassismus derjenigen, die weder M\u00fche noch Mittel scheuen, damit ihre kleinen KronprinZ*innen auf keinen Fall in den Genuss der multiethnischen, multikulturellen, multireligi\u00f6sen Mentalit\u00e4ten auf einer dieser schicken Brennpunktschulen kommen k\u00f6nnen, sondern dieses gro\u00dfz\u00fcgig den Schantalles und den Kevins Deutschlands \u00fcberlassen bzw. Himmel und H\u00f6lle in Bewegung setzen, damit sich eben keine der lebensfrohen und einer schlagkr\u00e4ftigen Diskussionskultur fr\u00f6hnende Gro\u00dffamilien in ihrer Nachbarschaft ansiedeln.<br \/>\nAngela Hoppe, FO<br \/>\n.<br \/>\n<strong>Anne Will: Tribunal \u00fcber Gauland<\/strong><br \/>\nEine Gespr\u00e4ch, wie Ethnien, Kulturen und Religionen zusammenleben k\u00f6nnten und warum das meist in Misstrauen und Gewalt m\u00fcndet, h\u00e4tte viele interessiert. Erwartet und bekommen haben wir ein einseitiges Tribunal \u00fcber Herrn Gauland und die AfD. Es merken immer mehr B\u00fcrger, dass die \u00dcberbev\u00f6lkerung Afrikas nicht durch Auswandern nach Deutschland zu l\u00f6sen ist, dass allzuviele der nun Angekommenen dauerhaft Sozialf\u00e4lle bleiben werden, dass sich der Islam vielerorts in seiner politischen, das gesamte Leben bestimmenden Richtung breitmacht, dass unser abendl\u00e4ndisches, aufgekl\u00e4rtes Zusammenleben ebenso wie unser Wohlstand nicht f\u00fcr alle Zeiten gesichert sondern st\u00e4ndig neu erabeitet und gestaltet werden m\u00fcssen. Schade, dass die etablierten Institutionen so versagen bei der Bew\u00e4ltigung eines Riesenproblems, das durch Angela Merkels Fehlentscheidungen und Rechtsbr\u00fcche im letzen Jahr akut wurde.<br \/>\n5.6.2016, Gerhard Rode, FO<br \/>\n.<br \/>\n<strong>Armselige FAZ betreibt das Gesch\u00e4ft der AFD<\/strong><br \/>\nGestern abend wiederholte Herr Maas das Narrativ, da\u00df die AfD steile Thesen verbreite, um sie dann wieder zur\u00fcckzurudern. Tats\u00e4chlich war aber der Boateng-Satz nicht zur Ver\u00f6ffentlichung gedacht und wurde in einer FAS-Interpretation (O-Ton Herr Lohse gestern abend) auf den Markt geworfen. Maas qualifizierte den Satz, da\u00df die Leute nicht neben Boateng wohnen wollen, gleich als rassistisch. Tats\u00e4chlich hat aber der Bundestag ein Antidiskriminierungsgesetz erlassen, weil Farbige Probleme bei der Wohnungssuche haben und offensichtlich die Leute nicht neben Farbigen wohnen wollen. Ist der Bundestag jetzt auch rassistisch? Auch trat der Satz &#8222;Heute sind wir tolerant, morgen fremd im eigenen Land&#8220; gem\u00e4\u00df FAS um 2000 auf und wurde 2010 von einer Nazi-Band verwendet. Vor Hitler gab es Vegetarier, Hitler war Vegetarier, sind Vegetarier jetzt Hitler? Ich bin entsetzt, wie skurril das Establishment auf die AfD reagiert. M.E zerlegt es sich selbst und betreibt das Gesch\u00e4ft der AfD.<br \/>\n6.6.2016, Dr. Oliver Strebel, FO<br \/>\n.<br \/>\n<strong>Unehrlichkeit von FAZ, Maas und Anne Will<\/strong><br \/>\nIch habe selten so viel intellektuelle Unehrichkeit gesehen und gehoert wie dieses Mal. Argumente wurden kunterbunt herbeigezogen, wie man es gerade brauchte. Was sollte man von Gauland erwarten? Das Uebliche. Aber dass sich Lohse und Maas derartig blamierten, war erstaunlich. Wie kann ein serioeser Journalist eine Feststellung umformulieren in &#8222;Gauland beleidigt Boateng&#8220;? Das war intellektuell unehrlich. Und Heiko Maas glaubt wirklich, dass alle Fluechtlinge integrierbar sind und bilanzpositiv am kulturellen und wirtschaftlichen Leben teilnehmen wenn man sie nur ausbildet? Ja, natuerlich! Auch der ziemlich grossen Anteil der Analphabeten. Und die Basler Forscherin schwafelte meisterlich (Deutschland als rassistisches Land der EU). Und was lernen wir daraus? Es scheint, die &#8222;Volksparteien&#8220; haben immer noch nichts verstanden. Fuer mich waren es klare Anzeichen von Panik, was da geboten wurde. Wenn sie so weitermachen mit der Realitaetsverweigerung, dann wird die AfD bald bei 25% liegen, mit ansteigender Tendenz. Jaemmerlich!<br \/>\nWerner Graf, FO<\/p>\n<p><strong>Migrationsforscherin Ayata erkl\u00e4rt die Deutschen zu Rassisten<\/strong><br \/>\nIch empfand diese vom deutschen Steuerzahler finanzierte Soziologin, Frau Bilgin Ayata als anma\u00dfend und nicht friedensstiftend. Zum einen sind ihre Eltern, vermutlich aus der T\u00fcrkei, hier eingewandert, weil sie in der t\u00fcrkischen Gesellschaft, keine Chancen hatten. Die Tochter bekam hier, in einer deutschen Mehrheitsgesellschaft, alle nur erdenklichen Chancen, machte ihr Abitur, durfte studieren und ging dann nach Kanada und USA, studierte dort weiter, um dann eine dieser typischen Karrieren als Professorin zu machen. Warum klagt sie nun diese deutsche Gesellschaft derart an?<br \/>\nNobel, AO<br \/>\n<a href=\"https:\/\/daserste.ndr.de\/annewill\/archiv\/Forum-Guter-Nachbar-schlechter-Nachbar-Wie-rassistisch-ist-Deutschland,diskussionrassismus100.html\">https:\/\/daserste.ndr.de\/annewill\/archiv\/Forum-Guter-Nachbar-schlechter-Nachbar-Wie-rassistisch-ist-Deutschland,diskussionrassismus100.html<br \/>\n<\/a>\u00a0 \u00a0.<br \/>\n<strong>Millionenfache Einwanderung war und ist weiter nicht legitimiert<\/strong><br \/>\nBisweilen redet sich Gauland um Kopf und Kragen, und wird somit zur personifizierten Definition von Tragik: In seiner Grundhaltung durchaus im recht, in seinen \u00c4u\u00dferungen oftmals an der Grenze des Ertr\u00e4glichen (oder dar\u00fcber hinaus). Weitgehend unwidersprochen ist, da\u00df Merkels Kurs diesem Land ungefragt (und somit nicht demokratisch legitimiert) eine rasante, millionenfache und kulturfremde Einwanderung brachte, die dann eben zwangsl\u00e4ufig mit Problemen einhergeht. Dies konnte (der sowohl wissenschaftlich wie rhetorisch wie immer brilliante) Patzelt in nur einem Satz belegen. Bemerkenswert war die beil\u00e4ufige Neuauslegung des Asylrechts durch den Justiz(!)minister: Er versteht es offenbar als Bleiberecht mit der Obligation zu Ausbildung &amp; Integration. Ayatas Argumentation griff wenig bis gar nicht; die stark zunehmenden Vorbehalte gegen weitere Zuwanderung sind durch schlechten Erfahrungen,nicht durch Rassismus begr\u00fcndet &#8211; welcher \u00fcbrigens und wie sooft mit Chauvinismus verwechselt wurde.<br \/>\n6.6.2016, Christian Lipski, FO<\/p>\n<p>.<\/p>\n<p><strong>Vorverurteilung: Anne Will fragt nicht OB, sondern WIE rassistisch ist Deutschland?<\/strong><br \/>\nUnd am Montag Abend talkte Deutschlands erste \u201eSchattenkanzlerin\u201c Madame Anne Will nach der FAZ-Gauland-Boateng-Aff\u00e4re von letzter Woche mit Alexander Gauland, Heiko Maas, den FAZ-Journalisten Eckart Lohse und anderen \u00fcber die Frage \u201eWie rassistisch ist Deutschland?\u201d Und lieferte damit die Antwort vorne weg, dass Deutschland latent ziemlich rassistisch ist, gemeint war sicher, dass die eine H\u00e4lfte der Deutschen doppelt rassistisch ist und die andere, gar nicht rassistisch, den Rassismus der B\u00f6smenschen heldenhaft bek\u00e4mpft, zum Beispiel durch Talkerei. Immerhin: Die Frage hei\u00dft nicht OB, sondern WIE rassistisch ist Deutschland? &#8230;<br \/>\nAlles vom 6.6.2016 auf<br \/>\n<a href=\"https:\/\/www.rolandtichy.de\/kolumnen\/bettina-roehl-direkt\/wie-rassistische-ist-deutschland\/\">https:\/\/www.rolandtichy.de\/kolumnen\/bettina-roehl-direkt\/wie-rassistische-ist-deutschland\/<\/a><\/p>\n<p><strong>Der Rassist (gegen Migration + Islam) ist der neue Nazi<\/strong><br \/>\nDie Migrationsforscherin Bilgin Ayata sagt, wir verharmlosen alle den Rassismus. Weil, wer den Islam kritisiert oder auch nur die Einwanderung in Frage stellt, ist auch ein Rassist. Der Rassist ist der neue Nazi. Er hilft, jede unerw\u00fcnschte Kritik stumm zu machen. &#8230; Alles vom 6.6.2016 auf<br \/>\n<a href=\"https:\/\/www.rolandtichy.de\/feuilleton\/medien\/anne-will-heiko-der-hetzer-hetzer-im-schafspelz\">https:\/\/www.rolandtichy.de\/feuilleton\/medien\/anne-will-heiko-der-hetzer-hetzer-im-schafspelz<\/a><\/p>\n<p><strong>Digitalisierung 4.0 bel\u00e4\u00dft Migranten arbeitslos<\/strong><br \/>\nDie OECD hat in einer Studie in 2015 zu den Folgen der Digitalisierung des Berufslebens festgestellt, dass bis zu 40% der heute existenten Arbeitspl\u00e4tze durch Digitalisierung wegfallen, sogar Berufe, f\u00fcr die Fachkr\u00e4fte gebraucht werden! Der Fachkr\u00e4ftemangel, wenn es ihn denn \u00fcberhaupt gibt, wird also von alleine geringer werden. Da besonders einfacher gestrickte Berufe leicht digitalisierbar sind, betrifft dies in besonderem Ma\u00dfe diejenigen Arbeitspl\u00e4tze, die Migranten einnehmen. Von dieser Sorte holen wir uns jedoch immer mehr ins Land.<\/p>\n<p><strong>Jugendarbeitslosigkeit in der EU hat das nachsehen<\/strong><br \/>\nZum zweiten wei\u00df Maas nicht oder will es nicht wissen, dass seine Simpelformel \u201cdie Einwanderer einfach auszubilden\u201d v\u00f6llig irrsinnig ist, da sie viele Migranten betrifft, die 25 sind, zum Teil analphabetisch sind und kein deutsch sprechen. Bis diese Leute bei sogar vorhandener Qualifikation sprachlich so weit ausgebildet sind, dass der Arbeitsmarkt sie akzeptiert, vergehen 7 \u2013 8 Jahre (nach Erfahrungen aus Schweden), ohne berufliche Qualifikation vergehen jedoch 10 \u2013 15 Jahre. Das hei\u00dft, diese Leute sind dann in einem Alter, in dem es ihnen schon schwerf\u00e4llt, eigene ausreichende Rentenanspr\u00fcche zu erwerben, geschweige denn unsere Rentenfinanzierungsl\u00fccke zu f\u00fcllen! Wissen Sie, wie lange es dauern wird, bis ein 20 j\u00e4hriger Analphabet bis zum Ingenieur mit vertragssicheren Deutsch ausgebildet wird, Herr Maas? Offensichtlich nicht! Fragen Sie doch mal Frau Nahles! Wir haben selber gen\u00fcgend Jugendliche, die nicht so gef\u00f6rdert werden und vergeblich einen Arbeitsplatz suchen. Und die sprechen deutsch! Wo bleibt da die Subsidiarit\u00e4t? Das vorher Gesagte zusammengenommen ergibt ein Problem enormer Sprengkraft, bis hin zum B\u00fcrgerkrieg!<br \/>\n6.6.2016, Cornelius Angermann, TO<\/p>\n<p><strong>Ayata: Wer gegen Islam-Einwanderung ist, ist ein Rassist als der neue Nazi<\/strong><br \/>\nBilgin Ayata, geb. in Ulm, Politikwissenschaftlerin, Mitgr\u00fcnderin des \u201dDie Unm\u00fcndigen e.V.\u201d scheint eine neue? Form einer Hasspredigerin darzustellen. Zumindest der Nachtrag in obigem Artikel: wer den Islam kritisiert oder auch nur die Einwanderung in Frage stellt, ist auch ein Rassist. Der Rassist ist der neue Nazi, deutet darauf hin. Starker Tobak. Das ein Moslem den Islam nicht kritisieren darf, wissen wohl inzwischen die Meisten, das ist in diesem Glauben begr\u00fcndet und ob er sich daran h\u00e4lt, ist Privatsache. Alle Anderen d\u00fcrfen kritisieren was sie wollen, wenn es bei der Kritik bleibt, siehe Grundgesetz. Einwanderung haben wir noch nicht wirklich, es sind doch alles Kriegsfl\u00fcchtlinge, oder nicht? Besonders die Kurden, die vor den t\u00fcrkischen Luftangriffen fliehen und dann als unerw\u00fcnschte Fl\u00fcchtlinge nach Europa weitergeleitet werden. Auch so kann man unerw\u00fcnschte Bewohner vertreiben. Diese Politikwissenschaftlerin hat schnell gelernt mit Totschlagsargumenten umzugehen. Alle Achtung, diese Argumentation sagt einiges \u00fcber sie selbst aus.<br \/>\nDie deutsche Mehrheitsgesellschaft soll den Mund halten, alles akzeptieren und bezahlen, ansonsten sind sie Nazis. Das ist rassistisch, anma\u00dfend und beleidigend. Da denkt man wohl, man k\u00f6nne auf den Zug, die Deutschen m\u00fcssen umerzogen werden, aufspringen. Dieser Zug ist abgefahren! Diese Medizin hat man in den letzten 7 Jahrzehnten zur Gen\u00fcge gekostet, verkauft als Moral, entlarvt als Macht. Wir m\u00fcssen nicht andere Menschen werden, wir m\u00fcssen uns auf unsere positiven Werte besinnen. &#8230;.<br \/>\n\u00c4rger machte die Migrationsforscherin, die hartn\u00e4ckig Deutschland ein massives Rassismusproblem unterstellte, wobei sie den Rassismusbegriff noch gef\u00e4llig umdeutete, damit er auch auf Islamkritik angewandt werden kann.<br \/>\n6.6.2016, Renate Schneider<br \/>\n.<\/p>\n<p><strong>FAZ-Journalisten gaben den Namen Boateng vor<\/strong><br \/>\nHeute r\u00e4umt die FAZ sogar ein, dass es ihre Redakteure waren, die den Namen Boateng ins Gespr\u00e4ch eingef\u00fchrt haben. &#8222;Beim Thema Fremdsein sei Gauland gefragt worden, \u201ewie es denn mit Herrn Boateng zum Beispiel sei.\u201c \u201eUnd dann hat er die Antwort gegeben, die er gegeben hat, und die wir ver\u00f6ffentlicht haben.\u201c<br \/>\n<a href=\"https:\/\/www.faz.net\/aktuell\/politik\/inland\/aeusserungen-ueber-boateng-gauland-rechtfertigt-sich-in-rundmail-an-afd-mitglieder-14261212.html\">https:\/\/www.faz.net\/aktuell\/politik\/inland\/aeusserungen-ueber-boateng-gauland-rechtfertigt-sich-in-rundmail-an-afd-mitglieder-14261212.html<\/a><\/p>\n<p>Die Redakteure haben in einem allgemein gehaltenen Gespr\u00e4ch \u00fcber Fremdsein die Person Boateng heran gezogen, damit Gauland seine allgemeinen Ausf\u00fchrungen anhand des Fu\u00dfballspielers verdeutlichen sollte. Was er auch gemacht hat. Und dann machen diese Redakteure aus der Konkretisierung in ihrer \u00dcberschrift eine Beleidigung. Ich kann mich mit der These ohne weiteres identifizieren, dass der Name Boateng, in einen Zusammenhang mit Fremdsein gesetzt, rassistisch und beleidigend ist. Allerdings sind dann in erster Linie die FAZ-Redakteure die Rassisten und Beleidiger, denn sie waren es, die diesen Zusammenhang hergestellt haben, w\u00e4hrend Gauland ihn nur nicht zur\u00fcckgewiesen, sondern bekr\u00e4ftigt hat.<br \/>\n31.5.2016, R.Brombach<br \/>\n.<br \/>\n<a href=\"https:\/\/www.rolandtichy.de\/daili-es-sentials\/update-fall-gauland-oder-faz\">https:\/\/www.rolandtichy.de\/daili-es-sentials\/update-fall-gauland-oder-faz<\/a>\/<\/p>\n<p><strong>Auch FAZ und FAS machen Fehler<\/strong><br \/>\nDass die Kollegen der &#8222;FAS&#8220; aus einem Gespr\u00e4ch zitieren, das wom\u00f6glich ein Hintergrundgespr\u00e4ch (so Gauland), wom\u00f6glich nur teilweise ein Hintergrundgespr\u00e4ch (so die &#8222;FAS&#8220;), aber mit Sicherheit kein offizielles Interview war, ohne dies Gauland mitzuteilen und das Zitat zur Autorisierung vorzulegen, war ein Fehler, geschuldet dem Eifer, den Biedermann blo\u00dfzustellen. Dieser Eifer zeigt sich auch in dem falschen Zitat, das die &#8222;FAS&#8220; dem AfD-Politiker Bj\u00f6rn H\u00f6cke in den Mund legte und sp\u00e4ter stillschweigend aus der Onlinefassung des Artikels entfernte: Nicht H\u00f6cke, sondern seine Th\u00fcringer AfD-Landtagskollegin Wiebke Muhsal hat Kirchenfunktion\u00e4re einmal als &#8222;verrottet&#8220; bezeichnet. &#8230;.<br \/>\n5.2016<br \/>\n<a href=\"https:\/\/www.welt.de\/debatte\/kommentare\/article155952495\/Bei-Gauland-hat-die-FAS-Fehler-gemacht.html\">https:\/\/www.welt.de\/debatte\/kommentare\/article155952495\/Bei-Gauland-hat-die-FAS-Fehler-gemacht.html<\/a><\/p>\n","protected":false},"excerpt":{"rendered":"<p>Anne Will zeigte am 5.6.2016, dass es nach dem ZDF (ignoriert K\u00f6ln) auch in der ARD keine Diskussionskultur mehr gibt, und machte den Talk\u00a0zum Tribunal gegen einen \u00fcberforderten 75j\u00e4hrigen Gauland:\u00a0Minister Maas will mit Syrern den Fachkr\u00e4ftemangel beheben. Lohse offenbarte, dass &hellip; <a href=\"https:\/\/www.freiburg-schwarzwald.de\/blog\/boateng-gauland-anne-will\/\">Weiterlesen <span class=\"meta-nav\">&rarr;<\/span><\/a><\/p>\n","protected":false},"author":2,"featured_media":0,"comment_status":"open","ping_status":"closed","sticky":false,"template":"","format":"standard","meta":{"footnotes":""},"categories":[18,195,155,13,80],"tags":[382,485,626,525,595,438],"class_list":["post-61133","post","type-post","status-publish","format-standard","hentry","category-bildung","category-eu","category-integration","category-kultur","category-medien","tag-arbeit-working","tag-refugee","tag-partei","tag-politik","tag-schwarzarbeit","tag-zeitung"],"_links":{"self":[{"href":"https:\/\/www.freiburg-schwarzwald.de\/blog\/wp-json\/wp\/v2\/posts\/61133","targetHints":{"allow":["GET"]}}],"collection":[{"href":"https:\/\/www.freiburg-schwarzwald.de\/blog\/wp-json\/wp\/v2\/posts"}],"about":[{"href":"https:\/\/www.freiburg-schwarzwald.de\/blog\/wp-json\/wp\/v2\/types\/post"}],"author":[{"embeddable":true,"href":"https:\/\/www.freiburg-schwarzwald.de\/blog\/wp-json\/wp\/v2\/users\/2"}],"replies":[{"embeddable":true,"href":"https:\/\/www.freiburg-schwarzwald.de\/blog\/wp-json\/wp\/v2\/comments?post=61133"}],"version-history":[{"count":0,"href":"https:\/\/www.freiburg-schwarzwald.de\/blog\/wp-json\/wp\/v2\/posts\/61133\/revisions"}],"wp:attachment":[{"href":"https:\/\/www.freiburg-schwarzwald.de\/blog\/wp-json\/wp\/v2\/media?parent=61133"}],"wp:term":[{"taxonomy":"category","embeddable":true,"href":"https:\/\/www.freiburg-schwarzwald.de\/blog\/wp-json\/wp\/v2\/categories?post=61133"},{"taxonomy":"post_tag","embeddable":true,"href":"https:\/\/www.freiburg-schwarzwald.de\/blog\/wp-json\/wp\/v2\/tags?post=61133"}],"curies":[{"name":"wp","href":"https:\/\/api.w.org\/{rel}","templated":true}]}}